{"id":86088,"date":"2022-02-02T23:36:03","date_gmt":"2022-02-02T23:36:03","guid":{"rendered":"http:\/\/10.200.87.50\/mppee\/?p=86088"},"modified":"2022-02-02T23:36:04","modified_gmt":"2022-02-02T23:36:04","slug":"firman-traspaso-para-nueva-sede-de-universidad-experimental-para-especialidades-electricas","status":"publish","type":"post","link":"https:\/\/mppee.gob.ve\/?p=86088","title":{"rendered":"Firman traspaso para nueva sede de Universidad Experimental para Especialidades El\u00e9ctricas"},"content":{"rendered":"<p style=\"text-align: justify;\"><img loading=\"lazy\" decoding=\"async\" class=\"size-medium wp-image-86096 alignleft\" src=\"http:\/\/10.200.87.50\/mppee\/wp-content\/uploads\/2022\/02\/WhatsApp-Image-2022-02-02-at-7.25.39-PM-300x200.jpeg\" alt=\"\" width=\"300\" height=\"200\" srcset=\"https:\/\/mppee.gob.ve\/wp-content\/uploads\/2022\/02\/WhatsApp-Image-2022-02-02-at-7.25.39-PM-300x200.jpeg 300w, https:\/\/mppee.gob.ve\/wp-content\/uploads\/2022\/02\/WhatsApp-Image-2022-02-02-at-7.25.39-PM-768x512.jpeg 768w, https:\/\/mppee.gob.ve\/wp-content\/uploads\/2022\/02\/WhatsApp-Image-2022-02-02-at-7.25.39-PM.jpeg 912w\" sizes=\"auto, (max-width: 300px) 100vw, 300px\" \/>El vicepresidente Sectorial de Obras P\u00fablicas y Servicios, G\/J N\u00e9stor Reverol, y la ministra del Poder Popular para el Servicio Penitenciario, Mirelys Contreras, firmaron este mi\u00e9rcoles el traspaso de espacios que ser\u00e1n utilizados como sede de la nueva Universidad Experimental para Especialidades El\u00e9ctricas que estar\u00e1 ubicada en el Guri, estado Bol\u00edvar.<\/p>\n<p style=\"text-align: justify;\">As\u00ed lo confirm\u00f3 a trav\u00e9s de su cuenta en la red social Instagram @reverolnestor, donde destac\u00f3 que <strong>\u201ciniciamos el camino para la edificaci\u00f3n y consolidaci\u00f3n de los procesos de educaci\u00f3n universitaria del sector el\u00e9ctrico, donde se ofertar\u00e1n carreras de pregrado, postgrado y doctorado en materia energ\u00e9tica\u201d.<\/strong><\/p>\n<p style=\"text-align: justify;\"><img loading=\"lazy\" decoding=\"async\" class=\"size-medium wp-image-86095 alignright\" src=\"http:\/\/10.200.87.50\/mppee\/wp-content\/uploads\/2022\/02\/WhatsApp-Image-2022-02-02-at-7.25.39-PM1-300x200.jpeg\" alt=\"\" width=\"300\" height=\"200\" srcset=\"https:\/\/mppee.gob.ve\/wp-content\/uploads\/2022\/02\/WhatsApp-Image-2022-02-02-at-7.25.39-PM1-300x200.jpeg 300w, https:\/\/mppee.gob.ve\/wp-content\/uploads\/2022\/02\/WhatsApp-Image-2022-02-02-at-7.25.39-PM1-768x512.jpeg 768w, https:\/\/mppee.gob.ve\/wp-content\/uploads\/2022\/02\/WhatsApp-Image-2022-02-02-at-7.25.39-PM1.jpeg 912w\" sizes=\"auto, (max-width: 300px) 100vw, 300px\" \/>El tambi\u00e9n titular del despacho de Energ\u00eda El\u00e9ctrica, record\u00f3 que el presidente de la Rep\u00fablica, Nicol\u00e1s Maduro, ha instruido brindar especial \u00e9nfasis en la formaci\u00f3n continua de la fuerza trabajadora de la industria, para optimizar el servicio el\u00e9ctrico en el pa\u00eds.<\/p>\n<p style=\"text-align: justify;\">El pasado mes de septiembre, el General en Jefe anunci\u00f3 la creaci\u00f3n de esta casa de estudios, que hoy se materializa con la firma de este traspaso para que el personal del sector se especialice en las diferentes \u00e1reas del Sistema El\u00e9ctrico Nacional.<\/p>\n<p style=\"text-align: justify;\"><strong>Prensa Vpsops<\/strong><\/p>\n<p><img loading=\"lazy\" decoding=\"async\" class=\"alignnone wp-image-86093 size-full\" src=\"http:\/\/10.200.87.50\/mppee\/wp-content\/uploads\/2022\/02\/WhatsApp-Image-2022-02-02-at-7.25.40-PM.jpeg\" alt=\"\" width=\"912\" height=\"608\" srcset=\"https:\/\/mppee.gob.ve\/wp-content\/uploads\/2022\/02\/WhatsApp-Image-2022-02-02-at-7.25.40-PM.jpeg 912w, https:\/\/mppee.gob.ve\/wp-content\/uploads\/2022\/02\/WhatsApp-Image-2022-02-02-at-7.25.40-PM-300x200.jpeg 300w, https:\/\/mppee.gob.ve\/wp-content\/uploads\/2022\/02\/WhatsApp-Image-2022-02-02-at-7.25.40-PM-768x512.jpeg 768w\" sizes=\"auto, (max-width: 912px) 100vw, 912px\" \/> <img loading=\"lazy\" decoding=\"async\" class=\"alignnone wp-image-86092 size-full\" src=\"http:\/\/10.200.87.50\/mppee\/wp-content\/uploads\/2022\/02\/WhatsApp-Image-2022-02-02-at-7.25.40-PM1.jpeg\" alt=\"\" width=\"1080\" height=\"914\" srcset=\"https:\/\/mppee.gob.ve\/wp-content\/uploads\/2022\/02\/WhatsApp-Image-2022-02-02-at-7.25.40-PM1.jpeg 1080w, https:\/\/mppee.gob.ve\/wp-content\/uploads\/2022\/02\/WhatsApp-Image-2022-02-02-at-7.25.40-PM1-300x254.jpeg 300w, https:\/\/mppee.gob.ve\/wp-content\/uploads\/2022\/02\/WhatsApp-Image-2022-02-02-at-7.25.40-PM1-1024x867.jpeg 1024w, https:\/\/mppee.gob.ve\/wp-content\/uploads\/2022\/02\/WhatsApp-Image-2022-02-02-at-7.25.40-PM1-768x650.jpeg 768w\" sizes=\"auto, (max-width: 1080px) 100vw, 1080px\" \/> <img loading=\"lazy\" decoding=\"async\" class=\"alignnone wp-image-86091 size-full\" src=\"http:\/\/10.200.87.50\/mppee\/wp-content\/uploads\/2022\/02\/WhatsApp-Image-2022-02-02-at-7.25.40-PM2.jpeg\" alt=\"\" width=\"912\" height=\"608\" srcset=\"https:\/\/mppee.gob.ve\/wp-content\/uploads\/2022\/02\/WhatsApp-Image-2022-02-02-at-7.25.40-PM2.jpeg 912w, https:\/\/mppee.gob.ve\/wp-content\/uploads\/2022\/02\/WhatsApp-Image-2022-02-02-at-7.25.40-PM2-300x200.jpeg 300w, https:\/\/mppee.gob.ve\/wp-content\/uploads\/2022\/02\/WhatsApp-Image-2022-02-02-at-7.25.40-PM2-768x512.jpeg 768w\" sizes=\"auto, (max-width: 912px) 100vw, 912px\" \/> <img loading=\"lazy\" decoding=\"async\" class=\"alignnone wp-image-86090 size-full\" src=\"http:\/\/10.200.87.50\/mppee\/wp-content\/uploads\/2022\/02\/WhatsApp-Image-2022-02-02-at-7.25.41-PM.jpeg\" alt=\"\" width=\"912\" height=\"608\" srcset=\"https:\/\/mppee.gob.ve\/wp-content\/uploads\/2022\/02\/WhatsApp-Image-2022-02-02-at-7.25.41-PM.jpeg 912w, https:\/\/mppee.gob.ve\/wp-content\/uploads\/2022\/02\/WhatsApp-Image-2022-02-02-at-7.25.41-PM-300x200.jpeg 300w, https:\/\/mppee.gob.ve\/wp-content\/uploads\/2022\/02\/WhatsApp-Image-2022-02-02-at-7.25.41-PM-768x512.jpeg 768w\" sizes=\"auto, (max-width: 912px) 100vw, 912px\" \/> <img loading=\"lazy\" decoding=\"async\" class=\"alignnone wp-image-86089 size-full\" src=\"http:\/\/10.200.87.50\/mppee\/wp-content\/uploads\/2022\/02\/WhatsApp-Image-2022-02-02-at-7.25.41-PM1.jpeg\" alt=\"\" width=\"912\" height=\"608\" srcset=\"https:\/\/mppee.gob.ve\/wp-content\/uploads\/2022\/02\/WhatsApp-Image-2022-02-02-at-7.25.41-PM1.jpeg 912w, https:\/\/mppee.gob.ve\/wp-content\/uploads\/2022\/02\/WhatsApp-Image-2022-02-02-at-7.25.41-PM1-300x200.jpeg 300w, https:\/\/mppee.gob.ve\/wp-content\/uploads\/2022\/02\/WhatsApp-Image-2022-02-02-at-7.25.41-PM1-768x512.jpeg 768w\" sizes=\"auto, (max-width: 912px) 100vw, 912px\" \/><\/p>\n","protected":false},"excerpt":{"rendered":"<p>El vicepresidente Sectorial de Obras P\u00fablicas y Servicios, G\/J N\u00e9stor Reverol, y la ministra del Poder Popular para el Servicio<\/p>\n","protected":false},"author":12,"featured_media":86094,"comment_status":"open","ping_status":"open","sticky":false,"template":"","format":"standard","meta":{"footnotes":""},"categories":[1],"tags":[11],"class_list":["post-86088","post","type-post","status-publish","format-standard","has-post-thumbnail","hentry","category-mppee","tag-mppee"],"_links":{"self":[{"href":"https:\/\/mppee.gob.ve\/index.php?rest_route=\/wp\/v2\/posts\/86088","targetHints":{"allow":["GET"]}}],"collection":[{"href":"https:\/\/mppee.gob.ve\/index.php?rest_route=\/wp\/v2\/posts"}],"about":[{"href":"https:\/\/mppee.gob.ve\/index.php?rest_route=\/wp\/v2\/types\/post"}],"author":[{"embeddable":true,"href":"https:\/\/mppee.gob.ve\/index.php?rest_route=\/wp\/v2\/users\/12"}],"replies":[{"embeddable":true,"href":"https:\/\/mppee.gob.ve\/index.php?rest_route=%2Fwp%2Fv2%2Fcomments&post=86088"}],"version-history":[{"count":1,"href":"https:\/\/mppee.gob.ve\/index.php?rest_route=\/wp\/v2\/posts\/86088\/revisions"}],"predecessor-version":[{"id":86097,"href":"https:\/\/mppee.gob.ve\/index.php?rest_route=\/wp\/v2\/posts\/86088\/revisions\/86097"}],"wp:featuredmedia":[{"embeddable":true,"href":"https:\/\/mppee.gob.ve\/index.php?rest_route=\/wp\/v2\/media\/86094"}],"wp:attachment":[{"href":"https:\/\/mppee.gob.ve\/index.php?rest_route=%2Fwp%2Fv2%2Fmedia&parent=86088"}],"wp:term":[{"taxonomy":"category","embeddable":true,"href":"https:\/\/mppee.gob.ve\/index.php?rest_route=%2Fwp%2Fv2%2Fcategories&post=86088"},{"taxonomy":"post_tag","embeddable":true,"href":"https:\/\/mppee.gob.ve\/index.php?rest_route=%2Fwp%2Fv2%2Ftags&post=86088"}],"curies":[{"name":"wp","href":"https:\/\/api.w.org\/{rel}","templated":true}]}}