{"id":86105,"date":"2022-02-03T01:21:43","date_gmt":"2022-02-03T01:21:43","guid":{"rendered":"http:\/\/10.200.87.50\/mppee\/?p=86105"},"modified":"2022-02-03T01:21:44","modified_gmt":"2022-02-03T01:21:44","slug":"desarrollaran-primer-congreso-nacional-de-los-servicios-publicos-en-el-pais","status":"publish","type":"post","link":"https:\/\/mppee.gob.ve\/?p=86105","title":{"rendered":"Desarrollar\u00e1n Primer Congreso Nacional de los Servicios P\u00fablicos en el pa\u00eds"},"content":{"rendered":"<p style=\"text-align: justify;\"><img loading=\"lazy\" decoding=\"async\" class=\"size-medium wp-image-86110 alignleft\" src=\"http:\/\/10.200.87.50\/mppee\/wp-content\/uploads\/2022\/02\/WhatsApp-Image-2022-02-02-at-8.14.26-PM-300x200.jpeg\" alt=\"\" width=\"300\" height=\"200\" srcset=\"https:\/\/mppee.gob.ve\/wp-content\/uploads\/2022\/02\/WhatsApp-Image-2022-02-02-at-8.14.26-PM-300x200.jpeg 300w, https:\/\/mppee.gob.ve\/wp-content\/uploads\/2022\/02\/WhatsApp-Image-2022-02-02-at-8.14.26-PM-1024x683.jpeg 1024w, https:\/\/mppee.gob.ve\/wp-content\/uploads\/2022\/02\/WhatsApp-Image-2022-02-02-at-8.14.26-PM-768x512.jpeg 768w, https:\/\/mppee.gob.ve\/wp-content\/uploads\/2022\/02\/WhatsApp-Image-2022-02-02-at-8.14.26-PM.jpeg 1080w\" sizes=\"auto, (max-width: 300px) 100vw, 300px\" \/>Con el objetivo de fortalecer y optimizar los servicios de electricidad, agua potable, transporte, telecomunicaciones, gas y desechos s\u00f3lidos, el vicepresidente Sectorial de Obras P\u00fablicas y Servicios, G\/J N\u00e9stor Reverol, inform\u00f3 sobre la realizaci\u00f3n del Primer Congreso Nacional de los Servicios P\u00fablicos, que se desplegar\u00e1 en las 24 entidades del pa\u00eds.<\/p>\n<p style=\"text-align: justify;\"><strong>\u00abEste Congreso Nacional tendr\u00e1 como objetivo principal garantizar, a trav\u00e9s del parlamentarismo de calle un diagn\u00f3stico que nos permita la accesibilidad de los servicios p\u00fablicos, esquem\u00e1ticas los procesos de producci\u00f3n y distribuci\u00f3n para as\u00ed anteponernos a cualquier situaci\u00f3n que pueda perturbar la continuidad de los mismos en nuestras comunidades\u00bb<\/strong>, afirm\u00f3 a trav\u00e9s de una publicaci\u00f3n en su cuenta en la red social Instagram, @reverolnestor.<\/p>\n<p style=\"text-align: justify;\"><img loading=\"lazy\" decoding=\"async\" class=\"size-medium wp-image-86109 alignright\" src=\"http:\/\/10.200.87.50\/mppee\/wp-content\/uploads\/2022\/02\/WhatsApp-Image-2022-02-02-at-8.14.26-PM1-300x178.jpeg\" alt=\"\" width=\"300\" height=\"178\" srcset=\"https:\/\/mppee.gob.ve\/wp-content\/uploads\/2022\/02\/WhatsApp-Image-2022-02-02-at-8.14.26-PM1-300x178.jpeg 300w, https:\/\/mppee.gob.ve\/wp-content\/uploads\/2022\/02\/WhatsApp-Image-2022-02-02-at-8.14.26-PM1-768x456.jpeg 768w, https:\/\/mppee.gob.ve\/wp-content\/uploads\/2022\/02\/WhatsApp-Image-2022-02-02-at-8.14.26-PM1.jpeg 860w\" sizes=\"auto, (max-width: 300px) 100vw, 300px\" \/>El tambi\u00e9n titular del despacho de Energ\u00eda El\u00e9ctrica, indic\u00f3 que trabajan en la movilizaci\u00f3n de las fibras del tejido social para avanzar en la lucha por la gesti\u00f3n eficiente de los servicios p\u00fablicos y la gobernanza del Poder Popular.<\/p>\n<p style=\"text-align: justify;\">Finalmente, destac\u00f3 que ser\u00e1n revisados los proyectos a presentar ante el Consejo Federal de Gobierno, para establecer prioridades de forma territorializada para su optimizaci\u00f3n.<\/p>\n<p style=\"text-align: justify;\">\n<strong>Prensa Vpsops<\/strong><\/p>\n<p><img loading=\"lazy\" decoding=\"async\" class=\"alignnone wp-image-86108 size-full\" src=\"http:\/\/10.200.87.50\/mppee\/wp-content\/uploads\/2022\/02\/WhatsApp-Image-2022-02-02-at-8.14.27-PM.jpeg\" alt=\"\" width=\"1080\" height=\"720\" srcset=\"https:\/\/mppee.gob.ve\/wp-content\/uploads\/2022\/02\/WhatsApp-Image-2022-02-02-at-8.14.27-PM.jpeg 1080w, https:\/\/mppee.gob.ve\/wp-content\/uploads\/2022\/02\/WhatsApp-Image-2022-02-02-at-8.14.27-PM-300x200.jpeg 300w, https:\/\/mppee.gob.ve\/wp-content\/uploads\/2022\/02\/WhatsApp-Image-2022-02-02-at-8.14.27-PM-1024x683.jpeg 1024w, https:\/\/mppee.gob.ve\/wp-content\/uploads\/2022\/02\/WhatsApp-Image-2022-02-02-at-8.14.27-PM-768x512.jpeg 768w\" sizes=\"auto, (max-width: 1080px) 100vw, 1080px\" \/><\/p>\n<p><img loading=\"lazy\" decoding=\"async\" class=\"alignnone wp-image-86107 size-full\" src=\"http:\/\/10.200.87.50\/mppee\/wp-content\/uploads\/2022\/02\/WhatsApp-Image-2022-02-02-at-8.14.27-PM1.jpeg\" alt=\"\" width=\"1080\" height=\"720\" srcset=\"https:\/\/mppee.gob.ve\/wp-content\/uploads\/2022\/02\/WhatsApp-Image-2022-02-02-at-8.14.27-PM1.jpeg 1080w, https:\/\/mppee.gob.ve\/wp-content\/uploads\/2022\/02\/WhatsApp-Image-2022-02-02-at-8.14.27-PM1-300x200.jpeg 300w, https:\/\/mppee.gob.ve\/wp-content\/uploads\/2022\/02\/WhatsApp-Image-2022-02-02-at-8.14.27-PM1-1024x683.jpeg 1024w, https:\/\/mppee.gob.ve\/wp-content\/uploads\/2022\/02\/WhatsApp-Image-2022-02-02-at-8.14.27-PM1-768x512.jpeg 768w\" sizes=\"auto, (max-width: 1080px) 100vw, 1080px\" \/><\/p>\n<p><img loading=\"lazy\" decoding=\"async\" class=\"alignnone wp-image-86106 size-full\" src=\"http:\/\/10.200.87.50\/mppee\/wp-content\/uploads\/2022\/02\/WhatsApp-Image-2022-02-02-at-8.14.28-PM.jpeg\" alt=\"\" width=\"898\" height=\"603\" srcset=\"https:\/\/mppee.gob.ve\/wp-content\/uploads\/2022\/02\/WhatsApp-Image-2022-02-02-at-8.14.28-PM.jpeg 898w, https:\/\/mppee.gob.ve\/wp-content\/uploads\/2022\/02\/WhatsApp-Image-2022-02-02-at-8.14.28-PM-300x201.jpeg 300w, https:\/\/mppee.gob.ve\/wp-content\/uploads\/2022\/02\/WhatsApp-Image-2022-02-02-at-8.14.28-PM-768x516.jpeg 768w\" sizes=\"auto, (max-width: 898px) 100vw, 898px\" \/><\/p>\n","protected":false},"excerpt":{"rendered":"<p>Con el objetivo de fortalecer y optimizar los servicios de electricidad, agua potable, transporte, telecomunicaciones, gas y desechos s\u00f3lidos, el<\/p>\n","protected":false},"author":12,"featured_media":86107,"comment_status":"open","ping_status":"open","sticky":false,"template":"","format":"standard","meta":{"footnotes":""},"categories":[15],"tags":[11,327],"class_list":["post-86105","post","type-post","status-publish","format-standard","has-post-thumbnail","hentry","category-nacionales","tag-mppee","tag-vsops"],"_links":{"self":[{"href":"https:\/\/mppee.gob.ve\/index.php?rest_route=\/wp\/v2\/posts\/86105","targetHints":{"allow":["GET"]}}],"collection":[{"href":"https:\/\/mppee.gob.ve\/index.php?rest_route=\/wp\/v2\/posts"}],"about":[{"href":"https:\/\/mppee.gob.ve\/index.php?rest_route=\/wp\/v2\/types\/post"}],"author":[{"embeddable":true,"href":"https:\/\/mppee.gob.ve\/index.php?rest_route=\/wp\/v2\/users\/12"}],"replies":[{"embeddable":true,"href":"https:\/\/mppee.gob.ve\/index.php?rest_route=%2Fwp%2Fv2%2Fcomments&post=86105"}],"version-history":[{"count":1,"href":"https:\/\/mppee.gob.ve\/index.php?rest_route=\/wp\/v2\/posts\/86105\/revisions"}],"predecessor-version":[{"id":86111,"href":"https:\/\/mppee.gob.ve\/index.php?rest_route=\/wp\/v2\/posts\/86105\/revisions\/86111"}],"wp:featuredmedia":[{"embeddable":true,"href":"https:\/\/mppee.gob.ve\/index.php?rest_route=\/wp\/v2\/media\/86107"}],"wp:attachment":[{"href":"https:\/\/mppee.gob.ve\/index.php?rest_route=%2Fwp%2Fv2%2Fmedia&parent=86105"}],"wp:term":[{"taxonomy":"category","embeddable":true,"href":"https:\/\/mppee.gob.ve\/index.php?rest_route=%2Fwp%2Fv2%2Fcategories&post=86105"},{"taxonomy":"post_tag","embeddable":true,"href":"https:\/\/mppee.gob.ve\/index.php?rest_route=%2Fwp%2Fv2%2Ftags&post=86105"}],"curies":[{"name":"wp","href":"https:\/\/api.w.org\/{rel}","templated":true}]}}