{"id":86134,"date":"2022-02-04T23:58:13","date_gmt":"2022-02-04T23:58:13","guid":{"rendered":"http:\/\/10.200.87.50\/mppee\/?p=86134"},"modified":"2022-02-04T23:58:15","modified_gmt":"2022-02-04T23:58:15","slug":"celebran-30-anos-del-despertar-del-pueblo-revolucionario","status":"publish","type":"post","link":"https:\/\/mppee.gob.ve\/?p=86134","title":{"rendered":"Celebran 30 a\u00f1os del despertar del pueblo revolucionario"},"content":{"rendered":"<p style=\"text-align: justify;\">A 30 a\u00f1os de la gesta revolucionaria, liderada por el Comandante Hugo Ch\u00e1vez, el 4 de febrero de 1992, el vicepresidente Sectorial de Obras P\u00fablicas y Servicios, G\/J N\u00e9stor Reverol, record\u00f3 esta fecha como el d\u00eda del despertar del pueblo.<\/p>\n<p style=\"text-align: justify;\">A trav\u00e9s de una publicaci\u00f3n en su cuenta en la red social Instagram, @reverolnestor, expres\u00f3 que\u00a0<strong>\u201cla uni\u00f3n c\u00edvico-militar guiada por nuestro Comandante Supremo, l\u00edder de la Revoluci\u00f3n Bolivariana, Hugo Ch\u00e1vez y un grupo de compa\u00f1eros militares, dio inicio a la transformaci\u00f3n de Venezuela para su verdadera independencia y soberan\u00eda\u201d.<\/strong><\/p>\n<p style=\"text-align: justify;\">El tambi\u00e9n Ministro del Poder Popular para la Energ\u00eda El\u00e9ctrica, resalt\u00f3 que\u00a0la fecha reivindica a los hombres y mujeres que han luchado y mantienen vivo el esp\u00edritu patriota por el rescate de los valores bolivarianos.<\/p>\n<p style=\"text-align: justify;\"><strong>\u00abHoy celebramos\u00a0el \u00a1D\u00eda de la Dignidad Nacional, un por ahora, que se convirti\u00f3 en para siempre!\u00bb<\/strong>, finaliz\u00f3 el General en Jefe.<\/p>\n<p style=\"text-align: justify;\"><strong>Prensa Mppee<\/strong><\/p>\n","protected":false},"excerpt":{"rendered":"<p>A 30 a\u00f1os de la gesta revolucionaria, liderada por el Comandante Hugo Ch\u00e1vez, el 4 de febrero de 1992, el<\/p>\n","protected":false},"author":12,"featured_media":86135,"comment_status":"open","ping_status":"open","sticky":false,"template":"","format":"standard","meta":{"footnotes":""},"categories":[15],"tags":[],"class_list":["post-86134","post","type-post","status-publish","format-standard","has-post-thumbnail","hentry","category-nacionales"],"_links":{"self":[{"href":"https:\/\/mppee.gob.ve\/index.php?rest_route=\/wp\/v2\/posts\/86134","targetHints":{"allow":["GET"]}}],"collection":[{"href":"https:\/\/mppee.gob.ve\/index.php?rest_route=\/wp\/v2\/posts"}],"about":[{"href":"https:\/\/mppee.gob.ve\/index.php?rest_route=\/wp\/v2\/types\/post"}],"author":[{"embeddable":true,"href":"https:\/\/mppee.gob.ve\/index.php?rest_route=\/wp\/v2\/users\/12"}],"replies":[{"embeddable":true,"href":"https:\/\/mppee.gob.ve\/index.php?rest_route=%2Fwp%2Fv2%2Fcomments&post=86134"}],"version-history":[{"count":1,"href":"https:\/\/mppee.gob.ve\/index.php?rest_route=\/wp\/v2\/posts\/86134\/revisions"}],"predecessor-version":[{"id":86136,"href":"https:\/\/mppee.gob.ve\/index.php?rest_route=\/wp\/v2\/posts\/86134\/revisions\/86136"}],"wp:featuredmedia":[{"embeddable":true,"href":"https:\/\/mppee.gob.ve\/index.php?rest_route=\/wp\/v2\/media\/86135"}],"wp:attachment":[{"href":"https:\/\/mppee.gob.ve\/index.php?rest_route=%2Fwp%2Fv2%2Fmedia&parent=86134"}],"wp:term":[{"taxonomy":"category","embeddable":true,"href":"https:\/\/mppee.gob.ve\/index.php?rest_route=%2Fwp%2Fv2%2Fcategories&post=86134"},{"taxonomy":"post_tag","embeddable":true,"href":"https:\/\/mppee.gob.ve\/index.php?rest_route=%2Fwp%2Fv2%2Ftags&post=86134"}],"curies":[{"name":"wp","href":"https:\/\/api.w.org\/{rel}","templated":true}]}}