{"id":86158,"date":"2022-02-12T00:14:52","date_gmt":"2022-02-12T00:14:52","guid":{"rendered":"http:\/\/10.200.87.50\/mppee\/?p=86158"},"modified":"2022-02-12T00:14:53","modified_gmt":"2022-02-12T00:14:53","slug":"avanzan-planes-estrategicos-para-optimizar-el-servicio-electrico-en-anzoategui","status":"publish","type":"post","link":"https:\/\/mppee.gob.ve\/?p=86158","title":{"rendered":"Avanzan planes estrat\u00e9gicos para optimizar el servicio el\u00e9ctrico en Anzo\u00e1tegui"},"content":{"rendered":"<p style=\"text-align: justify;\"><img loading=\"lazy\" decoding=\"async\" class=\"size-medium wp-image-86165 alignleft\" src=\"http:\/\/10.200.87.50\/mppee\/wp-content\/uploads\/2022\/02\/Avanzan-planes-estrat\u00e9gicos-para-optimizar-el-servicio-el\u00e9ctrico-en-Anzo\u00e1tegui-7-300x169.jpg\" alt=\"\" width=\"300\" height=\"169\" srcset=\"https:\/\/mppee.gob.ve\/wp-content\/uploads\/2022\/02\/Avanzan-planes-estrat\u00e9gicos-para-optimizar-el-servicio-el\u00e9ctrico-en-Anzo\u00e1tegui-7-300x169.jpg 300w, https:\/\/mppee.gob.ve\/wp-content\/uploads\/2022\/02\/Avanzan-planes-estrat\u00e9gicos-para-optimizar-el-servicio-el\u00e9ctrico-en-Anzo\u00e1tegui-7-768x432.jpg 768w, https:\/\/mppee.gob.ve\/wp-content\/uploads\/2022\/02\/Avanzan-planes-estrat\u00e9gicos-para-optimizar-el-servicio-el\u00e9ctrico-en-Anzo\u00e1tegui-7.jpg 1008w\" sizes=\"auto, (max-width: 300px) 100vw, 300px\" \/>El vicepresidente Sectorial de Obras P\u00fablicas y Servicios, G\/J N\u00e9stor Reverol, evalu\u00f3 junto al gobernador del estado Anzo\u00e1tegui, Luis Jos\u00e9 Marcano y representantes de la Corporaci\u00f3n El\u00e9ctrica Nacional (Corpoelec), los planes estrat\u00e9gicos para dar respuesta oportuna a las necesidades de los usuarios del servicio.<\/p>\n<p><strong>\u201cLas medidas incluyen la continuidad en la dotaci\u00f3n de transformadores, a objeto de reducir progresivamente la demanda y elevar la capacidad instalada en las comunidades; adem\u00e1s de aumentar el nivel de recaudaci\u00f3n en la entidad que permita contar con insumos para atender los requerimientos del sistema\u201d<\/strong>, inform\u00f3 mediante una publicaci\u00f3n en la red social Instagram @reverolnestor.<\/p>\n<p><img loading=\"lazy\" decoding=\"async\" class=\"size-medium wp-image-86164 alignright\" src=\"http:\/\/10.200.87.50\/mppee\/wp-content\/uploads\/2022\/02\/Avanzan-planes-estrat\u00e9gicos-para-optimizar-el-servicio-el\u00e9ctrico-en-Anzo\u00e1tegui-6-300x169.jpg\" alt=\"\" width=\"300\" height=\"169\" srcset=\"https:\/\/mppee.gob.ve\/wp-content\/uploads\/2022\/02\/Avanzan-planes-estrat\u00e9gicos-para-optimizar-el-servicio-el\u00e9ctrico-en-Anzo\u00e1tegui-6-300x169.jpg 300w, https:\/\/mppee.gob.ve\/wp-content\/uploads\/2022\/02\/Avanzan-planes-estrat\u00e9gicos-para-optimizar-el-servicio-el\u00e9ctrico-en-Anzo\u00e1tegui-6-768x432.jpg 768w, https:\/\/mppee.gob.ve\/wp-content\/uploads\/2022\/02\/Avanzan-planes-estrat\u00e9gicos-para-optimizar-el-servicio-el\u00e9ctrico-en-Anzo\u00e1tegui-6.jpg 1008w\" sizes=\"auto, (max-width: 300px) 100vw, 300px\" \/>En materia de seguridad en las subestaciones el\u00e9ctricas, precis\u00f3 <strong>\u201creforzaremos la articulaci\u00f3n conjunta entre la FANB, los cuerpos de seguridad ciudadana y la Gerencia de Prevenci\u00f3n y Protecci\u00f3n, para que juntos a la participaci\u00f3n del Poder Popular Organizado continuemos protegiendo el SEN\u201d.<\/strong><\/p>\n<p>Asimismo, el tambi\u00e9n ministro del Poder Popular para la Energ\u00eda El\u00e9ctrica, indic\u00f3 que la Gerencia de Ambiente, Seguridad e Higiene Ocupacional, con los Cuerpos de Bomberos locales, estar\u00e1n atentos ante cualquier eventualidad enlazados con la Sala Situacional contra la Guerra El\u00e9ctrica.<\/p>\n<p><strong>\u00abSeguimos avanzando en la consolidaci\u00f3n de un Sistema El\u00e9ctrico Nacional, estable y confiable en nuestras regiones del pa\u00eds\u00bb<\/strong>, enfatiz\u00f3 el General en Jefe.<\/p>\n<p><strong>Prensa Vsops<\/strong><\/p>\n<p><img loading=\"lazy\" decoding=\"async\" class=\"alignnone wp-image-86162 size-full\" src=\"http:\/\/10.200.87.50\/mppee\/wp-content\/uploads\/2022\/02\/Avanzan-planes-estrat\u00e9gicos-para-optimizar-el-servicio-el\u00e9ctrico-en-Anzo\u00e1tegui-4.jpg\" alt=\"\" width=\"1008\" height=\"567\" srcset=\"https:\/\/mppee.gob.ve\/wp-content\/uploads\/2022\/02\/Avanzan-planes-estrat\u00e9gicos-para-optimizar-el-servicio-el\u00e9ctrico-en-Anzo\u00e1tegui-4.jpg 1008w, https:\/\/mppee.gob.ve\/wp-content\/uploads\/2022\/02\/Avanzan-planes-estrat\u00e9gicos-para-optimizar-el-servicio-el\u00e9ctrico-en-Anzo\u00e1tegui-4-300x169.jpg 300w, https:\/\/mppee.gob.ve\/wp-content\/uploads\/2022\/02\/Avanzan-planes-estrat\u00e9gicos-para-optimizar-el-servicio-el\u00e9ctrico-en-Anzo\u00e1tegui-4-768x432.jpg 768w\" sizes=\"auto, (max-width: 1008px) 100vw, 1008px\" \/> <img loading=\"lazy\" decoding=\"async\" class=\"alignnone wp-image-86161 size-full\" src=\"http:\/\/10.200.87.50\/mppee\/wp-content\/uploads\/2022\/02\/Avanzan-planes-estrat\u00e9gicos-para-optimizar-el-servicio-el\u00e9ctrico-en-Anzo\u00e1tegui-3.jpg\" alt=\"\" width=\"1008\" height=\"567\" srcset=\"https:\/\/mppee.gob.ve\/wp-content\/uploads\/2022\/02\/Avanzan-planes-estrat\u00e9gicos-para-optimizar-el-servicio-el\u00e9ctrico-en-Anzo\u00e1tegui-3.jpg 1008w, https:\/\/mppee.gob.ve\/wp-content\/uploads\/2022\/02\/Avanzan-planes-estrat\u00e9gicos-para-optimizar-el-servicio-el\u00e9ctrico-en-Anzo\u00e1tegui-3-300x169.jpg 300w, https:\/\/mppee.gob.ve\/wp-content\/uploads\/2022\/02\/Avanzan-planes-estrat\u00e9gicos-para-optimizar-el-servicio-el\u00e9ctrico-en-Anzo\u00e1tegui-3-768x432.jpg 768w\" sizes=\"auto, (max-width: 1008px) 100vw, 1008px\" \/> <img loading=\"lazy\" decoding=\"async\" class=\"alignnone wp-image-86160 size-full\" src=\"http:\/\/10.200.87.50\/mppee\/wp-content\/uploads\/2022\/02\/Avanzan-planes-estrat\u00e9gicos-para-optimizar-el-servicio-el\u00e9ctrico-en-Anzo\u00e1tegui-2.jpg\" alt=\"\" width=\"1008\" height=\"567\" srcset=\"https:\/\/mppee.gob.ve\/wp-content\/uploads\/2022\/02\/Avanzan-planes-estrat\u00e9gicos-para-optimizar-el-servicio-el\u00e9ctrico-en-Anzo\u00e1tegui-2.jpg 1008w, https:\/\/mppee.gob.ve\/wp-content\/uploads\/2022\/02\/Avanzan-planes-estrat\u00e9gicos-para-optimizar-el-servicio-el\u00e9ctrico-en-Anzo\u00e1tegui-2-300x169.jpg 300w, https:\/\/mppee.gob.ve\/wp-content\/uploads\/2022\/02\/Avanzan-planes-estrat\u00e9gicos-para-optimizar-el-servicio-el\u00e9ctrico-en-Anzo\u00e1tegui-2-768x432.jpg 768w\" sizes=\"auto, (max-width: 1008px) 100vw, 1008px\" \/> <img loading=\"lazy\" decoding=\"async\" class=\"alignnone wp-image-86159 size-full\" src=\"http:\/\/10.200.87.50\/mppee\/wp-content\/uploads\/2022\/02\/Avanzan-planes-estrat\u00e9gicos-para-optimizar-el-servicio-el\u00e9ctrico-en-Anzo\u00e1tegui-1.jpg\" alt=\"\" width=\"1008\" height=\"567\" srcset=\"https:\/\/mppee.gob.ve\/wp-content\/uploads\/2022\/02\/Avanzan-planes-estrat\u00e9gicos-para-optimizar-el-servicio-el\u00e9ctrico-en-Anzo\u00e1tegui-1.jpg 1008w, https:\/\/mppee.gob.ve\/wp-content\/uploads\/2022\/02\/Avanzan-planes-estrat\u00e9gicos-para-optimizar-el-servicio-el\u00e9ctrico-en-Anzo\u00e1tegui-1-300x169.jpg 300w, https:\/\/mppee.gob.ve\/wp-content\/uploads\/2022\/02\/Avanzan-planes-estrat\u00e9gicos-para-optimizar-el-servicio-el\u00e9ctrico-en-Anzo\u00e1tegui-1-768x432.jpg 768w\" sizes=\"auto, (max-width: 1008px) 100vw, 1008px\" \/><\/p>\n","protected":false},"excerpt":{"rendered":"<p>El vicepresidente Sectorial de Obras P\u00fablicas y Servicios, G\/J N\u00e9stor Reverol, evalu\u00f3 junto al gobernador del estado Anzo\u00e1tegui, Luis Jos\u00e9<\/p>\n","protected":false},"author":12,"featured_media":86163,"comment_status":"open","ping_status":"open","sticky":false,"template":"","format":"standard","meta":{"footnotes":""},"categories":[30],"tags":[11,327],"class_list":["post-86158","post","type-post","status-publish","format-standard","has-post-thumbnail","hentry","category-regionales","tag-mppee","tag-vsops"],"_links":{"self":[{"href":"https:\/\/mppee.gob.ve\/index.php?rest_route=\/wp\/v2\/posts\/86158","targetHints":{"allow":["GET"]}}],"collection":[{"href":"https:\/\/mppee.gob.ve\/index.php?rest_route=\/wp\/v2\/posts"}],"about":[{"href":"https:\/\/mppee.gob.ve\/index.php?rest_route=\/wp\/v2\/types\/post"}],"author":[{"embeddable":true,"href":"https:\/\/mppee.gob.ve\/index.php?rest_route=\/wp\/v2\/users\/12"}],"replies":[{"embeddable":true,"href":"https:\/\/mppee.gob.ve\/index.php?rest_route=%2Fwp%2Fv2%2Fcomments&post=86158"}],"version-history":[{"count":1,"href":"https:\/\/mppee.gob.ve\/index.php?rest_route=\/wp\/v2\/posts\/86158\/revisions"}],"predecessor-version":[{"id":86166,"href":"https:\/\/mppee.gob.ve\/index.php?rest_route=\/wp\/v2\/posts\/86158\/revisions\/86166"}],"wp:featuredmedia":[{"embeddable":true,"href":"https:\/\/mppee.gob.ve\/index.php?rest_route=\/wp\/v2\/media\/86163"}],"wp:attachment":[{"href":"https:\/\/mppee.gob.ve\/index.php?rest_route=%2Fwp%2Fv2%2Fmedia&parent=86158"}],"wp:term":[{"taxonomy":"category","embeddable":true,"href":"https:\/\/mppee.gob.ve\/index.php?rest_route=%2Fwp%2Fv2%2Fcategories&post=86158"},{"taxonomy":"post_tag","embeddable":true,"href":"https:\/\/mppee.gob.ve\/index.php?rest_route=%2Fwp%2Fv2%2Ftags&post=86158"}],"curies":[{"name":"wp","href":"https:\/\/api.w.org\/{rel}","templated":true}]}}