{"id":86167,"date":"2022-02-12T15:43:00","date_gmt":"2022-02-12T15:43:00","guid":{"rendered":"http:\/\/10.200.87.50\/mppee\/?p=86167"},"modified":"2022-02-13T15:51:52","modified_gmt":"2022-02-13T15:51:52","slug":"sector-electrico-conmemoro-la-batalla-de-la-victoria-y-el-dia-de-la-juventud","status":"publish","type":"post","link":"https:\/\/mppee.gob.ve\/?p=86167","title":{"rendered":"Sector el\u00e9ctrico conmemor\u00f3 la Batalla de la Victoria y el D\u00eda de la Juventud"},"content":{"rendered":"<div dir=\"auto\" style=\"text-align: justify;\"><img loading=\"lazy\" decoding=\"async\" class=\"size-medium wp-image-86171 alignleft\" src=\"http:\/\/10.200.87.50\/mppee\/wp-content\/uploads\/2022\/02\/Sector-el\u00e9ctrico-conmemor\u00f3-la-Batalla-de-la-Victoria-y-el-D\u00eda-de-la-Juventud-4-300x163.jpeg\" alt=\"\" width=\"300\" height=\"163\" srcset=\"https:\/\/mppee.gob.ve\/wp-content\/uploads\/2022\/02\/Sector-el\u00e9ctrico-conmemor\u00f3-la-Batalla-de-la-Victoria-y-el-D\u00eda-de-la-Juventud-4-300x163.jpeg 300w, https:\/\/mppee.gob.ve\/wp-content\/uploads\/2022\/02\/Sector-el\u00e9ctrico-conmemor\u00f3-la-Batalla-de-la-Victoria-y-el-D\u00eda-de-la-Juventud-4-1024x555.jpeg 1024w, https:\/\/mppee.gob.ve\/wp-content\/uploads\/2022\/02\/Sector-el\u00e9ctrico-conmemor\u00f3-la-Batalla-de-la-Victoria-y-el-D\u00eda-de-la-Juventud-4-768x416.jpeg 768w, https:\/\/mppee.gob.ve\/wp-content\/uploads\/2022\/02\/Sector-el\u00e9ctrico-conmemor\u00f3-la-Batalla-de-la-Victoria-y-el-D\u00eda-de-la-Juventud-4.jpeg 1080w\" sizes=\"auto, (max-width: 300px) 100vw, 300px\" \/>A 208 a\u00f1os de la conmemoraci\u00f3n de la Batalla de la Victoria, liderada por el General Jos\u00e9 F\u00e9lix Ribas y del D\u00eda de la Juventud, el vicepresidente Sectorial de Obras P\u00fablicas y Servicios, G\/J N\u00e9stor Reverol, record\u00f3 esta victoriosa gesta hist\u00f3rica y felicit\u00f3 a los j\u00f3venes, quienes desde sus diferentes trincheras contribuyen al desarrollo de la industria el\u00e9ctrica, con el futuro y la prosperidad del pa\u00eds como norte.<\/div>\n<div dir=\"auto\" style=\"text-align: justify;\"><\/div>\n<div dir=\"auto\" style=\"text-align: justify;\">A trav\u00e9s de una publicaci\u00f3n en su cuenta en la red social Twitter, @reverolnestor, expres\u00f3<strong> \u201cHoy, la Juventud Leal y Patriota de nuestro sector el\u00e9ctrico representa los valores hist\u00f3ricos de los hombres y mujeres que hace 208 a\u00f1os lograron un contundente triunfo en la lucha por la independencia en la Batalla de La Victoria\u201d.\u00a0<\/strong><\/div>\n<div dir=\"auto\" style=\"text-align: justify;\"><\/div>\n<div dir=\"auto\" style=\"text-align: justify;\"><img loading=\"lazy\" decoding=\"async\" class=\"size-medium wp-image-86170 alignright\" src=\"http:\/\/10.200.87.50\/mppee\/wp-content\/uploads\/2022\/02\/Sector-el\u00e9ctrico-conmemor\u00f3-la-Batalla-de-la-Victoria-y-el-D\u00eda-de-la-Juventud-3-300x200.jpeg\" alt=\"\" width=\"300\" height=\"200\" srcset=\"https:\/\/mppee.gob.ve\/wp-content\/uploads\/2022\/02\/Sector-el\u00e9ctrico-conmemor\u00f3-la-Batalla-de-la-Victoria-y-el-D\u00eda-de-la-Juventud-3-300x200.jpeg 300w, https:\/\/mppee.gob.ve\/wp-content\/uploads\/2022\/02\/Sector-el\u00e9ctrico-conmemor\u00f3-la-Batalla-de-la-Victoria-y-el-D\u00eda-de-la-Juventud-3-1024x682.jpeg 1024w, https:\/\/mppee.gob.ve\/wp-content\/uploads\/2022\/02\/Sector-el\u00e9ctrico-conmemor\u00f3-la-Batalla-de-la-Victoria-y-el-D\u00eda-de-la-Juventud-3-768x512.jpeg 768w, https:\/\/mppee.gob.ve\/wp-content\/uploads\/2022\/02\/Sector-el\u00e9ctrico-conmemor\u00f3-la-Batalla-de-la-Victoria-y-el-D\u00eda-de-la-Juventud-3.jpeg 1280w\" sizes=\"auto, (max-width: 300px) 100vw, 300px\" \/>Por su parte, Nuris Perozo, viceministra para la Articulaci\u00f3n y Participaci\u00f3n Social en el Servicio El\u00e9ctrico, quien estuvo presente en la marcha realizada por el D\u00eda de la Juventud, manifest\u00f3 que los j\u00f3venes trabajadores de Corpoelec <strong>\u201ccon sus ideales, potencial y conocimientos, son una pieza clave en el desarrollo del sector\u201d.\u00a0<\/strong><\/div>\n<div dir=\"auto\" style=\"text-align: justify;\"><\/div>\n<div dir=\"auto\" style=\"text-align: justify;\">Asimismo, Amanda Blanca, trabajadora de Fundelec tambi\u00e9n presente en la actividad manifest\u00f3; <strong>\u201ces para m\u00ed un orgullo estar dentro de la Corporaci\u00f3n. Aqu\u00ed cada d\u00eda adquiero conocimientos y dando lo mejor apuesto por el futuro de mi pa\u00eds\u201d.\u00a0<\/strong><\/div>\n<div dir=\"auto\" style=\"text-align: justify;\"><\/div>\n<div dir=\"auto\" style=\"text-align: justify;\"><strong>Prensa Mppee<\/strong><\/div>\n<div dir=\"auto\"><\/div>\n<div dir=\"auto\"><img loading=\"lazy\" decoding=\"async\" class=\"alignnone wp-image-86169 size-full\" src=\"http:\/\/10.200.87.50\/mppee\/wp-content\/uploads\/2022\/02\/Sector-el\u00e9ctrico-conmemor\u00f3-la-Batalla-de-la-Victoria-y-el-D\u00eda-de-la-Juventud-2.jpeg\" alt=\"\" width=\"1280\" height=\"853\" srcset=\"https:\/\/mppee.gob.ve\/wp-content\/uploads\/2022\/02\/Sector-el\u00e9ctrico-conmemor\u00f3-la-Batalla-de-la-Victoria-y-el-D\u00eda-de-la-Juventud-2.jpeg 1280w, https:\/\/mppee.gob.ve\/wp-content\/uploads\/2022\/02\/Sector-el\u00e9ctrico-conmemor\u00f3-la-Batalla-de-la-Victoria-y-el-D\u00eda-de-la-Juventud-2-300x200.jpeg 300w, https:\/\/mppee.gob.ve\/wp-content\/uploads\/2022\/02\/Sector-el\u00e9ctrico-conmemor\u00f3-la-Batalla-de-la-Victoria-y-el-D\u00eda-de-la-Juventud-2-1024x682.jpeg 1024w, https:\/\/mppee.gob.ve\/wp-content\/uploads\/2022\/02\/Sector-el\u00e9ctrico-conmemor\u00f3-la-Batalla-de-la-Victoria-y-el-D\u00eda-de-la-Juventud-2-768x512.jpeg 768w\" sizes=\"auto, (max-width: 1280px) 100vw, 1280px\" \/><\/div>\n","protected":false},"excerpt":{"rendered":"<p>A 208 a\u00f1os de la conmemoraci\u00f3n de la Batalla de la Victoria, liderada por el General Jos\u00e9 F\u00e9lix Ribas y<\/p>\n","protected":false},"author":12,"featured_media":86168,"comment_status":"open","ping_status":"open","sticky":false,"template":"","format":"standard","meta":{"footnotes":""},"categories":[15],"tags":[11],"class_list":["post-86167","post","type-post","status-publish","format-standard","has-post-thumbnail","hentry","category-nacionales","tag-mppee"],"_links":{"self":[{"href":"https:\/\/mppee.gob.ve\/index.php?rest_route=\/wp\/v2\/posts\/86167","targetHints":{"allow":["GET"]}}],"collection":[{"href":"https:\/\/mppee.gob.ve\/index.php?rest_route=\/wp\/v2\/posts"}],"about":[{"href":"https:\/\/mppee.gob.ve\/index.php?rest_route=\/wp\/v2\/types\/post"}],"author":[{"embeddable":true,"href":"https:\/\/mppee.gob.ve\/index.php?rest_route=\/wp\/v2\/users\/12"}],"replies":[{"embeddable":true,"href":"https:\/\/mppee.gob.ve\/index.php?rest_route=%2Fwp%2Fv2%2Fcomments&post=86167"}],"version-history":[{"count":1,"href":"https:\/\/mppee.gob.ve\/index.php?rest_route=\/wp\/v2\/posts\/86167\/revisions"}],"predecessor-version":[{"id":86172,"href":"https:\/\/mppee.gob.ve\/index.php?rest_route=\/wp\/v2\/posts\/86167\/revisions\/86172"}],"wp:featuredmedia":[{"embeddable":true,"href":"https:\/\/mppee.gob.ve\/index.php?rest_route=\/wp\/v2\/media\/86168"}],"wp:attachment":[{"href":"https:\/\/mppee.gob.ve\/index.php?rest_route=%2Fwp%2Fv2%2Fmedia&parent=86167"}],"wp:term":[{"taxonomy":"category","embeddable":true,"href":"https:\/\/mppee.gob.ve\/index.php?rest_route=%2Fwp%2Fv2%2Fcategories&post=86167"},{"taxonomy":"post_tag","embeddable":true,"href":"https:\/\/mppee.gob.ve\/index.php?rest_route=%2Fwp%2Fv2%2Ftags&post=86167"}],"curies":[{"name":"wp","href":"https:\/\/api.w.org\/{rel}","templated":true}]}}