{"id":86174,"date":"2022-02-15T13:38:00","date_gmt":"2022-02-15T13:38:00","guid":{"rendered":"http:\/\/10.200.87.50\/mppee\/?p=86174"},"modified":"2022-02-16T13:56:22","modified_gmt":"2022-02-16T13:56:22","slug":"fortalecen-estructuras-de-los-servicios-publicos-para-consolidar-empoderamiento-popular","status":"publish","type":"post","link":"https:\/\/mppee.gob.ve\/?p=86174","title":{"rendered":"Fortalecen estructuras de los servicios p\u00fablicos para consolidar empoderamiento popular"},"content":{"rendered":"<p style=\"font-weight: 400; text-align: justify;\"><img loading=\"lazy\" decoding=\"async\" class=\"size-medium wp-image-86179 alignleft\" src=\"http:\/\/10.200.87.50\/mppee\/wp-content\/uploads\/2022\/02\/Fortalecen-estructuras-de-los-servicios-p\u00fablicos-para-consolidar-empoderamiento-popular-5-300x192.jpg\" alt=\"\" width=\"300\" height=\"192\" srcset=\"https:\/\/mppee.gob.ve\/wp-content\/uploads\/2022\/02\/Fortalecen-estructuras-de-los-servicios-p\u00fablicos-para-consolidar-empoderamiento-popular-5-300x192.jpg 300w, https:\/\/mppee.gob.ve\/wp-content\/uploads\/2022\/02\/Fortalecen-estructuras-de-los-servicios-p\u00fablicos-para-consolidar-empoderamiento-popular-5-1024x655.jpg 1024w, https:\/\/mppee.gob.ve\/wp-content\/uploads\/2022\/02\/Fortalecen-estructuras-de-los-servicios-p\u00fablicos-para-consolidar-empoderamiento-popular-5-768x491.jpg 768w, https:\/\/mppee.gob.ve\/wp-content\/uploads\/2022\/02\/Fortalecen-estructuras-de-los-servicios-p\u00fablicos-para-consolidar-empoderamiento-popular-5.jpg 1080w\" sizes=\"auto, (max-width: 300px) 100vw, 300px\" \/>Este martes, el vicepresidente Sectorial de Obras P\u00fablicas y Servicios, G\/J N\u00e9stor Reverol, sostuvo un encuentro con los titulares de los entes pertenecientes a su despacho, a fin de de fortalecer la estructura de los servicios p\u00fablicos para empoderar al Poder Popular y as\u00ed cumplir con las 3R, Resistencia, Renacimiento y Revolucionar, instruidas por el presidente de la Rep\u00fablica, Nicol\u00e1s Maduro.<\/p>\n<p style=\"font-weight: 400; text-align: justify;\">A trav\u00e9s de una publicaci\u00f3n en la red social Instagram @reverolnestor, destac\u00f3 que durante la actividad se revisaron los preparativos del Congreso Nacional de los Servicios P\u00fablicos, <strong>\u00abel cual llevaremos a cabo en cada entidad de nuestro pa\u00eds con el objetivo de construir el mapa de soluciones en materia de energ\u00eda el\u00e9ctrica, agua potable, telecomunicaciones, gas dom\u00e9stico, transporte y recolecci\u00f3n de desechos s\u00f3lidos\u00bb<\/strong>, dijo.<\/p>\n<p style=\"font-weight: 400; text-align: justify;\"><img loading=\"lazy\" decoding=\"async\" class=\"size-medium wp-image-86178 alignright\" src=\"http:\/\/10.200.87.50\/mppee\/wp-content\/uploads\/2022\/02\/Fortalecen-estructuras-de-los-servicios-p\u00fablicos-para-consolidar-empoderamiento-popular-4-300x198.jpg\" alt=\"\" width=\"300\" height=\"198\" srcset=\"https:\/\/mppee.gob.ve\/wp-content\/uploads\/2022\/02\/Fortalecen-estructuras-de-los-servicios-p\u00fablicos-para-consolidar-empoderamiento-popular-4-300x198.jpg 300w, https:\/\/mppee.gob.ve\/wp-content\/uploads\/2022\/02\/Fortalecen-estructuras-de-los-servicios-p\u00fablicos-para-consolidar-empoderamiento-popular-4-1024x674.jpg 1024w, https:\/\/mppee.gob.ve\/wp-content\/uploads\/2022\/02\/Fortalecen-estructuras-de-los-servicios-p\u00fablicos-para-consolidar-empoderamiento-popular-4-768x506.jpg 768w, https:\/\/mppee.gob.ve\/wp-content\/uploads\/2022\/02\/Fortalecen-estructuras-de-los-servicios-p\u00fablicos-para-consolidar-empoderamiento-popular-4.jpg 1080w\" sizes=\"auto, (max-width: 300px) 100vw, 300px\" \/>Para finalizar, el titular del Ministerio del Poder Popular para la Energ\u00eda El\u00e9ctrica, recalc\u00f3 que siguen con el desarrollo de las acciones necesarias para garantizar la mayor suma de estabilidad y confiabilidad de los servicios p\u00fablicos en el pa\u00eds.<\/p>\n<p style=\"font-weight: 400; text-align: justify;\"><strong>Prensa Vpsops<\/strong><\/p>\n<p><img loading=\"lazy\" decoding=\"async\" class=\"alignnone wp-image-86177 size-full\" src=\"http:\/\/10.200.87.50\/mppee\/wp-content\/uploads\/2022\/02\/Fortalecen-estructuras-de-los-servicios-p\u00fablicos-para-consolidar-empoderamiento-popular-3.jpg\" alt=\"\" width=\"1080\" height=\"637\" srcset=\"https:\/\/mppee.gob.ve\/wp-content\/uploads\/2022\/02\/Fortalecen-estructuras-de-los-servicios-p\u00fablicos-para-consolidar-empoderamiento-popular-3.jpg 1080w, https:\/\/mppee.gob.ve\/wp-content\/uploads\/2022\/02\/Fortalecen-estructuras-de-los-servicios-p\u00fablicos-para-consolidar-empoderamiento-popular-3-300x177.jpg 300w, https:\/\/mppee.gob.ve\/wp-content\/uploads\/2022\/02\/Fortalecen-estructuras-de-los-servicios-p\u00fablicos-para-consolidar-empoderamiento-popular-3-1024x604.jpg 1024w, https:\/\/mppee.gob.ve\/wp-content\/uploads\/2022\/02\/Fortalecen-estructuras-de-los-servicios-p\u00fablicos-para-consolidar-empoderamiento-popular-3-768x453.jpg 768w\" sizes=\"auto, (max-width: 1080px) 100vw, 1080px\" \/> <img loading=\"lazy\" decoding=\"async\" class=\"alignnone wp-image-86176 size-full\" src=\"http:\/\/10.200.87.50\/mppee\/wp-content\/uploads\/2022\/02\/Fortalecen-estructuras-de-los-servicios-p\u00fablicos-para-consolidar-empoderamiento-popular-2.jpg\" alt=\"\" width=\"1080\" height=\"846\" srcset=\"https:\/\/mppee.gob.ve\/wp-content\/uploads\/2022\/02\/Fortalecen-estructuras-de-los-servicios-p\u00fablicos-para-consolidar-empoderamiento-popular-2.jpg 1080w, https:\/\/mppee.gob.ve\/wp-content\/uploads\/2022\/02\/Fortalecen-estructuras-de-los-servicios-p\u00fablicos-para-consolidar-empoderamiento-popular-2-300x235.jpg 300w, https:\/\/mppee.gob.ve\/wp-content\/uploads\/2022\/02\/Fortalecen-estructuras-de-los-servicios-p\u00fablicos-para-consolidar-empoderamiento-popular-2-1024x802.jpg 1024w, https:\/\/mppee.gob.ve\/wp-content\/uploads\/2022\/02\/Fortalecen-estructuras-de-los-servicios-p\u00fablicos-para-consolidar-empoderamiento-popular-2-768x602.jpg 768w\" sizes=\"auto, (max-width: 1080px) 100vw, 1080px\" \/> <img loading=\"lazy\" decoding=\"async\" class=\"alignnone wp-image-86175 size-full\" src=\"http:\/\/10.200.87.50\/mppee\/wp-content\/uploads\/2022\/02\/Fortalecen-estructuras-de-los-servicios-p\u00fablicos-para-consolidar-empoderamiento-popular-1.jpg\" alt=\"\" width=\"1080\" height=\"739\" srcset=\"https:\/\/mppee.gob.ve\/wp-content\/uploads\/2022\/02\/Fortalecen-estructuras-de-los-servicios-p\u00fablicos-para-consolidar-empoderamiento-popular-1.jpg 1080w, https:\/\/mppee.gob.ve\/wp-content\/uploads\/2022\/02\/Fortalecen-estructuras-de-los-servicios-p\u00fablicos-para-consolidar-empoderamiento-popular-1-300x205.jpg 300w, https:\/\/mppee.gob.ve\/wp-content\/uploads\/2022\/02\/Fortalecen-estructuras-de-los-servicios-p\u00fablicos-para-consolidar-empoderamiento-popular-1-1024x701.jpg 1024w, https:\/\/mppee.gob.ve\/wp-content\/uploads\/2022\/02\/Fortalecen-estructuras-de-los-servicios-p\u00fablicos-para-consolidar-empoderamiento-popular-1-768x526.jpg 768w, https:\/\/mppee.gob.ve\/wp-content\/uploads\/2022\/02\/Fortalecen-estructuras-de-los-servicios-p\u00fablicos-para-consolidar-empoderamiento-popular-1-130x90.jpg 130w\" sizes=\"auto, (max-width: 1080px) 100vw, 1080px\" \/><\/p>\n<p style=\"font-weight: 400; text-align: justify;\">\n","protected":false},"excerpt":{"rendered":"<p>Este martes, el vicepresidente Sectorial de Obras P\u00fablicas y Servicios, G\/J N\u00e9stor Reverol, sostuvo un encuentro con los titulares de<\/p>\n","protected":false},"author":12,"featured_media":86180,"comment_status":"open","ping_status":"open","sticky":false,"template":"","format":"standard","meta":{"footnotes":""},"categories":[15],"tags":[327],"class_list":["post-86174","post","type-post","status-publish","format-standard","has-post-thumbnail","hentry","category-nacionales","tag-vsops"],"_links":{"self":[{"href":"https:\/\/mppee.gob.ve\/index.php?rest_route=\/wp\/v2\/posts\/86174","targetHints":{"allow":["GET"]}}],"collection":[{"href":"https:\/\/mppee.gob.ve\/index.php?rest_route=\/wp\/v2\/posts"}],"about":[{"href":"https:\/\/mppee.gob.ve\/index.php?rest_route=\/wp\/v2\/types\/post"}],"author":[{"embeddable":true,"href":"https:\/\/mppee.gob.ve\/index.php?rest_route=\/wp\/v2\/users\/12"}],"replies":[{"embeddable":true,"href":"https:\/\/mppee.gob.ve\/index.php?rest_route=%2Fwp%2Fv2%2Fcomments&post=86174"}],"version-history":[{"count":1,"href":"https:\/\/mppee.gob.ve\/index.php?rest_route=\/wp\/v2\/posts\/86174\/revisions"}],"predecessor-version":[{"id":86181,"href":"https:\/\/mppee.gob.ve\/index.php?rest_route=\/wp\/v2\/posts\/86174\/revisions\/86181"}],"wp:featuredmedia":[{"embeddable":true,"href":"https:\/\/mppee.gob.ve\/index.php?rest_route=\/wp\/v2\/media\/86180"}],"wp:attachment":[{"href":"https:\/\/mppee.gob.ve\/index.php?rest_route=%2Fwp%2Fv2%2Fmedia&parent=86174"}],"wp:term":[{"taxonomy":"category","embeddable":true,"href":"https:\/\/mppee.gob.ve\/index.php?rest_route=%2Fwp%2Fv2%2Fcategories&post=86174"},{"taxonomy":"post_tag","embeddable":true,"href":"https:\/\/mppee.gob.ve\/index.php?rest_route=%2Fwp%2Fv2%2Ftags&post=86174"}],"curies":[{"name":"wp","href":"https:\/\/api.w.org\/{rel}","templated":true}]}}