{"id":86183,"date":"2022-02-16T21:46:18","date_gmt":"2022-02-16T21:46:18","guid":{"rendered":"http:\/\/10.200.87.50\/mppee\/?p=86183"},"modified":"2022-02-16T21:46:20","modified_gmt":"2022-02-16T21:46:20","slug":"instalado-congreso-nacional-de-servicios-publicos-en-el-estado-miranda","status":"publish","type":"post","link":"https:\/\/mppee.gob.ve\/?p=86183","title":{"rendered":"Instalado Congreso Nacional de Servicios P\u00fablicos en el estado Miranda"},"content":{"rendered":"<p style=\"text-align: justify;\"><img loading=\"lazy\" decoding=\"async\" class=\"size-medium wp-image-86194 alignleft\" src=\"http:\/\/10.200.87.50\/mppee\/wp-content\/uploads\/2022\/02\/Instalado-Congreso-Nacional-de-Servicios-P\u00fablicos-en-el-estado-Miranda-11-300x172.jpg\" alt=\"\" width=\"300\" height=\"172\" srcset=\"https:\/\/mppee.gob.ve\/wp-content\/uploads\/2022\/02\/Instalado-Congreso-Nacional-de-Servicios-P\u00fablicos-en-el-estado-Miranda-11-300x172.jpg 300w, https:\/\/mppee.gob.ve\/wp-content\/uploads\/2022\/02\/Instalado-Congreso-Nacional-de-Servicios-P\u00fablicos-en-el-estado-Miranda-11-1024x587.jpg 1024w, https:\/\/mppee.gob.ve\/wp-content\/uploads\/2022\/02\/Instalado-Congreso-Nacional-de-Servicios-P\u00fablicos-en-el-estado-Miranda-11-768x440.jpg 768w, https:\/\/mppee.gob.ve\/wp-content\/uploads\/2022\/02\/Instalado-Congreso-Nacional-de-Servicios-P\u00fablicos-en-el-estado-Miranda-11.jpg 1080w\" sizes=\"auto, (max-width: 300px) 100vw, 300px\" \/>Con el objetivo de empoderar al Poder Popular en el seguimiento y control de los servicios de agua potable, gas, electricidad y transporte, fue instalado el primer Congreso Nacional de Servicios P\u00fablicos, cap\u00edtulo Miranda.<\/p>\n<p style=\"text-align: justify;\"><strong>\u00abHemos organizado este Congreso con la intenci\u00f3n de conformar una Red Nacional de los Servicios P\u00fablicos, que la hemos llamado Renaser, tomando en consideraci\u00f3n la segunda l\u00ednea de las 3R, instruidas por el presidente de la Rep\u00fablica, Nicol\u00e1s Maduro, que va a permitir construir un tejido social que nos presente un mapa de soluciones y nos ayude a atender de manera inmediata los servicios\u00bb<\/strong>, inform\u00f3 el Vicepresidente Sectorial de Obras P\u00fablicas y Servicios, G\/J N\u00e9stor Reverol.<\/p>\n<p style=\"text-align: justify;\">El Congreso Nacional de Servicios P\u00fablicos se desplegar\u00e1 en los 23 estados del pa\u00eds y el Distrito Capital, y en cada uno se conformar\u00e1n cuatro mesas de trabajo en las \u00e1reas de participaci\u00f3n ciudadana, desarrollo cient\u00edfico- t\u00e9cnico, modelo de gesti\u00f3n y experiencias locales en materia de servicios p\u00fablicos.<\/p>\n<p style=\"text-align: justify;\"><img loading=\"lazy\" decoding=\"async\" class=\"size-medium wp-image-86193 alignright\" src=\"http:\/\/10.200.87.50\/mppee\/wp-content\/uploads\/2022\/02\/Instalado-Congreso-Nacional-de-Servicios-P\u00fablicos-en-el-estado-Miranda-10-300x217.jpg\" alt=\"\" width=\"300\" height=\"217\" srcset=\"https:\/\/mppee.gob.ve\/wp-content\/uploads\/2022\/02\/Instalado-Congreso-Nacional-de-Servicios-P\u00fablicos-en-el-estado-Miranda-10-300x217.jpg 300w, https:\/\/mppee.gob.ve\/wp-content\/uploads\/2022\/02\/Instalado-Congreso-Nacional-de-Servicios-P\u00fablicos-en-el-estado-Miranda-10-1024x740.jpg 1024w, https:\/\/mppee.gob.ve\/wp-content\/uploads\/2022\/02\/Instalado-Congreso-Nacional-de-Servicios-P\u00fablicos-en-el-estado-Miranda-10-768x555.jpg 768w, https:\/\/mppee.gob.ve\/wp-content\/uploads\/2022\/02\/Instalado-Congreso-Nacional-de-Servicios-P\u00fablicos-en-el-estado-Miranda-10.jpg 1080w\" sizes=\"auto, (max-width: 300px) 100vw, 300px\" \/>El Vicepresidente Sectorial indic\u00f3 que en primer lugar el prop\u00f3sito del Congreso es crear una planificaci\u00f3n y estructura, de manera conjunta, con todas las expresiones del Poder Popular.<\/p>\n<p style=\"text-align: justify;\">En segundo lugar, se suma el parlamentarismo de calle con los diputados y diputadas de la Asamblea Nacional, con el gobierno regional y local,\u00a0\u00a0para lograr la estabilidad y confiabilidad de los servicios p\u00fablicos, recalc\u00f3 el General en Jefe.<\/p>\n<p style=\"text-align: justify;\">El tambi\u00e9n titular del Ministerio del Poder Popular para la Energ\u00eda El\u00e9ctrica, destac\u00f3 que esta actividad permite accionar de manera inmediata, la b\u00fasqueda de las victorias tempranas y dar soluciones en tiempo real, con las diferentes expresiones del Poder Popular del territorio mirandino, para ir al debate con las mesas t\u00e9cnicas de agua, electricidad y gas.<\/p>\n<p style=\"text-align: justify;\">Se\u00f1al\u00f3 que se designar\u00e1 un Comisionado Nacional dependiente de la Vicepresidencia de Servicios P\u00fablicos para que monitoree todos los sistemas de alertas tempranas conjuntamente con las comunidades, y tambi\u00e9n un Comisionado estadal de Servicios P\u00fablicos, que permita articular estrategias, presentar proyectos y solicitar recursos ante el Consejo Federal del Gobierno.<\/p>\n<p style=\"text-align: justify;\"><img loading=\"lazy\" decoding=\"async\" class=\"size-medium wp-image-86191 alignleft\" src=\"http:\/\/10.200.87.50\/mppee\/wp-content\/uploads\/2022\/02\/Instalado-Congreso-Nacional-de-Servicios-P\u00fablicos-en-el-estado-Miranda-8-300x200.jpg\" alt=\"\" width=\"300\" height=\"200\" srcset=\"https:\/\/mppee.gob.ve\/wp-content\/uploads\/2022\/02\/Instalado-Congreso-Nacional-de-Servicios-P\u00fablicos-en-el-estado-Miranda-8-300x200.jpg 300w, https:\/\/mppee.gob.ve\/wp-content\/uploads\/2022\/02\/Instalado-Congreso-Nacional-de-Servicios-P\u00fablicos-en-el-estado-Miranda-8-768x512.jpg 768w, https:\/\/mppee.gob.ve\/wp-content\/uploads\/2022\/02\/Instalado-Congreso-Nacional-de-Servicios-P\u00fablicos-en-el-estado-Miranda-8.jpg 912w\" sizes=\"auto, (max-width: 300px) 100vw, 300px\" \/>El gobernador del estado Bolivariano de Miranda, H\u00e9ctor Rodr\u00edguez, agradeci\u00f3 el desarrollo de este Congreso Nacional de Servicios P\u00fablicos, que ayudar\u00e1 a atender de manera inmediata las necesidades en materia de electricidad, agua, gas, transporte, desechos s\u00f3lidos y obras p\u00fablicas en la entidad.<\/p>\n<p style=\"text-align: justify;\">Asimismo, el presidente de la Comisi\u00f3n de Administraci\u00f3n y Servicios de la Asamblea Nacional, diputado William Gil, aplaudi\u00f3 esta iniciativa que incluye al Poder Popular para detectar y fortalecer las necesidades en materia de servicios p\u00fablicos.<\/p>\n<p style=\"text-align: justify;\"><strong>Prensa Vsops<\/strong><\/p>\n<p><img loading=\"lazy\" decoding=\"async\" class=\"alignnone wp-image-86190 size-full\" src=\"http:\/\/10.200.87.50\/mppee\/wp-content\/uploads\/2022\/02\/Instalado-Congreso-Nacional-de-Servicios-P\u00fablicos-en-el-estado-Miranda-7.jpg\" alt=\"\" width=\"912\" height=\"608\" srcset=\"https:\/\/mppee.gob.ve\/wp-content\/uploads\/2022\/02\/Instalado-Congreso-Nacional-de-Servicios-P\u00fablicos-en-el-estado-Miranda-7.jpg 912w, https:\/\/mppee.gob.ve\/wp-content\/uploads\/2022\/02\/Instalado-Congreso-Nacional-de-Servicios-P\u00fablicos-en-el-estado-Miranda-7-300x200.jpg 300w, https:\/\/mppee.gob.ve\/wp-content\/uploads\/2022\/02\/Instalado-Congreso-Nacional-de-Servicios-P\u00fablicos-en-el-estado-Miranda-7-768x512.jpg 768w\" sizes=\"auto, (max-width: 912px) 100vw, 912px\" \/><\/p>\n<p><img loading=\"lazy\" decoding=\"async\" class=\"alignnone wp-image-86189 size-full\" src=\"http:\/\/10.200.87.50\/mppee\/wp-content\/uploads\/2022\/02\/Instalado-Congreso-Nacional-de-Servicios-P\u00fablicos-en-el-estado-Miranda-6.jpg\" alt=\"\" width=\"912\" height=\"608\" srcset=\"https:\/\/mppee.gob.ve\/wp-content\/uploads\/2022\/02\/Instalado-Congreso-Nacional-de-Servicios-P\u00fablicos-en-el-estado-Miranda-6.jpg 912w, https:\/\/mppee.gob.ve\/wp-content\/uploads\/2022\/02\/Instalado-Congreso-Nacional-de-Servicios-P\u00fablicos-en-el-estado-Miranda-6-300x200.jpg 300w, https:\/\/mppee.gob.ve\/wp-content\/uploads\/2022\/02\/Instalado-Congreso-Nacional-de-Servicios-P\u00fablicos-en-el-estado-Miranda-6-768x512.jpg 768w\" sizes=\"auto, (max-width: 912px) 100vw, 912px\" \/><\/p>\n<p><img loading=\"lazy\" decoding=\"async\" class=\"alignnone wp-image-86188 size-full\" src=\"http:\/\/10.200.87.50\/mppee\/wp-content\/uploads\/2022\/02\/Instalado-Congreso-Nacional-de-Servicios-P\u00fablicos-en-el-estado-Miranda-5.jpg\" alt=\"\" width=\"912\" height=\"608\" srcset=\"https:\/\/mppee.gob.ve\/wp-content\/uploads\/2022\/02\/Instalado-Congreso-Nacional-de-Servicios-P\u00fablicos-en-el-estado-Miranda-5.jpg 912w, https:\/\/mppee.gob.ve\/wp-content\/uploads\/2022\/02\/Instalado-Congreso-Nacional-de-Servicios-P\u00fablicos-en-el-estado-Miranda-5-300x200.jpg 300w, https:\/\/mppee.gob.ve\/wp-content\/uploads\/2022\/02\/Instalado-Congreso-Nacional-de-Servicios-P\u00fablicos-en-el-estado-Miranda-5-768x512.jpg 768w\" sizes=\"auto, (max-width: 912px) 100vw, 912px\" \/><\/p>\n<p><img loading=\"lazy\" decoding=\"async\" class=\"alignnone wp-image-86187 size-large\" src=\"http:\/\/10.200.87.50\/mppee\/wp-content\/uploads\/2022\/02\/Instalado-Congreso-Nacional-de-Servicios-P\u00fablicos-en-el-estado-Miranda-4-1024x669.jpg\" alt=\"\" width=\"800\" height=\"523\" srcset=\"https:\/\/mppee.gob.ve\/wp-content\/uploads\/2022\/02\/Instalado-Congreso-Nacional-de-Servicios-P\u00fablicos-en-el-estado-Miranda-4-1024x669.jpg 1024w, https:\/\/mppee.gob.ve\/wp-content\/uploads\/2022\/02\/Instalado-Congreso-Nacional-de-Servicios-P\u00fablicos-en-el-estado-Miranda-4-300x196.jpg 300w, https:\/\/mppee.gob.ve\/wp-content\/uploads\/2022\/02\/Instalado-Congreso-Nacional-de-Servicios-P\u00fablicos-en-el-estado-Miranda-4-768x502.jpg 768w, https:\/\/mppee.gob.ve\/wp-content\/uploads\/2022\/02\/Instalado-Congreso-Nacional-de-Servicios-P\u00fablicos-en-el-estado-Miranda-4.jpg 1080w\" sizes=\"auto, (max-width: 800px) 100vw, 800px\" \/> <img loading=\"lazy\" decoding=\"async\" class=\"alignnone wp-image-86186 size-full\" src=\"http:\/\/10.200.87.50\/mppee\/wp-content\/uploads\/2022\/02\/Instalado-Congreso-Nacional-de-Servicios-P\u00fablicos-en-el-estado-Miranda-3.jpg\" alt=\"\" width=\"877\" height=\"584\" srcset=\"https:\/\/mppee.gob.ve\/wp-content\/uploads\/2022\/02\/Instalado-Congreso-Nacional-de-Servicios-P\u00fablicos-en-el-estado-Miranda-3.jpg 877w, https:\/\/mppee.gob.ve\/wp-content\/uploads\/2022\/02\/Instalado-Congreso-Nacional-de-Servicios-P\u00fablicos-en-el-estado-Miranda-3-300x200.jpg 300w, https:\/\/mppee.gob.ve\/wp-content\/uploads\/2022\/02\/Instalado-Congreso-Nacional-de-Servicios-P\u00fablicos-en-el-estado-Miranda-3-768x511.jpg 768w\" sizes=\"auto, (max-width: 877px) 100vw, 877px\" \/><\/p>\n","protected":false},"excerpt":{"rendered":"<p>Con el objetivo de empoderar al Poder Popular en el seguimiento y control de los servicios de agua potable, gas,<\/p>\n","protected":false},"author":12,"featured_media":86184,"comment_status":"open","ping_status":"open","sticky":false,"template":"","format":"standard","meta":{"footnotes":""},"categories":[15],"tags":[11,327],"class_list":["post-86183","post","type-post","status-publish","format-standard","has-post-thumbnail","hentry","category-nacionales","tag-mppee","tag-vsops"],"_links":{"self":[{"href":"https:\/\/mppee.gob.ve\/index.php?rest_route=\/wp\/v2\/posts\/86183","targetHints":{"allow":["GET"]}}],"collection":[{"href":"https:\/\/mppee.gob.ve\/index.php?rest_route=\/wp\/v2\/posts"}],"about":[{"href":"https:\/\/mppee.gob.ve\/index.php?rest_route=\/wp\/v2\/types\/post"}],"author":[{"embeddable":true,"href":"https:\/\/mppee.gob.ve\/index.php?rest_route=\/wp\/v2\/users\/12"}],"replies":[{"embeddable":true,"href":"https:\/\/mppee.gob.ve\/index.php?rest_route=%2Fwp%2Fv2%2Fcomments&post=86183"}],"version-history":[{"count":1,"href":"https:\/\/mppee.gob.ve\/index.php?rest_route=\/wp\/v2\/posts\/86183\/revisions"}],"predecessor-version":[{"id":86195,"href":"https:\/\/mppee.gob.ve\/index.php?rest_route=\/wp\/v2\/posts\/86183\/revisions\/86195"}],"wp:featuredmedia":[{"embeddable":true,"href":"https:\/\/mppee.gob.ve\/index.php?rest_route=\/wp\/v2\/media\/86184"}],"wp:attachment":[{"href":"https:\/\/mppee.gob.ve\/index.php?rest_route=%2Fwp%2Fv2%2Fmedia&parent=86183"}],"wp:term":[{"taxonomy":"category","embeddable":true,"href":"https:\/\/mppee.gob.ve\/index.php?rest_route=%2Fwp%2Fv2%2Fcategories&post=86183"},{"taxonomy":"post_tag","embeddable":true,"href":"https:\/\/mppee.gob.ve\/index.php?rest_route=%2Fwp%2Fv2%2Ftags&post=86183"}],"curies":[{"name":"wp","href":"https:\/\/api.w.org\/{rel}","templated":true}]}}