{"id":86198,"date":"2022-02-17T21:12:32","date_gmt":"2022-02-17T21:12:32","guid":{"rendered":"http:\/\/10.200.87.50\/mppee\/?p=86198"},"modified":"2022-02-17T21:12:33","modified_gmt":"2022-02-17T21:12:33","slug":"fortalecen-sistema-de-salud-de-la-fuerza-trabajadora-del-sector-electrico","status":"publish","type":"post","link":"https:\/\/mppee.gob.ve\/?p=86198","title":{"rendered":"Fortalecen sistema de salud de la fuerza trabajadora del sector el\u00e9ctrico"},"content":{"rendered":"<p style=\"font-weight: 400; text-align: justify;\"><img loading=\"lazy\" decoding=\"async\" class=\"size-medium wp-image-86207 alignleft\" src=\"http:\/\/10.200.87.50\/mppee\/wp-content\/uploads\/2022\/02\/Fortalecen-sistema-de-salud-de-la-fuerza-trabajadora-del-sector-el\u00e9ctrico-9-300x224.jpg\" alt=\"\" width=\"300\" height=\"224\" srcset=\"https:\/\/mppee.gob.ve\/wp-content\/uploads\/2022\/02\/Fortalecen-sistema-de-salud-de-la-fuerza-trabajadora-del-sector-el\u00e9ctrico-9-300x224.jpg 300w, https:\/\/mppee.gob.ve\/wp-content\/uploads\/2022\/02\/Fortalecen-sistema-de-salud-de-la-fuerza-trabajadora-del-sector-el\u00e9ctrico-9-1024x765.jpg 1024w, https:\/\/mppee.gob.ve\/wp-content\/uploads\/2022\/02\/Fortalecen-sistema-de-salud-de-la-fuerza-trabajadora-del-sector-el\u00e9ctrico-9-768x574.jpg 768w, https:\/\/mppee.gob.ve\/wp-content\/uploads\/2022\/02\/Fortalecen-sistema-de-salud-de-la-fuerza-trabajadora-del-sector-el\u00e9ctrico-9.jpg 1080w\" sizes=\"auto, (max-width: 300px) 100vw, 300px\" \/>Con el prop\u00f3sito de elevar la calidad de vida de la fuerza trabajadora del sector el\u00e9ctrico, este jueves se desarroll\u00f3 una Jornada de Salud Integral y de dotaci\u00f3n de insumos m\u00e9dicos y tecnol\u00f3gicos a las unidades de atenci\u00f3n primaria del Fondo Autoadministrado de Salud del Ministerio del Poder Popular para la Energ\u00eda El\u00e9ctrica (Fasmee).<\/p>\n<p style=\"font-weight: 400; text-align: justify;\"><strong>\u201cEsta dotaci\u00f3n para el parque automotor del Fasmee que incluye cauchos, bater\u00edas, aceites, entre otros insumos, va dirigida al fortalecimiento de m\u00e1s de 34 ambulancias que se encuentran desplegadas en el territorio nacional\u201d<\/strong>, inform\u00f3 la viceministra para la Atenci\u00f3n y Participaci\u00f3n Social, Nuris Perozo, desde la sede de la Corporaci\u00f3n El\u00e9ctrica Nacional (Corpoelec), ubicado en El Marqu\u00e9s, estado Miranda.<\/p>\n<p style=\"font-weight: 400; text-align: justify;\"><img loading=\"lazy\" decoding=\"async\" class=\"size-medium wp-image-86206 alignright\" src=\"http:\/\/10.200.87.50\/mppee\/wp-content\/uploads\/2022\/02\/Fortalecen-sistema-de-salud-de-la-fuerza-trabajadora-del-sector-el\u00e9ctrico-8-300x204.jpg\" alt=\"\" width=\"300\" height=\"204\" srcset=\"https:\/\/mppee.gob.ve\/wp-content\/uploads\/2022\/02\/Fortalecen-sistema-de-salud-de-la-fuerza-trabajadora-del-sector-el\u00e9ctrico-8-300x204.jpg 300w, https:\/\/mppee.gob.ve\/wp-content\/uploads\/2022\/02\/Fortalecen-sistema-de-salud-de-la-fuerza-trabajadora-del-sector-el\u00e9ctrico-8-1024x698.jpg 1024w, https:\/\/mppee.gob.ve\/wp-content\/uploads\/2022\/02\/Fortalecen-sistema-de-salud-de-la-fuerza-trabajadora-del-sector-el\u00e9ctrico-8-768x523.jpg 768w, https:\/\/mppee.gob.ve\/wp-content\/uploads\/2022\/02\/Fortalecen-sistema-de-salud-de-la-fuerza-trabajadora-del-sector-el\u00e9ctrico-8.jpg 1080w\" sizes=\"auto, (max-width: 300px) 100vw, 300px\" \/>Perozo destac\u00f3 que para promover el buen desempe\u00f1o de los hombres y mujeres del sector el\u00e9ctrico, deben estar garantizadas las condiciones m\u00ednimas para el bienestar social,<strong> \u201ca eso apuntamos nosotros, a darle el valor a cada uno de nuestros trabajadores; por eso entregamos diferentes equipamientos m\u00e9dicos para el cuidado de nuestro talento humano\u201d<\/strong>, asegur\u00f3.<\/p>\n<p style=\"font-weight: 400; text-align: justify;\"><em><strong>Jornada de salud<\/strong><\/em><\/p>\n<p style=\"font-weight: 400; text-align: justify;\">La Viceministra para la Atenci\u00f3n y la Participaci\u00f3n Social indic\u00f3 que hasta la fecha m\u00e1s de 30 mil hombres y mujeres han sido vacunados con las tres dosis contra la Covid-19.<\/p>\n<p style=\"font-weight: 400; text-align: justify;\"><strong><img loading=\"lazy\" decoding=\"async\" class=\"size-medium wp-image-86205 alignleft\" src=\"http:\/\/10.200.87.50\/mppee\/wp-content\/uploads\/2022\/02\/Fortalecen-sistema-de-salud-de-la-fuerza-trabajadora-del-sector-el\u00e9ctrico-7-300x294.jpg\" alt=\"\" width=\"300\" height=\"294\" srcset=\"https:\/\/mppee.gob.ve\/wp-content\/uploads\/2022\/02\/Fortalecen-sistema-de-salud-de-la-fuerza-trabajadora-del-sector-el\u00e9ctrico-7-300x294.jpg 300w, https:\/\/mppee.gob.ve\/wp-content\/uploads\/2022\/02\/Fortalecen-sistema-de-salud-de-la-fuerza-trabajadora-del-sector-el\u00e9ctrico-7-1024x1003.jpg 1024w, https:\/\/mppee.gob.ve\/wp-content\/uploads\/2022\/02\/Fortalecen-sistema-de-salud-de-la-fuerza-trabajadora-del-sector-el\u00e9ctrico-7-768x752.jpg 768w, https:\/\/mppee.gob.ve\/wp-content\/uploads\/2022\/02\/Fortalecen-sistema-de-salud-de-la-fuerza-trabajadora-del-sector-el\u00e9ctrico-7.jpg 1080w\" sizes=\"auto, (max-width: 300px) 100vw, 300px\" \/>\u201cJunto al Ministerio del Poder Popular para la Salud, entregamos vacunas contra el Coronavirus, y as\u00ed continuar con la atenci\u00f3n a nuestra fuerza laboral\u201d<\/strong>, recalc\u00f3.<\/p>\n<p style=\"font-weight: 400; text-align: justify;\">En la\u00a0actividad participaron trabajadores activos, jubilados y sus familiares, donde disfrutaron de los servicios de medicina general, pediatr\u00eda, odontolog\u00eda, cedulaci\u00f3n, orientaci\u00f3n en tr\u00e1mites correspondientes al transporte terrestre, venta de alimentos y calzado.<\/p>\n<p style=\"font-weight: 400; text-align: justify;\"><strong>Prensa Mppee<\/strong><\/p>\n<p><img loading=\"lazy\" decoding=\"async\" class=\"alignnone wp-image-86204 size-full\" src=\"http:\/\/10.200.87.50\/mppee\/wp-content\/uploads\/2022\/02\/Fortalecen-sistema-de-salud-de-la-fuerza-trabajadora-del-sector-el\u00e9ctrico-6.jpg\" alt=\"\" width=\"1080\" height=\"720\" srcset=\"https:\/\/mppee.gob.ve\/wp-content\/uploads\/2022\/02\/Fortalecen-sistema-de-salud-de-la-fuerza-trabajadora-del-sector-el\u00e9ctrico-6.jpg 1080w, https:\/\/mppee.gob.ve\/wp-content\/uploads\/2022\/02\/Fortalecen-sistema-de-salud-de-la-fuerza-trabajadora-del-sector-el\u00e9ctrico-6-300x200.jpg 300w, https:\/\/mppee.gob.ve\/wp-content\/uploads\/2022\/02\/Fortalecen-sistema-de-salud-de-la-fuerza-trabajadora-del-sector-el\u00e9ctrico-6-1024x683.jpg 1024w, https:\/\/mppee.gob.ve\/wp-content\/uploads\/2022\/02\/Fortalecen-sistema-de-salud-de-la-fuerza-trabajadora-del-sector-el\u00e9ctrico-6-768x512.jpg 768w\" sizes=\"auto, (max-width: 1080px) 100vw, 1080px\" \/> <img loading=\"lazy\" decoding=\"async\" class=\"alignnone wp-image-86202 size-full\" src=\"http:\/\/10.200.87.50\/mppee\/wp-content\/uploads\/2022\/02\/Fortalecen-sistema-de-salud-de-la-fuerza-trabajadora-del-sector-el\u00e9ctrico-4.jpg\" alt=\"\" width=\"1080\" height=\"914\" srcset=\"https:\/\/mppee.gob.ve\/wp-content\/uploads\/2022\/02\/Fortalecen-sistema-de-salud-de-la-fuerza-trabajadora-del-sector-el\u00e9ctrico-4.jpg 1080w, https:\/\/mppee.gob.ve\/wp-content\/uploads\/2022\/02\/Fortalecen-sistema-de-salud-de-la-fuerza-trabajadora-del-sector-el\u00e9ctrico-4-300x254.jpg 300w, https:\/\/mppee.gob.ve\/wp-content\/uploads\/2022\/02\/Fortalecen-sistema-de-salud-de-la-fuerza-trabajadora-del-sector-el\u00e9ctrico-4-1024x867.jpg 1024w, https:\/\/mppee.gob.ve\/wp-content\/uploads\/2022\/02\/Fortalecen-sistema-de-salud-de-la-fuerza-trabajadora-del-sector-el\u00e9ctrico-4-768x650.jpg 768w\" sizes=\"auto, (max-width: 1080px) 100vw, 1080px\" \/> <img loading=\"lazy\" decoding=\"async\" class=\"alignnone wp-image-86201 size-full\" src=\"http:\/\/10.200.87.50\/mppee\/wp-content\/uploads\/2022\/02\/Fortalecen-sistema-de-salud-de-la-fuerza-trabajadora-del-sector-el\u00e9ctrico-3.jpg\" alt=\"\" width=\"1080\" height=\"678\" srcset=\"https:\/\/mppee.gob.ve\/wp-content\/uploads\/2022\/02\/Fortalecen-sistema-de-salud-de-la-fuerza-trabajadora-del-sector-el\u00e9ctrico-3.jpg 1080w, https:\/\/mppee.gob.ve\/wp-content\/uploads\/2022\/02\/Fortalecen-sistema-de-salud-de-la-fuerza-trabajadora-del-sector-el\u00e9ctrico-3-300x188.jpg 300w, https:\/\/mppee.gob.ve\/wp-content\/uploads\/2022\/02\/Fortalecen-sistema-de-salud-de-la-fuerza-trabajadora-del-sector-el\u00e9ctrico-3-1024x643.jpg 1024w, https:\/\/mppee.gob.ve\/wp-content\/uploads\/2022\/02\/Fortalecen-sistema-de-salud-de-la-fuerza-trabajadora-del-sector-el\u00e9ctrico-3-768x482.jpg 768w\" sizes=\"auto, (max-width: 1080px) 100vw, 1080px\" \/> <img loading=\"lazy\" decoding=\"async\" class=\"alignnone wp-image-86200 size-full\" src=\"http:\/\/10.200.87.50\/mppee\/wp-content\/uploads\/2022\/02\/Fortalecen-sistema-de-salud-de-la-fuerza-trabajadora-del-sector-el\u00e9ctrico-2.jpg\" alt=\"\" width=\"1080\" height=\"720\" srcset=\"https:\/\/mppee.gob.ve\/wp-content\/uploads\/2022\/02\/Fortalecen-sistema-de-salud-de-la-fuerza-trabajadora-del-sector-el\u00e9ctrico-2.jpg 1080w, https:\/\/mppee.gob.ve\/wp-content\/uploads\/2022\/02\/Fortalecen-sistema-de-salud-de-la-fuerza-trabajadora-del-sector-el\u00e9ctrico-2-300x200.jpg 300w, https:\/\/mppee.gob.ve\/wp-content\/uploads\/2022\/02\/Fortalecen-sistema-de-salud-de-la-fuerza-trabajadora-del-sector-el\u00e9ctrico-2-1024x683.jpg 1024w, https:\/\/mppee.gob.ve\/wp-content\/uploads\/2022\/02\/Fortalecen-sistema-de-salud-de-la-fuerza-trabajadora-del-sector-el\u00e9ctrico-2-768x512.jpg 768w\" sizes=\"auto, (max-width: 1080px) 100vw, 1080px\" \/> <img loading=\"lazy\" decoding=\"async\" class=\"alignnone wp-image-86199 size-full\" src=\"http:\/\/10.200.87.50\/mppee\/wp-content\/uploads\/2022\/02\/Fortalecen-sistema-de-salud-de-la-fuerza-trabajadora-del-sector-el\u00e9ctrico-1.jpg\" alt=\"\" width=\"1080\" height=\"720\" srcset=\"https:\/\/mppee.gob.ve\/wp-content\/uploads\/2022\/02\/Fortalecen-sistema-de-salud-de-la-fuerza-trabajadora-del-sector-el\u00e9ctrico-1.jpg 1080w, https:\/\/mppee.gob.ve\/wp-content\/uploads\/2022\/02\/Fortalecen-sistema-de-salud-de-la-fuerza-trabajadora-del-sector-el\u00e9ctrico-1-300x200.jpg 300w, https:\/\/mppee.gob.ve\/wp-content\/uploads\/2022\/02\/Fortalecen-sistema-de-salud-de-la-fuerza-trabajadora-del-sector-el\u00e9ctrico-1-1024x683.jpg 1024w, https:\/\/mppee.gob.ve\/wp-content\/uploads\/2022\/02\/Fortalecen-sistema-de-salud-de-la-fuerza-trabajadora-del-sector-el\u00e9ctrico-1-768x512.jpg 768w\" sizes=\"auto, (max-width: 1080px) 100vw, 1080px\" \/><\/p>\n","protected":false},"excerpt":{"rendered":"<p>Con el prop\u00f3sito de elevar la calidad de vida de la fuerza trabajadora del sector el\u00e9ctrico, este jueves se desarroll\u00f3<\/p>\n","protected":false},"author":12,"featured_media":86203,"comment_status":"open","ping_status":"open","sticky":false,"template":"","format":"standard","meta":{"footnotes":""},"categories":[15],"tags":[255,11],"class_list":["post-86198","post","type-post","status-publish","format-standard","has-post-thumbnail","hentry","category-nacionales","tag-fasmee","tag-mppee"],"_links":{"self":[{"href":"https:\/\/mppee.gob.ve\/index.php?rest_route=\/wp\/v2\/posts\/86198","targetHints":{"allow":["GET"]}}],"collection":[{"href":"https:\/\/mppee.gob.ve\/index.php?rest_route=\/wp\/v2\/posts"}],"about":[{"href":"https:\/\/mppee.gob.ve\/index.php?rest_route=\/wp\/v2\/types\/post"}],"author":[{"embeddable":true,"href":"https:\/\/mppee.gob.ve\/index.php?rest_route=\/wp\/v2\/users\/12"}],"replies":[{"embeddable":true,"href":"https:\/\/mppee.gob.ve\/index.php?rest_route=%2Fwp%2Fv2%2Fcomments&post=86198"}],"version-history":[{"count":1,"href":"https:\/\/mppee.gob.ve\/index.php?rest_route=\/wp\/v2\/posts\/86198\/revisions"}],"predecessor-version":[{"id":86208,"href":"https:\/\/mppee.gob.ve\/index.php?rest_route=\/wp\/v2\/posts\/86198\/revisions\/86208"}],"wp:featuredmedia":[{"embeddable":true,"href":"https:\/\/mppee.gob.ve\/index.php?rest_route=\/wp\/v2\/media\/86203"}],"wp:attachment":[{"href":"https:\/\/mppee.gob.ve\/index.php?rest_route=%2Fwp%2Fv2%2Fmedia&parent=86198"}],"wp:term":[{"taxonomy":"category","embeddable":true,"href":"https:\/\/mppee.gob.ve\/index.php?rest_route=%2Fwp%2Fv2%2Fcategories&post=86198"},{"taxonomy":"post_tag","embeddable":true,"href":"https:\/\/mppee.gob.ve\/index.php?rest_route=%2Fwp%2Fv2%2Ftags&post=86198"}],"curies":[{"name":"wp","href":"https:\/\/api.w.org\/{rel}","templated":true}]}}