{"id":86209,"date":"2022-02-17T23:09:58","date_gmt":"2022-02-17T23:09:58","guid":{"rendered":"http:\/\/10.200.87.50\/mppee\/?p=86209"},"modified":"2022-02-17T23:10:05","modified_gmt":"2022-02-17T23:10:05","slug":"mppee-y-la-universidad-catolica-santa-rosa-firman-convenio-interinstitucional-y-academico","status":"publish","type":"post","link":"https:\/\/mppee.gob.ve\/?p=86209","title":{"rendered":"Mppee y la Universidad Cat\u00f3lica Santa Rosa firman convenio interinstitucional y acad\u00e9mico"},"content":{"rendered":"<p style=\"text-align: justify;\"><img loading=\"lazy\" decoding=\"async\" class=\"size-medium wp-image-86211 alignleft\" src=\"http:\/\/10.200.87.50\/mppee\/wp-content\/uploads\/2022\/02\/Mppee-y-la-Universidad-Cat\u00f3lica-Santa-Rosa-firman-convenio-interinstitucional-y-acad\u00e9mico-2-300x201.jpg\" alt=\"\" width=\"300\" height=\"201\" srcset=\"https:\/\/mppee.gob.ve\/wp-content\/uploads\/2022\/02\/Mppee-y-la-Universidad-Cat\u00f3lica-Santa-Rosa-firman-convenio-interinstitucional-y-acad\u00e9mico-2-300x201.jpg 300w, https:\/\/mppee.gob.ve\/wp-content\/uploads\/2022\/02\/Mppee-y-la-Universidad-Cat\u00f3lica-Santa-Rosa-firman-convenio-interinstitucional-y-acad\u00e9mico-2-1024x685.jpg 1024w, https:\/\/mppee.gob.ve\/wp-content\/uploads\/2022\/02\/Mppee-y-la-Universidad-Cat\u00f3lica-Santa-Rosa-firman-convenio-interinstitucional-y-acad\u00e9mico-2-768x513.jpg 768w, https:\/\/mppee.gob.ve\/wp-content\/uploads\/2022\/02\/Mppee-y-la-Universidad-Cat\u00f3lica-Santa-Rosa-firman-convenio-interinstitucional-y-acad\u00e9mico-2.jpg 1080w\" sizes=\"auto, (max-width: 300px) 100vw, 300px\" \/>El vicepresidente Sectorial de Obras P\u00fablicas y Servicios, G\/J N\u00e9stor Reverol y el rector de la Pontificia Universidad Cat\u00f3lica Santa Rosa, Pbro. Dr. Carlos Alberto Boully G\u00f3mez, firmaron un convenio interinstitucional y acad\u00e9mico con el objetivo de garantizar la educaci\u00f3n y el crecimiento profesional de la fuerza trabajadora del sector el\u00e9ctrico.<\/p>\n<p style=\"text-align: justify;\">A trav\u00e9s de una publicaci\u00f3n en la red social Instagram @reverolnestor, indic\u00f3 que <strong>\u201cesta alianza estrat\u00e9gica interinstitucional establece lineamientos para el desarrollo y fortalecimiento del aprendizaje acad\u00e9mico a nivel superior de los alumnos y participantes, incluyendo al personal administrativo del Mppee, con la finalidad de ampliar y acreditar sus conocimientos, de conformidad con los programas de estudio aprobados y dictados por la Ucsar\u201d.<\/strong><\/p>\n<p style=\"text-align: justify;\"><img loading=\"lazy\" decoding=\"async\" class=\"size-medium wp-image-86210 alignright\" src=\"http:\/\/10.200.87.50\/mppee\/wp-content\/uploads\/2022\/02\/Mppee-y-la-Universidad-Cat\u00f3lica-Santa-Rosa-firman-convenio-interinstitucional-y-acad\u00e9mico-1-300x200.jpg\" alt=\"\" width=\"300\" height=\"200\" srcset=\"https:\/\/mppee.gob.ve\/wp-content\/uploads\/2022\/02\/Mppee-y-la-Universidad-Cat\u00f3lica-Santa-Rosa-firman-convenio-interinstitucional-y-acad\u00e9mico-1-300x200.jpg 300w, https:\/\/mppee.gob.ve\/wp-content\/uploads\/2022\/02\/Mppee-y-la-Universidad-Cat\u00f3lica-Santa-Rosa-firman-convenio-interinstitucional-y-acad\u00e9mico-1-1024x683.jpg 1024w, https:\/\/mppee.gob.ve\/wp-content\/uploads\/2022\/02\/Mppee-y-la-Universidad-Cat\u00f3lica-Santa-Rosa-firman-convenio-interinstitucional-y-acad\u00e9mico-1-768x512.jpg 768w, https:\/\/mppee.gob.ve\/wp-content\/uploads\/2022\/02\/Mppee-y-la-Universidad-Cat\u00f3lica-Santa-Rosa-firman-convenio-interinstitucional-y-acad\u00e9mico-1.jpg 1080w\" sizes=\"auto, (max-width: 300px) 100vw, 300px\" \/>Finalmente, el titular del Ministerio del Poder Popular para la Energ\u00eda El\u00e9ctrica, destac\u00f3 que contin\u00faan las acciones para la consolidaci\u00f3n de los procesos de educaci\u00f3n de los hombres y mujeres del Sistema El\u00e9ctrico Nacional (SEN), como parte de las instrucciones emanadas por el presidente de la Rep\u00fablica, Nicol\u00e1s Maduro, en brindar herramientas que garanticen la formaci\u00f3n de la fuerza laboral.<\/p>\n<p style=\"text-align: justify;\"><strong>Prensa Mppee<\/strong><\/p>\n","protected":false},"excerpt":{"rendered":"<p>El vicepresidente Sectorial de Obras P\u00fablicas y Servicios, G\/J N\u00e9stor Reverol y el rector de la Pontificia Universidad Cat\u00f3lica Santa<\/p>\n","protected":false},"author":12,"featured_media":86212,"comment_status":"open","ping_status":"open","sticky":false,"template":"","format":"standard","meta":{"footnotes":""},"categories":[15],"tags":[11],"class_list":["post-86209","post","type-post","status-publish","format-standard","has-post-thumbnail","hentry","category-nacionales","tag-mppee"],"_links":{"self":[{"href":"https:\/\/mppee.gob.ve\/index.php?rest_route=\/wp\/v2\/posts\/86209","targetHints":{"allow":["GET"]}}],"collection":[{"href":"https:\/\/mppee.gob.ve\/index.php?rest_route=\/wp\/v2\/posts"}],"about":[{"href":"https:\/\/mppee.gob.ve\/index.php?rest_route=\/wp\/v2\/types\/post"}],"author":[{"embeddable":true,"href":"https:\/\/mppee.gob.ve\/index.php?rest_route=\/wp\/v2\/users\/12"}],"replies":[{"embeddable":true,"href":"https:\/\/mppee.gob.ve\/index.php?rest_route=%2Fwp%2Fv2%2Fcomments&post=86209"}],"version-history":[{"count":1,"href":"https:\/\/mppee.gob.ve\/index.php?rest_route=\/wp\/v2\/posts\/86209\/revisions"}],"predecessor-version":[{"id":86213,"href":"https:\/\/mppee.gob.ve\/index.php?rest_route=\/wp\/v2\/posts\/86209\/revisions\/86213"}],"wp:featuredmedia":[{"embeddable":true,"href":"https:\/\/mppee.gob.ve\/index.php?rest_route=\/wp\/v2\/media\/86212"}],"wp:attachment":[{"href":"https:\/\/mppee.gob.ve\/index.php?rest_route=%2Fwp%2Fv2%2Fmedia&parent=86209"}],"wp:term":[{"taxonomy":"category","embeddable":true,"href":"https:\/\/mppee.gob.ve\/index.php?rest_route=%2Fwp%2Fv2%2Fcategories&post=86209"},{"taxonomy":"post_tag","embeddable":true,"href":"https:\/\/mppee.gob.ve\/index.php?rest_route=%2Fwp%2Fv2%2Ftags&post=86209"}],"curies":[{"name":"wp","href":"https:\/\/api.w.org\/{rel}","templated":true}]}}