{"id":86231,"date":"2022-02-19T20:21:33","date_gmt":"2022-02-19T20:21:33","guid":{"rendered":"http:\/\/10.200.87.50\/mppee\/?p=86231"},"modified":"2022-02-19T20:21:35","modified_gmt":"2022-02-19T20:21:35","slug":"gobierno-nacional-responde-a-los-requerimientos-planteados-en-el-congreso-nacional-de-servicios-publicos","status":"publish","type":"post","link":"https:\/\/mppee.gob.ve\/?p=86231","title":{"rendered":"Gobierno nacional responde a los requerimientos planteados en el Congreso Nacional de Servicios P\u00fablicos"},"content":{"rendered":"<div id=\":15b\" class=\"a3s aiL \">\n<div dir=\"ltr\" style=\"text-align: justify;\"><img loading=\"lazy\" decoding=\"async\" class=\"size-medium wp-image-86236 alignleft\" src=\"http:\/\/10.200.87.50\/mppee\/wp-content\/uploads\/2022\/02\/Gobierno-nacional-responde-a-los-requerimientos-planteados-en-el-Congreso-Nacional-de-Servicios-P\u00fablicos-5-300x169.jpeg\" alt=\"\" width=\"300\" height=\"169\" srcset=\"https:\/\/mppee.gob.ve\/wp-content\/uploads\/2022\/02\/Gobierno-nacional-responde-a-los-requerimientos-planteados-en-el-Congreso-Nacional-de-Servicios-P\u00fablicos-5-300x169.jpeg 300w, https:\/\/mppee.gob.ve\/wp-content\/uploads\/2022\/02\/Gobierno-nacional-responde-a-los-requerimientos-planteados-en-el-Congreso-Nacional-de-Servicios-P\u00fablicos-5-768x432.jpeg 768w, https:\/\/mppee.gob.ve\/wp-content\/uploads\/2022\/02\/Gobierno-nacional-responde-a-los-requerimientos-planteados-en-el-Congreso-Nacional-de-Servicios-P\u00fablicos-5.jpeg 1000w\" sizes=\"auto, (max-width: 300px) 100vw, 300px\" \/>Como parte de las soluciones inmediatas del Gobierno Bolivariano, ante los planteamientos hechos en el Congreso Nacional de Servicios P\u00fablicos, la Corporaci\u00f3n El\u00e9ctrica Nacional atendi\u00f3 de manera inmediata las necesidades del sector Vista Hermosa II de la parroquia C\u00faa, municipio Rafael Urdaneta en el estado Bolivariano de Miranda.<\/p>\n<p>En estas labores los especialistas, adscritos al Centro de Servicios Charallave (C\/S), instalaron 34 luminarias LED de 150W y 3 cajas de control para el correcto encendido y apagado de las l\u00e1mparas, al tiempo que retiraron un poste de baja tensi\u00f3n fuera de servicio, lo que permite mejorar el alumbrado p\u00fablico y garantizar la \u00f3ptima proyecci\u00f3n de luz en horas nocturnas.<\/p>\n<p>La jefa de la UBCH de la Comuna Bicentenaria con Hugo Ch\u00e1vez, Mar\u00eda \u00a0Sierra, dio las gracias al vicepresidente Sectorial de Obras P\u00fablicas y Servicios, G\/J N\u00e9stor Reverol, por la buena gesti\u00f3n que realizan los trabajadores de Corpoelec en la recuperaci\u00f3n del alumbrado p\u00fablico en la comunidad, ya que esta acci\u00f3n constituye un dicha para todos los que habitan en el sector.<\/p>\n<p><img loading=\"lazy\" decoding=\"async\" class=\"size-medium wp-image-86235 alignright\" src=\"http:\/\/10.200.87.50\/mppee\/wp-content\/uploads\/2022\/02\/Gobierno-nacional-responde-a-los-requerimientos-planteados-en-el-Congreso-Nacional-de-Servicios-P\u00fablicos-4-300x169.jpeg\" alt=\"\" width=\"300\" height=\"169\" srcset=\"https:\/\/mppee.gob.ve\/wp-content\/uploads\/2022\/02\/Gobierno-nacional-responde-a-los-requerimientos-planteados-en-el-Congreso-Nacional-de-Servicios-P\u00fablicos-4-300x169.jpeg 300w, https:\/\/mppee.gob.ve\/wp-content\/uploads\/2022\/02\/Gobierno-nacional-responde-a-los-requerimientos-planteados-en-el-Congreso-Nacional-de-Servicios-P\u00fablicos-4-768x432.jpeg 768w, https:\/\/mppee.gob.ve\/wp-content\/uploads\/2022\/02\/Gobierno-nacional-responde-a-los-requerimientos-planteados-en-el-Congreso-Nacional-de-Servicios-P\u00fablicos-4.jpeg 1000w\" sizes=\"auto, (max-width: 300px) 100vw, 300px\" \/>Por su parte, Shei Acosta Marcano, secretaria del Movimiento Somos Venezuela, expres\u00f3 que <strong>\u201cen la comunidad de Vista Hermosa II nos sentimos contentos ya que se ha cumplido la meta con la instalaci\u00f3n de 34 luminarias tipo LED, gracias al gobernador H\u00e9ctor Rodr\u00edguez y la articulaci\u00f3n directa con la Corporaci\u00f3n El\u00e9ctrica Nacional. Este logro representa mayor seguridad en horas nocturnas para toda la colectividad que hacemos vida en la comunidad\u201d.<\/strong><\/p>\n<p>Para estas acciones, los t\u00e9cnicos del C\/S, contaron con el apoyo del Movimiento Somos Venezuela, la UBCH Bicentenaria con Hugo Ch\u00e1vez y el Poder Popular organizado a trav\u00e9s de consejos comunales.<\/p>\n<p><b>Prensa Corpoelec<\/b><\/div>\n<\/div>\n<div dir=\"ltr\"><img loading=\"lazy\" decoding=\"async\" class=\"alignnone wp-image-86234 size-full\" src=\"http:\/\/10.200.87.50\/mppee\/wp-content\/uploads\/2022\/02\/Gobierno-nacional-responde-a-los-requerimientos-planteados-en-el-Congreso-Nacional-de-Servicios-P\u00fablicos-3.jpeg\" alt=\"\" width=\"1080\" height=\"810\" srcset=\"https:\/\/mppee.gob.ve\/wp-content\/uploads\/2022\/02\/Gobierno-nacional-responde-a-los-requerimientos-planteados-en-el-Congreso-Nacional-de-Servicios-P\u00fablicos-3.jpeg 1080w, https:\/\/mppee.gob.ve\/wp-content\/uploads\/2022\/02\/Gobierno-nacional-responde-a-los-requerimientos-planteados-en-el-Congreso-Nacional-de-Servicios-P\u00fablicos-3-300x225.jpeg 300w, https:\/\/mppee.gob.ve\/wp-content\/uploads\/2022\/02\/Gobierno-nacional-responde-a-los-requerimientos-planteados-en-el-Congreso-Nacional-de-Servicios-P\u00fablicos-3-1024x768.jpeg 1024w, https:\/\/mppee.gob.ve\/wp-content\/uploads\/2022\/02\/Gobierno-nacional-responde-a-los-requerimientos-planteados-en-el-Congreso-Nacional-de-Servicios-P\u00fablicos-3-768x576.jpeg 768w\" sizes=\"auto, (max-width: 1080px) 100vw, 1080px\" \/> <img loading=\"lazy\" decoding=\"async\" class=\"alignnone wp-image-86233 size-full\" src=\"http:\/\/10.200.87.50\/mppee\/wp-content\/uploads\/2022\/02\/Gobierno-nacional-responde-a-los-requerimientos-planteados-en-el-Congreso-Nacional-de-Servicios-P\u00fablicos-2.jpeg\" alt=\"\" width=\"1000\" height=\"563\" srcset=\"https:\/\/mppee.gob.ve\/wp-content\/uploads\/2022\/02\/Gobierno-nacional-responde-a-los-requerimientos-planteados-en-el-Congreso-Nacional-de-Servicios-P\u00fablicos-2.jpeg 1000w, https:\/\/mppee.gob.ve\/wp-content\/uploads\/2022\/02\/Gobierno-nacional-responde-a-los-requerimientos-planteados-en-el-Congreso-Nacional-de-Servicios-P\u00fablicos-2-300x169.jpeg 300w, https:\/\/mppee.gob.ve\/wp-content\/uploads\/2022\/02\/Gobierno-nacional-responde-a-los-requerimientos-planteados-en-el-Congreso-Nacional-de-Servicios-P\u00fablicos-2-768x432.jpeg 768w\" sizes=\"auto, (max-width: 1000px) 100vw, 1000px\" \/> <img loading=\"lazy\" decoding=\"async\" class=\"alignnone wp-image-86232 size-full\" src=\"http:\/\/10.200.87.50\/mppee\/wp-content\/uploads\/2022\/02\/Gobierno-nacional-responde-a-los-requerimientos-planteados-en-el-Congreso-Nacional-de-Servicios-P\u00fablicos-1.jpeg\" alt=\"\" width=\"1000\" height=\"563\" srcset=\"https:\/\/mppee.gob.ve\/wp-content\/uploads\/2022\/02\/Gobierno-nacional-responde-a-los-requerimientos-planteados-en-el-Congreso-Nacional-de-Servicios-P\u00fablicos-1.jpeg 1000w, https:\/\/mppee.gob.ve\/wp-content\/uploads\/2022\/02\/Gobierno-nacional-responde-a-los-requerimientos-planteados-en-el-Congreso-Nacional-de-Servicios-P\u00fablicos-1-300x169.jpeg 300w, https:\/\/mppee.gob.ve\/wp-content\/uploads\/2022\/02\/Gobierno-nacional-responde-a-los-requerimientos-planteados-en-el-Congreso-Nacional-de-Servicios-P\u00fablicos-1-768x432.jpeg 768w\" sizes=\"auto, (max-width: 1000px) 100vw, 1000px\" \/><\/div>\n","protected":false},"excerpt":{"rendered":"<p>Como parte de las soluciones inmediatas del Gobierno Bolivariano, ante los planteamientos hechos en el Congreso Nacional de Servicios P\u00fablicos,<\/p>\n","protected":false},"author":12,"featured_media":86237,"comment_status":"open","ping_status":"open","sticky":false,"template":"","format":"standard","meta":{"footnotes":""},"categories":[30],"tags":[11],"class_list":["post-86231","post","type-post","status-publish","format-standard","has-post-thumbnail","hentry","category-regionales","tag-mppee"],"_links":{"self":[{"href":"https:\/\/mppee.gob.ve\/index.php?rest_route=\/wp\/v2\/posts\/86231","targetHints":{"allow":["GET"]}}],"collection":[{"href":"https:\/\/mppee.gob.ve\/index.php?rest_route=\/wp\/v2\/posts"}],"about":[{"href":"https:\/\/mppee.gob.ve\/index.php?rest_route=\/wp\/v2\/types\/post"}],"author":[{"embeddable":true,"href":"https:\/\/mppee.gob.ve\/index.php?rest_route=\/wp\/v2\/users\/12"}],"replies":[{"embeddable":true,"href":"https:\/\/mppee.gob.ve\/index.php?rest_route=%2Fwp%2Fv2%2Fcomments&post=86231"}],"version-history":[{"count":1,"href":"https:\/\/mppee.gob.ve\/index.php?rest_route=\/wp\/v2\/posts\/86231\/revisions"}],"predecessor-version":[{"id":86238,"href":"https:\/\/mppee.gob.ve\/index.php?rest_route=\/wp\/v2\/posts\/86231\/revisions\/86238"}],"wp:featuredmedia":[{"embeddable":true,"href":"https:\/\/mppee.gob.ve\/index.php?rest_route=\/wp\/v2\/media\/86237"}],"wp:attachment":[{"href":"https:\/\/mppee.gob.ve\/index.php?rest_route=%2Fwp%2Fv2%2Fmedia&parent=86231"}],"wp:term":[{"taxonomy":"category","embeddable":true,"href":"https:\/\/mppee.gob.ve\/index.php?rest_route=%2Fwp%2Fv2%2Fcategories&post=86231"},{"taxonomy":"post_tag","embeddable":true,"href":"https:\/\/mppee.gob.ve\/index.php?rest_route=%2Fwp%2Fv2%2Ftags&post=86231"}],"curies":[{"name":"wp","href":"https:\/\/api.w.org\/{rel}","templated":true}]}}