{"id":86243,"date":"2022-02-19T13:38:00","date_gmt":"2022-02-19T13:38:00","guid":{"rendered":"http:\/\/10.200.87.50\/mppee\/?p=86243"},"modified":"2022-02-21T13:45:58","modified_gmt":"2022-02-21T13:45:58","slug":"fuerza-trabajadora-del-sector-electrico-atiende-a-las-victimas-del-bloqueo-economico-en-macarao","status":"publish","type":"post","link":"https:\/\/mppee.gob.ve\/?p=86243","title":{"rendered":"Fuerza trabajadora del sector el\u00e9ctrico atiende a las v\u00edctimas del bloqueo econ\u00f3mico en Macarao"},"content":{"rendered":"<p style=\"text-align: justify;\"><img loading=\"lazy\" decoding=\"async\" class=\"size-medium wp-image-86249 alignleft\" src=\"http:\/\/10.200.87.50\/mppee\/wp-content\/uploads\/2022\/02\/WhatsApp-Image-2022-02-19-at-5.40.17-PM-300x169.jpeg\" alt=\"\" width=\"300\" height=\"169\" srcset=\"https:\/\/mppee.gob.ve\/wp-content\/uploads\/2022\/02\/WhatsApp-Image-2022-02-19-at-5.40.17-PM-300x169.jpeg 300w, https:\/\/mppee.gob.ve\/wp-content\/uploads\/2022\/02\/WhatsApp-Image-2022-02-19-at-5.40.17-PM-768x432.jpeg 768w, https:\/\/mppee.gob.ve\/wp-content\/uploads\/2022\/02\/WhatsApp-Image-2022-02-19-at-5.40.17-PM.jpeg 1000w\" sizes=\"auto, (max-width: 300px) 100vw, 300px\" \/>Con el fin de dar apoyo a las comunidades de la regi\u00f3n Capital, el personal del sector el\u00e9ctrico se traslad\u00f3 a la parroquia Macarao, espec\u00edficamente en Kennedy, para participar en la jornada integral del Plan de Amor en Acci\u00f3n a las V\u00edctimas del Bloqueo Econ\u00f3mico.<\/p>\n<p style=\"text-align: justify;\">La viceministra de Articulaci\u00f3n y Participaci\u00f3n Social del Ministerio del Poder Popular para la Energ\u00eda El\u00e9ctrica, Nuris Perozo Silva, inform\u00f3 que la fuerza trabajadora recorri\u00f3 m\u00e1s de 366 casas del sector, con el desarrollo del cambio de tecnolog\u00eda de bombillos incandescentes a bombillos LED.<\/p>\n<p style=\"text-align: justify;\"><strong>\u201cTambi\u00e9n llevamos el mensaje de nuestra campa\u00f1a comunicacional Activa la Conciencia con Energ\u00eda y Eficiencia, para concientizar la importancia de la cultura energ\u00e9tica que realizamos con nuestras acciones en las comunidades\u201d<\/strong>, dijo Perozo.<\/p>\n<p style=\"text-align: justify;\"><img loading=\"lazy\" decoding=\"async\" class=\"size-medium wp-image-86247 alignright\" src=\"http:\/\/10.200.87.50\/mppee\/wp-content\/uploads\/2022\/02\/WhatsApp-Image-2022-02-19-at-5.40.17-PM-1-300x169.jpeg\" alt=\"\" width=\"300\" height=\"169\" srcset=\"https:\/\/mppee.gob.ve\/wp-content\/uploads\/2022\/02\/WhatsApp-Image-2022-02-19-at-5.40.17-PM-1-300x169.jpeg 300w, https:\/\/mppee.gob.ve\/wp-content\/uploads\/2022\/02\/WhatsApp-Image-2022-02-19-at-5.40.17-PM-1-768x432.jpeg 768w, https:\/\/mppee.gob.ve\/wp-content\/uploads\/2022\/02\/WhatsApp-Image-2022-02-19-at-5.40.17-PM-1.jpeg 1000w\" sizes=\"auto, (max-width: 300px) 100vw, 300px\" \/>Adem\u00e1s, agreg\u00f3 que en los pr\u00f3ximos d\u00edas se efectuar\u00e1n trabajos de control y limpieza de vegetaci\u00f3n en todas las redes de distribuci\u00f3n de electricidad en la localidad.<\/p>\n<p style=\"text-align: justify;\"><strong>Prensa Corpoelec<\/strong><\/p>\n<p><img loading=\"lazy\" decoding=\"async\" class=\"alignnone wp-image-86246 size-full\" src=\"http:\/\/10.200.87.50\/mppee\/wp-content\/uploads\/2022\/02\/WhatsApp-Image-2022-02-19-at-5.40.16-PM.jpeg\" alt=\"\" width=\"1000\" height=\"563\" srcset=\"https:\/\/mppee.gob.ve\/wp-content\/uploads\/2022\/02\/WhatsApp-Image-2022-02-19-at-5.40.16-PM.jpeg 1000w, https:\/\/mppee.gob.ve\/wp-content\/uploads\/2022\/02\/WhatsApp-Image-2022-02-19-at-5.40.16-PM-300x169.jpeg 300w, https:\/\/mppee.gob.ve\/wp-content\/uploads\/2022\/02\/WhatsApp-Image-2022-02-19-at-5.40.16-PM-768x432.jpeg 768w\" sizes=\"auto, (max-width: 1000px) 100vw, 1000px\" \/> <img loading=\"lazy\" decoding=\"async\" class=\"alignnone wp-image-86245 size-full\" src=\"http:\/\/10.200.87.50\/mppee\/wp-content\/uploads\/2022\/02\/WhatsApp-Image-2022-02-19-at-5.40.16-PM-2.jpeg\" alt=\"\" width=\"1080\" height=\"810\" srcset=\"https:\/\/mppee.gob.ve\/wp-content\/uploads\/2022\/02\/WhatsApp-Image-2022-02-19-at-5.40.16-PM-2.jpeg 1080w, https:\/\/mppee.gob.ve\/wp-content\/uploads\/2022\/02\/WhatsApp-Image-2022-02-19-at-5.40.16-PM-2-300x225.jpeg 300w, https:\/\/mppee.gob.ve\/wp-content\/uploads\/2022\/02\/WhatsApp-Image-2022-02-19-at-5.40.16-PM-2-1024x768.jpeg 1024w, https:\/\/mppee.gob.ve\/wp-content\/uploads\/2022\/02\/WhatsApp-Image-2022-02-19-at-5.40.16-PM-2-768x576.jpeg 768w\" sizes=\"auto, (max-width: 1080px) 100vw, 1080px\" \/> <img loading=\"lazy\" decoding=\"async\" class=\"alignnone wp-image-86244 size-full\" src=\"http:\/\/10.200.87.50\/mppee\/wp-content\/uploads\/2022\/02\/WhatsApp-Image-2022-02-19-at-5.40.16-PM-1.jpeg\" alt=\"\" width=\"1000\" height=\"563\" srcset=\"https:\/\/mppee.gob.ve\/wp-content\/uploads\/2022\/02\/WhatsApp-Image-2022-02-19-at-5.40.16-PM-1.jpeg 1000w, https:\/\/mppee.gob.ve\/wp-content\/uploads\/2022\/02\/WhatsApp-Image-2022-02-19-at-5.40.16-PM-1-300x169.jpeg 300w, https:\/\/mppee.gob.ve\/wp-content\/uploads\/2022\/02\/WhatsApp-Image-2022-02-19-at-5.40.16-PM-1-768x432.jpeg 768w\" sizes=\"auto, (max-width: 1000px) 100vw, 1000px\" \/><\/p>\n","protected":false},"excerpt":{"rendered":"<p>Con el fin de dar apoyo a las comunidades de la regi\u00f3n Capital, el personal del sector el\u00e9ctrico se traslad\u00f3<\/p>\n","protected":false},"author":12,"featured_media":86248,"comment_status":"open","ping_status":"open","sticky":false,"template":"","format":"standard","meta":{"footnotes":""},"categories":[30],"tags":[11],"class_list":["post-86243","post","type-post","status-publish","format-standard","has-post-thumbnail","hentry","category-regionales","tag-mppee"],"_links":{"self":[{"href":"https:\/\/mppee.gob.ve\/index.php?rest_route=\/wp\/v2\/posts\/86243","targetHints":{"allow":["GET"]}}],"collection":[{"href":"https:\/\/mppee.gob.ve\/index.php?rest_route=\/wp\/v2\/posts"}],"about":[{"href":"https:\/\/mppee.gob.ve\/index.php?rest_route=\/wp\/v2\/types\/post"}],"author":[{"embeddable":true,"href":"https:\/\/mppee.gob.ve\/index.php?rest_route=\/wp\/v2\/users\/12"}],"replies":[{"embeddable":true,"href":"https:\/\/mppee.gob.ve\/index.php?rest_route=%2Fwp%2Fv2%2Fcomments&post=86243"}],"version-history":[{"count":1,"href":"https:\/\/mppee.gob.ve\/index.php?rest_route=\/wp\/v2\/posts\/86243\/revisions"}],"predecessor-version":[{"id":86250,"href":"https:\/\/mppee.gob.ve\/index.php?rest_route=\/wp\/v2\/posts\/86243\/revisions\/86250"}],"wp:featuredmedia":[{"embeddable":true,"href":"https:\/\/mppee.gob.ve\/index.php?rest_route=\/wp\/v2\/media\/86248"}],"wp:attachment":[{"href":"https:\/\/mppee.gob.ve\/index.php?rest_route=%2Fwp%2Fv2%2Fmedia&parent=86243"}],"wp:term":[{"taxonomy":"category","embeddable":true,"href":"https:\/\/mppee.gob.ve\/index.php?rest_route=%2Fwp%2Fv2%2Fcategories&post=86243"},{"taxonomy":"post_tag","embeddable":true,"href":"https:\/\/mppee.gob.ve\/index.php?rest_route=%2Fwp%2Fv2%2Ftags&post=86243"}],"curies":[{"name":"wp","href":"https:\/\/api.w.org\/{rel}","templated":true}]}}