{"id":86251,"date":"2022-02-21T13:11:00","date_gmt":"2022-02-21T13:11:00","guid":{"rendered":"http:\/\/10.200.87.50\/mppee\/?p=86251"},"modified":"2022-02-22T13:16:56","modified_gmt":"2022-02-22T13:16:56","slug":"disenan-sistema-integral-nacional-de-atencion-de-las-vias-expresas","status":"publish","type":"post","link":"https:\/\/mppee.gob.ve\/?p=86251","title":{"rendered":"Dise\u00f1an Sistema Integral Nacional de Atenci\u00f3n de las V\u00edas Expresas"},"content":{"rendered":"<p style=\"text-align: justify;\"><img loading=\"lazy\" decoding=\"async\" class=\"size-medium wp-image-86255 alignleft\" src=\"http:\/\/10.200.87.50\/mppee\/wp-content\/uploads\/2022\/02\/Dise\u00f1an-Sistema-Integral-Nacional-de-Atenci\u00f3n-de-las-V\u00edas-Expresas-3-300x200.jpeg\" alt=\"\" width=\"300\" height=\"200\" srcset=\"https:\/\/mppee.gob.ve\/wp-content\/uploads\/2022\/02\/Dise\u00f1an-Sistema-Integral-Nacional-de-Atenci\u00f3n-de-las-V\u00edas-Expresas-3-300x200.jpeg 300w, https:\/\/mppee.gob.ve\/wp-content\/uploads\/2022\/02\/Dise\u00f1an-Sistema-Integral-Nacional-de-Atenci\u00f3n-de-las-V\u00edas-Expresas-3-768x512.jpeg 768w, https:\/\/mppee.gob.ve\/wp-content\/uploads\/2022\/02\/Dise\u00f1an-Sistema-Integral-Nacional-de-Atenci\u00f3n-de-las-V\u00edas-Expresas-3.jpeg 912w\" sizes=\"auto, (max-width: 300px) 100vw, 300px\" \/>El vicepresidente Sectorial de Obras P\u00fablicas y Servicios, G\/J N\u00e9stor Reverol, junto al vicepresidente Sectorial para la Seguridad Ciudadana y la Paz, A\/J Remigio Ceballos, dise\u00f1an el Sistema Integral Nacional de Atenci\u00f3n de las V\u00edas Expresas , en atenci\u00f3n a las emergencias que se presenten en las autopistas, carreteras y troncales del pa\u00eds.<\/p>\n<p><strong>\u201cEste sistema contar\u00e1 con un equipo multidisciplinario, tanto del Ministerio de Relaciones Interiores, Justicia y Paz, como de la Vicepresidencia de Servicios, para no solamente garantizar la seguridad de los usuarios y usuarias que utilizan las v\u00edas expresas del pa\u00eds; sino tambi\u00e9n para hacer una atenci\u00f3n integral en el tema del mantenimiento de las v\u00edas, alumbrado p\u00fablico, atenci\u00f3n m\u00e9dica y servicio de ambulancias, cuando se presente alg\u00fan accidente con lesionados\u201d<\/strong>, inform\u00f3 el vicepresidente Reverol Torres.<\/p>\n<p>El tambi\u00e9n Ministro del Poder Popular para la Energ\u00eda El\u00e9ctrica, indic\u00f3 la incorporaci\u00f3n del Sistema de Gesti\u00f3n de Riesgo, conjuntamente con las brigadas especiales que tiene el Ministerio del Poder Popular para el Transporte, para el despeje de v\u00edas y la atenci\u00f3n m\u00e9dica inmediata. Adem\u00e1s, se contar\u00e1 con los servicios de mec\u00e1nica automotriz y refugio para los transportistas, agreg\u00f3.<\/p>\n<p><strong><img loading=\"lazy\" decoding=\"async\" class=\"size-medium wp-image-86253 alignright\" src=\"http:\/\/10.200.87.50\/mppee\/wp-content\/uploads\/2022\/02\/Dise\u00f1an-Sistema-Integral-Nacional-de-Atenci\u00f3n-de-las-V\u00edas-Expresas-2-300x208.jpeg\" alt=\"\" width=\"300\" height=\"208\" srcset=\"https:\/\/mppee.gob.ve\/wp-content\/uploads\/2022\/02\/Dise\u00f1an-Sistema-Integral-Nacional-de-Atenci\u00f3n-de-las-V\u00edas-Expresas-2-300x208.jpeg 300w, https:\/\/mppee.gob.ve\/wp-content\/uploads\/2022\/02\/Dise\u00f1an-Sistema-Integral-Nacional-de-Atenci\u00f3n-de-las-V\u00edas-Expresas-2-1024x710.jpeg 1024w, https:\/\/mppee.gob.ve\/wp-content\/uploads\/2022\/02\/Dise\u00f1an-Sistema-Integral-Nacional-de-Atenci\u00f3n-de-las-V\u00edas-Expresas-2-768x533.jpeg 768w, https:\/\/mppee.gob.ve\/wp-content\/uploads\/2022\/02\/Dise\u00f1an-Sistema-Integral-Nacional-de-Atenci\u00f3n-de-las-V\u00edas-Expresas-2-392x272.jpeg 392w, https:\/\/mppee.gob.ve\/wp-content\/uploads\/2022\/02\/Dise\u00f1an-Sistema-Integral-Nacional-de-Atenci\u00f3n-de-las-V\u00edas-Expresas-2-130x90.jpeg 130w, https:\/\/mppee.gob.ve\/wp-content\/uploads\/2022\/02\/Dise\u00f1an-Sistema-Integral-Nacional-de-Atenci\u00f3n-de-las-V\u00edas-Expresas-2.jpeg 1080w\" sizes=\"auto, (max-width: 300px) 100vw, 300px\" \/>\u201cTambi\u00e9n realizaremos la coordinaci\u00f3n con los gobernadores y gobernadoras, sobre los 64 peajes que hay en el pa\u00eds, ya que la mayor\u00eda de ellos est\u00e1n a cargo de los gobiernos regionales, para articular los esfuerzos de hacer cumplir este Sistema Integral Nacional de Atenci\u00f3n de las V\u00edas Expresas\u201d<\/strong>, dijo.<\/p>\n<p>Asimismo, el General en Jefe precis\u00f3 que se coordinar\u00e1 con todas las instituciones que tengan la posibilidad de instalar dispositivos de comunicaci\u00f3n, para que el equipo multidisciplinario tenga conexi\u00f3n las 24 horas de d\u00eda, y as\u00ed poder articular los esfuerzos necesarios para garantizar v\u00edas expresas seguras y confiables.<\/p>\n<p>Finalmente, destac\u00f3 que tambi\u00e9n se van a georreferenciar los centros hospitalarios donde deben asistir de manera inmediata a las personas que resulten lesionadas en un accidente de tr\u00e1nsito.<\/p>\n<p><strong>\u201cHemos invitado a la Guardia Nacional Bolivariana por la responsabilidad vial que tiene en algunas v\u00edas expresas y la Polic\u00eda Nacional Bolivariana, as\u00ed como todas las polic\u00edas estatales y municipales. Es por eso que despu\u00e9s del dispositivo Carnavales Seguros 2022, vamos a presentar el Plan Integral y cubrirlo en varias fases hasta que podamos tener por completo todas las v\u00edas expresas del pa\u00eds, seg\u00fan el mapa vial\u201d<\/strong>, puntualiz\u00f3.<\/p>\n<p><strong>Prensa Vpsops<\/strong><\/p>\n","protected":false},"excerpt":{"rendered":"<p>El vicepresidente Sectorial de Obras P\u00fablicas y Servicios, G\/J N\u00e9stor Reverol, junto al vicepresidente Sectorial para la Seguridad Ciudadana y<\/p>\n","protected":false},"author":12,"featured_media":86252,"comment_status":"open","ping_status":"open","sticky":false,"template":"","format":"standard","meta":{"footnotes":""},"categories":[15],"tags":[],"class_list":["post-86251","post","type-post","status-publish","format-standard","has-post-thumbnail","hentry","category-nacionales"],"_links":{"self":[{"href":"https:\/\/mppee.gob.ve\/index.php?rest_route=\/wp\/v2\/posts\/86251","targetHints":{"allow":["GET"]}}],"collection":[{"href":"https:\/\/mppee.gob.ve\/index.php?rest_route=\/wp\/v2\/posts"}],"about":[{"href":"https:\/\/mppee.gob.ve\/index.php?rest_route=\/wp\/v2\/types\/post"}],"author":[{"embeddable":true,"href":"https:\/\/mppee.gob.ve\/index.php?rest_route=\/wp\/v2\/users\/12"}],"replies":[{"embeddable":true,"href":"https:\/\/mppee.gob.ve\/index.php?rest_route=%2Fwp%2Fv2%2Fcomments&post=86251"}],"version-history":[{"count":1,"href":"https:\/\/mppee.gob.ve\/index.php?rest_route=\/wp\/v2\/posts\/86251\/revisions"}],"predecessor-version":[{"id":86256,"href":"https:\/\/mppee.gob.ve\/index.php?rest_route=\/wp\/v2\/posts\/86251\/revisions\/86256"}],"wp:featuredmedia":[{"embeddable":true,"href":"https:\/\/mppee.gob.ve\/index.php?rest_route=\/wp\/v2\/media\/86252"}],"wp:attachment":[{"href":"https:\/\/mppee.gob.ve\/index.php?rest_route=%2Fwp%2Fv2%2Fmedia&parent=86251"}],"wp:term":[{"taxonomy":"category","embeddable":true,"href":"https:\/\/mppee.gob.ve\/index.php?rest_route=%2Fwp%2Fv2%2Fcategories&post=86251"},{"taxonomy":"post_tag","embeddable":true,"href":"https:\/\/mppee.gob.ve\/index.php?rest_route=%2Fwp%2Fv2%2Ftags&post=86251"}],"curies":[{"name":"wp","href":"https:\/\/api.w.org\/{rel}","templated":true}]}}