{"id":86268,"date":"2022-02-23T13:21:00","date_gmt":"2022-02-23T13:21:00","guid":{"rendered":"http:\/\/10.200.87.50\/mppee\/?p=86268"},"modified":"2022-02-24T13:29:43","modified_gmt":"2022-02-24T13:29:43","slug":"crearan-mapa-de-soluciones-para-optimizar-servicios-publicos-en-la-guaira","status":"publish","type":"post","link":"https:\/\/mppee.gob.ve\/?p=86268","title":{"rendered":"Crear\u00e1n mapa de soluciones para optimizar servicios p\u00fablicos en La Guaira"},"content":{"rendered":"<p style=\"text-align: justify;\"><img loading=\"lazy\" decoding=\"async\" class=\"size-medium wp-image-86276 alignleft\" src=\"http:\/\/10.200.87.50\/mppee\/wp-content\/uploads\/2022\/02\/Instalan-Primer-Congreso-Nacional-de-Servicios-P\u00fablicos-La-Guaira-8-300x200.jpeg\" alt=\"\" width=\"300\" height=\"200\" srcset=\"https:\/\/mppee.gob.ve\/wp-content\/uploads\/2022\/02\/Instalan-Primer-Congreso-Nacional-de-Servicios-P\u00fablicos-La-Guaira-8-300x200.jpeg 300w, https:\/\/mppee.gob.ve\/wp-content\/uploads\/2022\/02\/Instalan-Primer-Congreso-Nacional-de-Servicios-P\u00fablicos-La-Guaira-8-768x512.jpeg 768w, https:\/\/mppee.gob.ve\/wp-content\/uploads\/2022\/02\/Instalan-Primer-Congreso-Nacional-de-Servicios-P\u00fablicos-La-Guaira-8.jpeg 912w\" sizes=\"auto, (max-width: 300px) 100vw, 300px\" \/>El Gobierno nacional junto a las m\u00e1s de 680 comunidades organizadas del estado La Guaira, crear\u00e1n un mapa de soluciones durante el Primer Congreso de Servicios P\u00fablicos.<\/p>\n<p><strong>\u201cHemos iniciado este Congreso Nacional de Servicios P\u00fablicos, Cap\u00edtulo La Guaira, donde se va a debatir en siete mesas de trabajo un conjunto de conclusiones, opiniones y saberes con las 687 comunidades organizadas que hay aqu\u00ed en la entidad\u201d<\/strong>, inform\u00f3 el vicepresidente Sectorial de Obras P\u00fablicas y Servicios, G\/J N\u00e9stor Reverol.<\/p>\n<p>Destac\u00f3 que la organizaci\u00f3n comunitaria permitir\u00e1 crear las Brigadas de Gesti\u00f3n Popular de los Servicios P\u00fablicos en cada una de las comunidades organizadas<strong> \u201cpara construir un tejido social y formar lo que hemos llamado, en el marco de las 3R,\u00a0\u00a0Renaser, la Red Nacional de Servicios P\u00fablicos\u201d,<\/strong> dijo Reverol Torres.<\/p>\n<p><img loading=\"lazy\" decoding=\"async\" class=\"size-medium wp-image-86275 alignright\" src=\"http:\/\/10.200.87.50\/mppee\/wp-content\/uploads\/2022\/02\/Instalan-Primer-Congreso-Nacional-de-Servicios-P\u00fablicos-La-Guaira-7-300x207.jpeg\" alt=\"\" width=\"300\" height=\"207\" srcset=\"https:\/\/mppee.gob.ve\/wp-content\/uploads\/2022\/02\/Instalan-Primer-Congreso-Nacional-de-Servicios-P\u00fablicos-La-Guaira-7-300x207.jpeg 300w, https:\/\/mppee.gob.ve\/wp-content\/uploads\/2022\/02\/Instalan-Primer-Congreso-Nacional-de-Servicios-P\u00fablicos-La-Guaira-7-768x529.jpeg 768w, https:\/\/mppee.gob.ve\/wp-content\/uploads\/2022\/02\/Instalan-Primer-Congreso-Nacional-de-Servicios-P\u00fablicos-La-Guaira-7-392x272.jpeg 392w, https:\/\/mppee.gob.ve\/wp-content\/uploads\/2022\/02\/Instalan-Primer-Congreso-Nacional-de-Servicios-P\u00fablicos-La-Guaira-7-130x90.jpeg 130w, https:\/\/mppee.gob.ve\/wp-content\/uploads\/2022\/02\/Instalan-Primer-Congreso-Nacional-de-Servicios-P\u00fablicos-La-Guaira-7.jpeg 878w\" sizes=\"auto, (max-width: 300px) 100vw, 300px\" \/>El General en Jefe precis\u00f3 que durante 10 d\u00edas las autoridades regionales y locales, conjuntamente con las comunidades organizadas, legisladores, diputados y concejales, debatir\u00e1n en las diferentes parroquias de la entidad, para obtener en detalle el mapa de soluciones que ser\u00e1 presentado al Jefe de Estado.<\/p>\n<p>En la instalaci\u00f3n del Congreso participaron el gobernador del estado La Guaira, Jos\u00e9 Alejandro Ter\u00e1n; el alcalde del municipio La Guaira, Jos\u00e9 Manuel Su\u00e1rez; diputados de la Comisi\u00f3n de Administraci\u00f3n y Servicios de la Asamblea Nacional, ministros y representantes de la Vicepresidencia de Servicios, y el Poder Popular organizado de la entidad.<\/p>\n<p><strong>Prensa Vpsops<\/strong><\/p>\n<p><img loading=\"lazy\" decoding=\"async\" class=\"alignnone wp-image-86274 size-full\" src=\"http:\/\/10.200.87.50\/mppee\/wp-content\/uploads\/2022\/02\/Instalan-Primer-Congreso-Nacional-de-Servicios-P\u00fablicos-La-Guaira-6.jpeg\" alt=\"\" width=\"912\" height=\"608\" srcset=\"https:\/\/mppee.gob.ve\/wp-content\/uploads\/2022\/02\/Instalan-Primer-Congreso-Nacional-de-Servicios-P\u00fablicos-La-Guaira-6.jpeg 912w, https:\/\/mppee.gob.ve\/wp-content\/uploads\/2022\/02\/Instalan-Primer-Congreso-Nacional-de-Servicios-P\u00fablicos-La-Guaira-6-300x200.jpeg 300w, https:\/\/mppee.gob.ve\/wp-content\/uploads\/2022\/02\/Instalan-Primer-Congreso-Nacional-de-Servicios-P\u00fablicos-La-Guaira-6-768x512.jpeg 768w\" sizes=\"auto, (max-width: 912px) 100vw, 912px\" \/> <img loading=\"lazy\" decoding=\"async\" class=\"alignnone wp-image-86272 size-full\" src=\"http:\/\/10.200.87.50\/mppee\/wp-content\/uploads\/2022\/02\/Instalan-Primer-Congreso-Nacional-de-Servicios-P\u00fablicos-La-Guaira-4.jpeg\" alt=\"\" width=\"912\" height=\"608\" srcset=\"https:\/\/mppee.gob.ve\/wp-content\/uploads\/2022\/02\/Instalan-Primer-Congreso-Nacional-de-Servicios-P\u00fablicos-La-Guaira-4.jpeg 912w, https:\/\/mppee.gob.ve\/wp-content\/uploads\/2022\/02\/Instalan-Primer-Congreso-Nacional-de-Servicios-P\u00fablicos-La-Guaira-4-300x200.jpeg 300w, https:\/\/mppee.gob.ve\/wp-content\/uploads\/2022\/02\/Instalan-Primer-Congreso-Nacional-de-Servicios-P\u00fablicos-La-Guaira-4-768x512.jpeg 768w\" sizes=\"auto, (max-width: 912px) 100vw, 912px\" \/> <img loading=\"lazy\" decoding=\"async\" class=\"alignnone wp-image-86271 size-full\" src=\"http:\/\/10.200.87.50\/mppee\/wp-content\/uploads\/2022\/02\/Instalan-Primer-Congreso-Nacional-de-Servicios-P\u00fablicos-La-Guaira-3.jpeg\" alt=\"\" width=\"1080\" height=\"706\" srcset=\"https:\/\/mppee.gob.ve\/wp-content\/uploads\/2022\/02\/Instalan-Primer-Congreso-Nacional-de-Servicios-P\u00fablicos-La-Guaira-3.jpeg 1080w, https:\/\/mppee.gob.ve\/wp-content\/uploads\/2022\/02\/Instalan-Primer-Congreso-Nacional-de-Servicios-P\u00fablicos-La-Guaira-3-300x196.jpeg 300w, https:\/\/mppee.gob.ve\/wp-content\/uploads\/2022\/02\/Instalan-Primer-Congreso-Nacional-de-Servicios-P\u00fablicos-La-Guaira-3-1024x669.jpeg 1024w, https:\/\/mppee.gob.ve\/wp-content\/uploads\/2022\/02\/Instalan-Primer-Congreso-Nacional-de-Servicios-P\u00fablicos-La-Guaira-3-768x502.jpeg 768w\" sizes=\"auto, (max-width: 1080px) 100vw, 1080px\" \/> <img loading=\"lazy\" decoding=\"async\" class=\"alignnone wp-image-86270 size-full\" src=\"http:\/\/10.200.87.50\/mppee\/wp-content\/uploads\/2022\/02\/Instalan-Primer-Congreso-Nacional-de-Servicios-P\u00fablicos-La-Guaira-2.jpeg\" alt=\"\" width=\"912\" height=\"608\" srcset=\"https:\/\/mppee.gob.ve\/wp-content\/uploads\/2022\/02\/Instalan-Primer-Congreso-Nacional-de-Servicios-P\u00fablicos-La-Guaira-2.jpeg 912w, https:\/\/mppee.gob.ve\/wp-content\/uploads\/2022\/02\/Instalan-Primer-Congreso-Nacional-de-Servicios-P\u00fablicos-La-Guaira-2-300x200.jpeg 300w, https:\/\/mppee.gob.ve\/wp-content\/uploads\/2022\/02\/Instalan-Primer-Congreso-Nacional-de-Servicios-P\u00fablicos-La-Guaira-2-768x512.jpeg 768w\" sizes=\"auto, (max-width: 912px) 100vw, 912px\" \/> <img loading=\"lazy\" decoding=\"async\" class=\"alignnone wp-image-86269 size-full\" src=\"http:\/\/10.200.87.50\/mppee\/wp-content\/uploads\/2022\/02\/Instalan-Primer-Congreso-Nacional-de-Servicios-P\u00fablicos-La-Guaira-1.jpeg\" alt=\"\" width=\"912\" height=\"608\" srcset=\"https:\/\/mppee.gob.ve\/wp-content\/uploads\/2022\/02\/Instalan-Primer-Congreso-Nacional-de-Servicios-P\u00fablicos-La-Guaira-1.jpeg 912w, https:\/\/mppee.gob.ve\/wp-content\/uploads\/2022\/02\/Instalan-Primer-Congreso-Nacional-de-Servicios-P\u00fablicos-La-Guaira-1-300x200.jpeg 300w, https:\/\/mppee.gob.ve\/wp-content\/uploads\/2022\/02\/Instalan-Primer-Congreso-Nacional-de-Servicios-P\u00fablicos-La-Guaira-1-768x512.jpeg 768w\" sizes=\"auto, (max-width: 912px) 100vw, 912px\" \/><\/p>\n","protected":false},"excerpt":{"rendered":"<p>El Gobierno nacional junto a las m\u00e1s de 680 comunidades organizadas del estado La Guaira, crear\u00e1n un mapa de soluciones<\/p>\n","protected":false},"author":12,"featured_media":86275,"comment_status":"open","ping_status":"open","sticky":false,"template":"","format":"standard","meta":{"footnotes":""},"categories":[30],"tags":[],"class_list":["post-86268","post","type-post","status-publish","format-standard","has-post-thumbnail","hentry","category-regionales"],"_links":{"self":[{"href":"https:\/\/mppee.gob.ve\/index.php?rest_route=\/wp\/v2\/posts\/86268","targetHints":{"allow":["GET"]}}],"collection":[{"href":"https:\/\/mppee.gob.ve\/index.php?rest_route=\/wp\/v2\/posts"}],"about":[{"href":"https:\/\/mppee.gob.ve\/index.php?rest_route=\/wp\/v2\/types\/post"}],"author":[{"embeddable":true,"href":"https:\/\/mppee.gob.ve\/index.php?rest_route=\/wp\/v2\/users\/12"}],"replies":[{"embeddable":true,"href":"https:\/\/mppee.gob.ve\/index.php?rest_route=%2Fwp%2Fv2%2Fcomments&post=86268"}],"version-history":[{"count":1,"href":"https:\/\/mppee.gob.ve\/index.php?rest_route=\/wp\/v2\/posts\/86268\/revisions"}],"predecessor-version":[{"id":86277,"href":"https:\/\/mppee.gob.ve\/index.php?rest_route=\/wp\/v2\/posts\/86268\/revisions\/86277"}],"wp:featuredmedia":[{"embeddable":true,"href":"https:\/\/mppee.gob.ve\/index.php?rest_route=\/wp\/v2\/media\/86275"}],"wp:attachment":[{"href":"https:\/\/mppee.gob.ve\/index.php?rest_route=%2Fwp%2Fv2%2Fmedia&parent=86268"}],"wp:term":[{"taxonomy":"category","embeddable":true,"href":"https:\/\/mppee.gob.ve\/index.php?rest_route=%2Fwp%2Fv2%2Fcategories&post=86268"},{"taxonomy":"post_tag","embeddable":true,"href":"https:\/\/mppee.gob.ve\/index.php?rest_route=%2Fwp%2Fv2%2Ftags&post=86268"}],"curies":[{"name":"wp","href":"https:\/\/api.w.org\/{rel}","templated":true}]}}