{"id":86302,"date":"2022-02-25T18:46:00","date_gmt":"2022-02-25T18:46:00","guid":{"rendered":"http:\/\/10.200.87.50\/mppee\/?p=86302"},"modified":"2022-02-27T18:51:40","modified_gmt":"2022-02-27T18:51:40","slug":"atendidos-cerca-de-5-mil-trabajadores-del-sen-en-jornada-nacional-de-salud","status":"publish","type":"post","link":"https:\/\/mppee.gob.ve\/?p=86302","title":{"rendered":"Atendidos cerca de 5 mil trabajadores del SEN en jornada nacional de salud"},"content":{"rendered":"<p style=\"text-align: justify;\"><img loading=\"lazy\" decoding=\"async\" class=\"size-medium wp-image-86310 alignleft\" src=\"http:\/\/10.200.87.50\/mppee\/wp-content\/uploads\/2022\/02\/Atendidos-cerca-de-5-mil-trabajadores-del-SEN-en-jornada-nacional-de-salud-8-300x171.jpg\" alt=\"\" width=\"300\" height=\"171\" srcset=\"https:\/\/mppee.gob.ve\/wp-content\/uploads\/2022\/02\/Atendidos-cerca-de-5-mil-trabajadores-del-SEN-en-jornada-nacional-de-salud-8-300x171.jpg 300w, https:\/\/mppee.gob.ve\/wp-content\/uploads\/2022\/02\/Atendidos-cerca-de-5-mil-trabajadores-del-SEN-en-jornada-nacional-de-salud-8-1024x583.jpg 1024w, https:\/\/mppee.gob.ve\/wp-content\/uploads\/2022\/02\/Atendidos-cerca-de-5-mil-trabajadores-del-SEN-en-jornada-nacional-de-salud-8-768x437.jpg 768w, https:\/\/mppee.gob.ve\/wp-content\/uploads\/2022\/02\/Atendidos-cerca-de-5-mil-trabajadores-del-SEN-en-jornada-nacional-de-salud-8.jpg 1066w\" sizes=\"auto, (max-width: 300px) 100vw, 300px\" \/>Como parte de la atenci\u00f3n continua a la fuerza trabajadora que desarrolla el Fondo Autoadministrado de Salud del Ministerio del Poder Popular para la Energ\u00eda El\u00e9ctrica y entes adscritos (Fasmee), cerca de 5 mil \u00a0hombres y mujeres del sector el\u00e9ctrico, fueron beneficiados con una Jornada Nacional de Atenci\u00f3n M\u00e9dica Integral.<\/p>\n<p style=\"text-align: justify;\"><strong>\u201cLa actividad se realiz\u00f3 en los 23 estados del pa\u00eds, y en el Distrito Capital, simult\u00e1neamente, donde se ofrecieron los servicios de fisiatr\u00eda, odontolog\u00eda, rayos X, urolog\u00eda, pediatr\u00eda, psiquiatr\u00eda, medicina general. Adem\u00e1s, entregamos medicamentos, se realizaron ex\u00e1menes de laboratorio, y se establecieron puntos de vacunaci\u00f3n contra la Covid-19, siguiendo la orden del Presidente de la Rep\u00fablica, Nicol\u00e1s Maduro, para la inmunizaci\u00f3n de la poblaci\u00f3n\u201d<\/strong>, inform\u00f3 el presidente del Fasmee, Coronel Rafael Betancourt.<\/p>\n<p style=\"text-align: justify;\"><img loading=\"lazy\" decoding=\"async\" class=\"size-medium wp-image-86309 alignright\" src=\"http:\/\/10.200.87.50\/mppee\/wp-content\/uploads\/2022\/02\/Atendidos-cerca-de-5-mil-trabajadores-del-SEN-en-jornada-nacional-de-salud-7-300x191.jpg\" alt=\"\" width=\"300\" height=\"191\" srcset=\"https:\/\/mppee.gob.ve\/wp-content\/uploads\/2022\/02\/Atendidos-cerca-de-5-mil-trabajadores-del-SEN-en-jornada-nacional-de-salud-7-300x191.jpg 300w, https:\/\/mppee.gob.ve\/wp-content\/uploads\/2022\/02\/Atendidos-cerca-de-5-mil-trabajadores-del-SEN-en-jornada-nacional-de-salud-7-1024x653.jpg 1024w, https:\/\/mppee.gob.ve\/wp-content\/uploads\/2022\/02\/Atendidos-cerca-de-5-mil-trabajadores-del-SEN-en-jornada-nacional-de-salud-7-768x490.jpg 768w, https:\/\/mppee.gob.ve\/wp-content\/uploads\/2022\/02\/Atendidos-cerca-de-5-mil-trabajadores-del-SEN-en-jornada-nacional-de-salud-7.jpg 1098w\" sizes=\"auto, (max-width: 300px) 100vw, 300px\" \/>Destac\u00f3 que en las pr\u00f3ximas jornadas se tiene previsto ampliar el impacto en los trabajadores que se atienden en el \u00e1rea de la salud; y se espera realizar alianzas estrat\u00e9gicas con gobernaciones y otros entes para trabajar los temas de alimentaci\u00f3n, calzado, y tambi\u00e9n para los tr\u00e1mites de licencias, certificados m\u00e9dicos, cedulaci\u00f3n, entre otros.<\/p>\n<p style=\"text-align: justify;\"><strong>Fuerza trabajadora agradecida<\/strong><\/p>\n<p style=\"text-align: justify;\">Mar\u00eda del Carmen Amortegue, jubilada, adscrita a la Direcci\u00f3n del Despacho, destac\u00f3 la gran variedad de servicios que se realizaron para los trabajadores, entre ellos, las consultas de odontolog\u00eda.<\/p>\n<p style=\"text-align: justify;\"><img loading=\"lazy\" decoding=\"async\" class=\"size-medium wp-image-86308 alignleft\" src=\"http:\/\/10.200.87.50\/mppee\/wp-content\/uploads\/2022\/02\/Atendidos-cerca-de-5-mil-trabajadores-del-SEN-en-jornada-nacional-de-salud-6-300x199.jpg\" alt=\"\" width=\"300\" height=\"199\" srcset=\"https:\/\/mppee.gob.ve\/wp-content\/uploads\/2022\/02\/Atendidos-cerca-de-5-mil-trabajadores-del-SEN-en-jornada-nacional-de-salud-6-300x199.jpg 300w, https:\/\/mppee.gob.ve\/wp-content\/uploads\/2022\/02\/Atendidos-cerca-de-5-mil-trabajadores-del-SEN-en-jornada-nacional-de-salud-6-1024x679.jpg 1024w, https:\/\/mppee.gob.ve\/wp-content\/uploads\/2022\/02\/Atendidos-cerca-de-5-mil-trabajadores-del-SEN-en-jornada-nacional-de-salud-6-768x509.jpg 768w, https:\/\/mppee.gob.ve\/wp-content\/uploads\/2022\/02\/Atendidos-cerca-de-5-mil-trabajadores-del-SEN-en-jornada-nacional-de-salud-6.jpg 1056w\" sizes=\"auto, (max-width: 300px) 100vw, 300px\" \/>Por su parte, Pedro Carrero, trabajador de la unidad Automatizaci\u00f3n, Tecnolog\u00eda de Informaci\u00f3n y Telecomunicaciones (ATIT), calific\u00f3 la jornada como excelente, <strong>\u201cllev\u00e9 a mi hijo a una consulta de pediatr\u00eda y lo atendieron muy bien\u201d.<\/strong><\/p>\n<p style=\"text-align: justify;\">Asimismo, la Oficina de Atenci\u00f3n al Ciudadano (OAC) del Ministerio del Poder Popular para la Energ\u00eda El\u00e9ctrica, entreg\u00f3 ayudas t\u00e9cnicas, dando prioridad a los jubilados y personal con discapacidad.<\/p>\n<p style=\"text-align: justify;\"><strong>Prensa Corpoelec<\/strong><\/p>\n<p><img loading=\"lazy\" decoding=\"async\" class=\"alignnone wp-image-86307 size-full\" src=\"http:\/\/10.200.87.50\/mppee\/wp-content\/uploads\/2022\/02\/Atendidos-cerca-de-5-mil-trabajadores-del-SEN-en-jornada-nacional-de-salud-5.jpg\" alt=\"\" width=\"952\" height=\"700\" srcset=\"https:\/\/mppee.gob.ve\/wp-content\/uploads\/2022\/02\/Atendidos-cerca-de-5-mil-trabajadores-del-SEN-en-jornada-nacional-de-salud-5.jpg 952w, https:\/\/mppee.gob.ve\/wp-content\/uploads\/2022\/02\/Atendidos-cerca-de-5-mil-trabajadores-del-SEN-en-jornada-nacional-de-salud-5-300x221.jpg 300w, https:\/\/mppee.gob.ve\/wp-content\/uploads\/2022\/02\/Atendidos-cerca-de-5-mil-trabajadores-del-SEN-en-jornada-nacional-de-salud-5-768x565.jpg 768w\" sizes=\"auto, (max-width: 952px) 100vw, 952px\" \/> <img loading=\"lazy\" decoding=\"async\" class=\"alignnone wp-image-86305 size-full\" src=\"http:\/\/10.200.87.50\/mppee\/wp-content\/uploads\/2022\/02\/Atendidos-cerca-de-5-mil-trabajadores-del-SEN-en-jornada-nacional-de-salud-3.jpg\" alt=\"\" width=\"1062\" height=\"700\" srcset=\"https:\/\/mppee.gob.ve\/wp-content\/uploads\/2022\/02\/Atendidos-cerca-de-5-mil-trabajadores-del-SEN-en-jornada-nacional-de-salud-3.jpg 1062w, https:\/\/mppee.gob.ve\/wp-content\/uploads\/2022\/02\/Atendidos-cerca-de-5-mil-trabajadores-del-SEN-en-jornada-nacional-de-salud-3-300x198.jpg 300w, https:\/\/mppee.gob.ve\/wp-content\/uploads\/2022\/02\/Atendidos-cerca-de-5-mil-trabajadores-del-SEN-en-jornada-nacional-de-salud-3-1024x675.jpg 1024w, https:\/\/mppee.gob.ve\/wp-content\/uploads\/2022\/02\/Atendidos-cerca-de-5-mil-trabajadores-del-SEN-en-jornada-nacional-de-salud-3-768x506.jpg 768w\" sizes=\"auto, (max-width: 1062px) 100vw, 1062px\" \/> <img loading=\"lazy\" decoding=\"async\" class=\"alignnone wp-image-86304 size-full\" src=\"http:\/\/10.200.87.50\/mppee\/wp-content\/uploads\/2022\/02\/Atendidos-cerca-de-5-mil-trabajadores-del-SEN-en-jornada-nacional-de-salud-2.jpg\" alt=\"\" width=\"1121\" height=\"700\" srcset=\"https:\/\/mppee.gob.ve\/wp-content\/uploads\/2022\/02\/Atendidos-cerca-de-5-mil-trabajadores-del-SEN-en-jornada-nacional-de-salud-2.jpg 1121w, https:\/\/mppee.gob.ve\/wp-content\/uploads\/2022\/02\/Atendidos-cerca-de-5-mil-trabajadores-del-SEN-en-jornada-nacional-de-salud-2-300x187.jpg 300w, https:\/\/mppee.gob.ve\/wp-content\/uploads\/2022\/02\/Atendidos-cerca-de-5-mil-trabajadores-del-SEN-en-jornada-nacional-de-salud-2-1024x639.jpg 1024w, https:\/\/mppee.gob.ve\/wp-content\/uploads\/2022\/02\/Atendidos-cerca-de-5-mil-trabajadores-del-SEN-en-jornada-nacional-de-salud-2-768x480.jpg 768w\" sizes=\"auto, (max-width: 1121px) 100vw, 1121px\" \/> <img loading=\"lazy\" decoding=\"async\" class=\"alignnone wp-image-86303 size-full\" src=\"http:\/\/10.200.87.50\/mppee\/wp-content\/uploads\/2022\/02\/Atendidos-cerca-de-5-mil-trabajadores-del-SEN-en-jornada-nacional-de-salud-1.jpg\" alt=\"\" width=\"1074\" height=\"700\" srcset=\"https:\/\/mppee.gob.ve\/wp-content\/uploads\/2022\/02\/Atendidos-cerca-de-5-mil-trabajadores-del-SEN-en-jornada-nacional-de-salud-1.jpg 1074w, https:\/\/mppee.gob.ve\/wp-content\/uploads\/2022\/02\/Atendidos-cerca-de-5-mil-trabajadores-del-SEN-en-jornada-nacional-de-salud-1-300x196.jpg 300w, https:\/\/mppee.gob.ve\/wp-content\/uploads\/2022\/02\/Atendidos-cerca-de-5-mil-trabajadores-del-SEN-en-jornada-nacional-de-salud-1-1024x667.jpg 1024w, https:\/\/mppee.gob.ve\/wp-content\/uploads\/2022\/02\/Atendidos-cerca-de-5-mil-trabajadores-del-SEN-en-jornada-nacional-de-salud-1-768x501.jpg 768w\" sizes=\"auto, (max-width: 1074px) 100vw, 1074px\" \/><\/p>\n","protected":false},"excerpt":{"rendered":"<p>Como parte de la atenci\u00f3n continua a la fuerza trabajadora que desarrolla el Fondo Autoadministrado de Salud del Ministerio del<\/p>\n","protected":false},"author":12,"featured_media":86306,"comment_status":"open","ping_status":"open","sticky":false,"template":"","format":"standard","meta":{"footnotes":""},"categories":[15],"tags":[255,11],"class_list":["post-86302","post","type-post","status-publish","format-standard","has-post-thumbnail","hentry","category-nacionales","tag-fasmee","tag-mppee"],"_links":{"self":[{"href":"https:\/\/mppee.gob.ve\/index.php?rest_route=\/wp\/v2\/posts\/86302","targetHints":{"allow":["GET"]}}],"collection":[{"href":"https:\/\/mppee.gob.ve\/index.php?rest_route=\/wp\/v2\/posts"}],"about":[{"href":"https:\/\/mppee.gob.ve\/index.php?rest_route=\/wp\/v2\/types\/post"}],"author":[{"embeddable":true,"href":"https:\/\/mppee.gob.ve\/index.php?rest_route=\/wp\/v2\/users\/12"}],"replies":[{"embeddable":true,"href":"https:\/\/mppee.gob.ve\/index.php?rest_route=%2Fwp%2Fv2%2Fcomments&post=86302"}],"version-history":[{"count":1,"href":"https:\/\/mppee.gob.ve\/index.php?rest_route=\/wp\/v2\/posts\/86302\/revisions"}],"predecessor-version":[{"id":86311,"href":"https:\/\/mppee.gob.ve\/index.php?rest_route=\/wp\/v2\/posts\/86302\/revisions\/86311"}],"wp:featuredmedia":[{"embeddable":true,"href":"https:\/\/mppee.gob.ve\/index.php?rest_route=\/wp\/v2\/media\/86306"}],"wp:attachment":[{"href":"https:\/\/mppee.gob.ve\/index.php?rest_route=%2Fwp%2Fv2%2Fmedia&parent=86302"}],"wp:term":[{"taxonomy":"category","embeddable":true,"href":"https:\/\/mppee.gob.ve\/index.php?rest_route=%2Fwp%2Fv2%2Fcategories&post=86302"},{"taxonomy":"post_tag","embeddable":true,"href":"https:\/\/mppee.gob.ve\/index.php?rest_route=%2Fwp%2Fv2%2Ftags&post=86302"}],"curies":[{"name":"wp","href":"https:\/\/api.w.org\/{rel}","templated":true}]}}