{"id":86329,"date":"2022-03-01T18:14:26","date_gmt":"2022-03-01T18:14:26","guid":{"rendered":"http:\/\/10.200.87.50\/mppee\/?p=86329"},"modified":"2022-03-01T18:14:27","modified_gmt":"2022-03-01T18:14:27","slug":"favorecidas-640-familias-con-instalacion-de-41-luminarias-led-en-la-parroquia-caraballeda-de-la-guaira","status":"publish","type":"post","link":"https:\/\/mppee.gob.ve\/?p=86329","title":{"rendered":"Favorecidas 640 familias con instalaci\u00f3n de 41 luminarias LED en la parroquia Caraballeda de La Guaira"},"content":{"rendered":"<p style=\"text-align: justify;\"><img loading=\"lazy\" decoding=\"async\" class=\"size-medium wp-image-86333 alignleft\" src=\"http:\/\/10.200.87.50\/mppee\/wp-content\/uploads\/2022\/03\/fc2ffe9c-0f93-40f5-b493-23d6601d58e2-300x225.jpg\" alt=\"\" width=\"300\" height=\"225\" srcset=\"https:\/\/mppee.gob.ve\/wp-content\/uploads\/2022\/03\/fc2ffe9c-0f93-40f5-b493-23d6601d58e2-300x225.jpg 300w, https:\/\/mppee.gob.ve\/wp-content\/uploads\/2022\/03\/fc2ffe9c-0f93-40f5-b493-23d6601d58e2-1024x768.jpg 1024w, https:\/\/mppee.gob.ve\/wp-content\/uploads\/2022\/03\/fc2ffe9c-0f93-40f5-b493-23d6601d58e2-768x576.jpg 768w, https:\/\/mppee.gob.ve\/wp-content\/uploads\/2022\/03\/fc2ffe9c-0f93-40f5-b493-23d6601d58e2.jpg 1080w\" sizes=\"auto, (max-width: 300px) 100vw, 300px\" \/>Como parte de las respuestas a los requerimientos de las comunidades tras el Congreso Nacional de Servicios P\u00fablicos- Cap\u00edtulo La Guaira, trabajadores de la Corporaci\u00f3n El\u00e9ctrica Nacional (Corpoelec), en articulaci\u00f3n con la Gobernaci\u00f3n de la entidad, realizaron el cambio de 41 luminarias con tecnolog\u00eda LED de 150W, en el sector 27 de Julio de la parroquia Caraballeda.<\/p>\n<p style=\"text-align: justify;\">En estos trabajos que permitieron garantizar la iluminaci\u00f3n de calles y avenidas de los sectores A, B, C, D y E de la parroquia, participaron la Gerencia Territorial de Corpoelec, personal t\u00e9cnico de la Gerencia de Distribuci\u00f3n, as\u00ed como el apoyo de los consejos comunales del sector 27 de Julio.<\/p>\n<p style=\"text-align: justify;\"><img loading=\"lazy\" decoding=\"async\" class=\"size-medium wp-image-86332 alignright\" src=\"http:\/\/10.200.87.50\/mppee\/wp-content\/uploads\/2022\/03\/e3a78ee5-4bdd-4f15-879c-b4006655d9c4-300x169.jpg\" alt=\"\" width=\"300\" height=\"169\" srcset=\"https:\/\/mppee.gob.ve\/wp-content\/uploads\/2022\/03\/e3a78ee5-4bdd-4f15-879c-b4006655d9c4-300x169.jpg 300w, https:\/\/mppee.gob.ve\/wp-content\/uploads\/2022\/03\/e3a78ee5-4bdd-4f15-879c-b4006655d9c4-768x432.jpg 768w, https:\/\/mppee.gob.ve\/wp-content\/uploads\/2022\/03\/e3a78ee5-4bdd-4f15-879c-b4006655d9c4.jpg 1000w\" sizes=\"auto, (max-width: 300px) 100vw, 300px\" \/>El vicepresidente Sectorial de Obras P\u00fablicas y Servicios, G\/J N\u00e9stor Reverol, instruy\u00f3 durante la instalaci\u00f3n del Congreso, que se empezar\u00e1n a obtener victorias tempranas a trav\u00e9s de acciones que den respuesta inmediata en las comunidades organizadas con la finalidad de brindar un mejor servicio.<\/p>\n<p style=\"text-align: justify;\">Durante los trabajos, la vocera del Comit\u00e9 de Tierra del Consejo Comunal 27 de Julio y secretaria de la Organizaci\u00f3n Somos Venezuela, agradeci\u00f3 la respuesta inmediata de la Corporaci\u00f3n por los trabajos de instalaci\u00f3n de alumbrado p\u00fablico, que repotencia el sistema de iluminaci\u00f3n en la comunidad.<\/p>\n<p style=\"text-align: justify;\"><img loading=\"lazy\" decoding=\"async\" class=\"size-medium wp-image-86331 alignleft\" src=\"http:\/\/10.200.87.50\/mppee\/wp-content\/uploads\/2022\/03\/552648ec-b889-49a1-8e8f-f0a5d1d6714e-300x169.jpg\" alt=\"\" width=\"300\" height=\"169\" srcset=\"https:\/\/mppee.gob.ve\/wp-content\/uploads\/2022\/03\/552648ec-b889-49a1-8e8f-f0a5d1d6714e-300x169.jpg 300w, https:\/\/mppee.gob.ve\/wp-content\/uploads\/2022\/03\/552648ec-b889-49a1-8e8f-f0a5d1d6714e-768x432.jpg 768w, https:\/\/mppee.gob.ve\/wp-content\/uploads\/2022\/03\/552648ec-b889-49a1-8e8f-f0a5d1d6714e.jpg 1000w\" sizes=\"auto, (max-width: 300px) 100vw, 300px\" \/>La fuerza trabajadora de la Estatal El\u00e9ctrica, contin\u00faa con su labor para ofrecer al pueblo un servicio p\u00fablico eficiente y de calidad, de acuerdo con lo instruido por el presidente de la Rep\u00fablica, Nicol\u00e1s Maduro, el ministro del Poder Popular para la Energ\u00eda El\u00e9ctrica, G\/J N\u00e9stor Reverol, y el presidente de Corpoelec, Ingeniero Jos\u00e9 Luis Betancourt.<\/p>\n<p><strong>Prensa Corpoelec<\/strong><\/p>\n","protected":false},"excerpt":{"rendered":"<p>Como parte de las respuestas a los requerimientos de las comunidades tras el Congreso Nacional de Servicios P\u00fablicos- Cap\u00edtulo La<\/p>\n","protected":false},"author":12,"featured_media":86330,"comment_status":"open","ping_status":"open","sticky":false,"template":"","format":"standard","meta":{"footnotes":""},"categories":[30],"tags":[11],"class_list":["post-86329","post","type-post","status-publish","format-standard","has-post-thumbnail","hentry","category-regionales","tag-mppee"],"_links":{"self":[{"href":"https:\/\/mppee.gob.ve\/index.php?rest_route=\/wp\/v2\/posts\/86329","targetHints":{"allow":["GET"]}}],"collection":[{"href":"https:\/\/mppee.gob.ve\/index.php?rest_route=\/wp\/v2\/posts"}],"about":[{"href":"https:\/\/mppee.gob.ve\/index.php?rest_route=\/wp\/v2\/types\/post"}],"author":[{"embeddable":true,"href":"https:\/\/mppee.gob.ve\/index.php?rest_route=\/wp\/v2\/users\/12"}],"replies":[{"embeddable":true,"href":"https:\/\/mppee.gob.ve\/index.php?rest_route=%2Fwp%2Fv2%2Fcomments&post=86329"}],"version-history":[{"count":1,"href":"https:\/\/mppee.gob.ve\/index.php?rest_route=\/wp\/v2\/posts\/86329\/revisions"}],"predecessor-version":[{"id":86334,"href":"https:\/\/mppee.gob.ve\/index.php?rest_route=\/wp\/v2\/posts\/86329\/revisions\/86334"}],"wp:featuredmedia":[{"embeddable":true,"href":"https:\/\/mppee.gob.ve\/index.php?rest_route=\/wp\/v2\/media\/86330"}],"wp:attachment":[{"href":"https:\/\/mppee.gob.ve\/index.php?rest_route=%2Fwp%2Fv2%2Fmedia&parent=86329"}],"wp:term":[{"taxonomy":"category","embeddable":true,"href":"https:\/\/mppee.gob.ve\/index.php?rest_route=%2Fwp%2Fv2%2Fcategories&post=86329"},{"taxonomy":"post_tag","embeddable":true,"href":"https:\/\/mppee.gob.ve\/index.php?rest_route=%2Fwp%2Fv2%2Ftags&post=86329"}],"curies":[{"name":"wp","href":"https:\/\/api.w.org\/{rel}","templated":true}]}}