{"id":86335,"date":"2022-03-01T18:19:24","date_gmt":"2022-03-01T18:19:24","guid":{"rendered":"http:\/\/10.200.87.50\/mppee\/?p=86335"},"modified":"2022-03-01T18:19:25","modified_gmt":"2022-03-01T18:19:25","slug":"sector-electrico-participo-con-carroza-alegorica-a-las-guacamayas-durante-desfile-caracas-feliz-carnaval-2022","status":"publish","type":"post","link":"https:\/\/mppee.gob.ve\/?p=86335","title":{"rendered":"Sector el\u00e9ctrico particip\u00f3 con carroza aleg\u00f3rica a las Guacamayas durante desfile Caracas Feliz Carnaval 2022"},"content":{"rendered":"<p style=\"text-align: justify;\"><img loading=\"lazy\" decoding=\"async\" class=\"size-medium wp-image-86341 alignleft\" src=\"http:\/\/10.200.87.50\/mppee\/wp-content\/uploads\/2022\/03\/aea9c60e-6d34-4231-8911-b229f55a807f-300x206.jpg\" alt=\"\" width=\"300\" height=\"206\" srcset=\"https:\/\/mppee.gob.ve\/wp-content\/uploads\/2022\/03\/aea9c60e-6d34-4231-8911-b229f55a807f-300x206.jpg 300w, https:\/\/mppee.gob.ve\/wp-content\/uploads\/2022\/03\/aea9c60e-6d34-4231-8911-b229f55a807f-1024x704.jpg 1024w, https:\/\/mppee.gob.ve\/wp-content\/uploads\/2022\/03\/aea9c60e-6d34-4231-8911-b229f55a807f-768x528.jpg 768w, https:\/\/mppee.gob.ve\/wp-content\/uploads\/2022\/03\/aea9c60e-6d34-4231-8911-b229f55a807f-130x90.jpg 130w, https:\/\/mppee.gob.ve\/wp-content\/uploads\/2022\/03\/aea9c60e-6d34-4231-8911-b229f55a807f.jpg 1080w\" sizes=\"auto, (max-width: 300px) 100vw, 300px\" \/>Como parte de la programaci\u00f3n de Caracas Feliz Carnaval 2022, este lunes y martes el Ministerio del Poder Popular para la Energ\u00eda El\u00e9ctrica (Mppee) y la Corporaci\u00f3n El\u00e9ctrica Nacional (Corpoelec), participaron en el desfile de m\u00e1s de 40 carrozas en el Paseo Los Pr\u00f3ceres, dando muestra de un aleg\u00f3rico homenaje a las pintorescas Guacamayas de Caracas y en representaci\u00f3n de la parroquia San Bernardino.<\/p>\n<p style=\"text-align: justify;\">La carroza que fue elaborada con algunos materiales de reciclaje y plantas ornamentales, llam\u00f3 la atenci\u00f3n de los asistentes a la festividad por su colorido y belleza al representar a estas aves que vuelan a diario el cielo caraque\u00f1o.<\/p>\n<p style=\"text-align: justify;\"><img loading=\"lazy\" decoding=\"async\" class=\"size-medium wp-image-86340 alignright\" src=\"http:\/\/10.200.87.50\/mppee\/wp-content\/uploads\/2022\/03\/65964886-21cd-49c9-8e5e-15b04c8c8928-300x200.jpg\" alt=\"\" width=\"300\" height=\"200\" srcset=\"https:\/\/mppee.gob.ve\/wp-content\/uploads\/2022\/03\/65964886-21cd-49c9-8e5e-15b04c8c8928-300x200.jpg 300w, https:\/\/mppee.gob.ve\/wp-content\/uploads\/2022\/03\/65964886-21cd-49c9-8e5e-15b04c8c8928-768x512.jpg 768w, https:\/\/mppee.gob.ve\/wp-content\/uploads\/2022\/03\/65964886-21cd-49c9-8e5e-15b04c8c8928.jpg 912w\" sizes=\"auto, (max-width: 300px) 100vw, 300px\" \/>La viceministra para la Articulaci\u00f3n y Participaci\u00f3n Social en el Servicio El\u00e9ctrico del Mppee, Nuris Perozo, se\u00f1al\u00f3 que <strong>\u201clas Guacamayas se caracterizan por su colorido y en esta carroza lo representamos con dos residentes de la parroquia San Bernardino, quienes llevan en sus vestidos estos colores\u201d.<\/strong><\/p>\n<p style=\"text-align: justify;\">Agreg\u00f3 que la fuerza trabajadora dijo presente en estas fiestas carnestolendas, e invit\u00f3 a todas y todos a unirse a la campa\u00f1a para un buen uso de la energ\u00eda el\u00e9ctrica, afirm\u00f3 Perozo.<\/p>\n<p style=\"text-align: justify;\">Por otra parte, la ni\u00f1a Yolainis S\u00e1nchez, quien disfrut\u00f3 del paso de las carrozas, manifest\u00f3 su alegr\u00eda y asombro por el colorido y lo que representa, <strong>\u201cme gustaron mucho las Guacamayas por su tama\u00f1o y color\u201d.<\/strong><\/p>\n<p style=\"text-align: justify;\"><img loading=\"lazy\" decoding=\"async\" class=\"size-medium wp-image-86339 alignleft\" src=\"http:\/\/10.200.87.50\/mppee\/wp-content\/uploads\/2022\/03\/56877978-a4ef-4c3f-909d-5f1e57e001b1-300x200.jpg\" alt=\"\" width=\"300\" height=\"200\" srcset=\"https:\/\/mppee.gob.ve\/wp-content\/uploads\/2022\/03\/56877978-a4ef-4c3f-909d-5f1e57e001b1-300x200.jpg 300w, https:\/\/mppee.gob.ve\/wp-content\/uploads\/2022\/03\/56877978-a4ef-4c3f-909d-5f1e57e001b1-768x512.jpg 768w, https:\/\/mppee.gob.ve\/wp-content\/uploads\/2022\/03\/56877978-a4ef-4c3f-909d-5f1e57e001b1.jpg 912w\" sizes=\"auto, (max-width: 300px) 100vw, 300px\" \/>Asimismo, Carmen P\u00e9rez de la parroquia El Valle, manifest\u00f3 que<strong> \u201cla celebraci\u00f3n del Carnaval estuvo perfecta; que linda esa carroza con esas flores y tan hermosas Guacamayas, felicitaciones a todos\u201d.<\/strong><\/p>\n<p style=\"text-align: justify;\">\nIgualmente, durante los dos d\u00edas del desfile, las trabajadoras y trabajadores del Mppee y Corpoelec, hicieron referencia a la campa\u00f1a <strong>\u201cActiva la Conciencia con Energ\u00eda y Eficiencia\u00bb<\/strong>, con un mensaje sobre el ahorro del servicio.<\/p>\n<p><strong>Prensa Mppee<\/strong><\/p>\n<p><img loading=\"lazy\" decoding=\"async\" class=\"alignnone wp-image-86337 size-full\" src=\"http:\/\/10.200.87.50\/mppee\/wp-content\/uploads\/2022\/03\/14c2fc17-0917-4300-89c2-414c612336f3.jpg\" alt=\"\" width=\"912\" height=\"608\" srcset=\"https:\/\/mppee.gob.ve\/wp-content\/uploads\/2022\/03\/14c2fc17-0917-4300-89c2-414c612336f3.jpg 912w, https:\/\/mppee.gob.ve\/wp-content\/uploads\/2022\/03\/14c2fc17-0917-4300-89c2-414c612336f3-300x200.jpg 300w, https:\/\/mppee.gob.ve\/wp-content\/uploads\/2022\/03\/14c2fc17-0917-4300-89c2-414c612336f3-768x512.jpg 768w\" sizes=\"auto, (max-width: 912px) 100vw, 912px\" \/> <img loading=\"lazy\" decoding=\"async\" class=\"alignnone wp-image-86336 size-full\" src=\"http:\/\/10.200.87.50\/mppee\/wp-content\/uploads\/2022\/03\/6fd26fdd-c9ff-49ad-b60d-dddc4c3e5466.jpg\" alt=\"\" width=\"912\" height=\"608\" srcset=\"https:\/\/mppee.gob.ve\/wp-content\/uploads\/2022\/03\/6fd26fdd-c9ff-49ad-b60d-dddc4c3e5466.jpg 912w, https:\/\/mppee.gob.ve\/wp-content\/uploads\/2022\/03\/6fd26fdd-c9ff-49ad-b60d-dddc4c3e5466-300x200.jpg 300w, https:\/\/mppee.gob.ve\/wp-content\/uploads\/2022\/03\/6fd26fdd-c9ff-49ad-b60d-dddc4c3e5466-768x512.jpg 768w\" sizes=\"auto, (max-width: 912px) 100vw, 912px\" \/><\/p>\n","protected":false},"excerpt":{"rendered":"<p>Como parte de la programaci\u00f3n de Caracas Feliz Carnaval 2022, este lunes y martes el Ministerio del Poder Popular para<\/p>\n","protected":false},"author":12,"featured_media":86338,"comment_status":"open","ping_status":"open","sticky":false,"template":"","format":"standard","meta":{"footnotes":""},"categories":[15],"tags":[111,11],"class_list":["post-86335","post","type-post","status-publish","format-standard","has-post-thumbnail","hentry","category-nacionales","tag-caracas","tag-mppee"],"_links":{"self":[{"href":"https:\/\/mppee.gob.ve\/index.php?rest_route=\/wp\/v2\/posts\/86335","targetHints":{"allow":["GET"]}}],"collection":[{"href":"https:\/\/mppee.gob.ve\/index.php?rest_route=\/wp\/v2\/posts"}],"about":[{"href":"https:\/\/mppee.gob.ve\/index.php?rest_route=\/wp\/v2\/types\/post"}],"author":[{"embeddable":true,"href":"https:\/\/mppee.gob.ve\/index.php?rest_route=\/wp\/v2\/users\/12"}],"replies":[{"embeddable":true,"href":"https:\/\/mppee.gob.ve\/index.php?rest_route=%2Fwp%2Fv2%2Fcomments&post=86335"}],"version-history":[{"count":1,"href":"https:\/\/mppee.gob.ve\/index.php?rest_route=\/wp\/v2\/posts\/86335\/revisions"}],"predecessor-version":[{"id":86342,"href":"https:\/\/mppee.gob.ve\/index.php?rest_route=\/wp\/v2\/posts\/86335\/revisions\/86342"}],"wp:featuredmedia":[{"embeddable":true,"href":"https:\/\/mppee.gob.ve\/index.php?rest_route=\/wp\/v2\/media\/86338"}],"wp:attachment":[{"href":"https:\/\/mppee.gob.ve\/index.php?rest_route=%2Fwp%2Fv2%2Fmedia&parent=86335"}],"wp:term":[{"taxonomy":"category","embeddable":true,"href":"https:\/\/mppee.gob.ve\/index.php?rest_route=%2Fwp%2Fv2%2Fcategories&post=86335"},{"taxonomy":"post_tag","embeddable":true,"href":"https:\/\/mppee.gob.ve\/index.php?rest_route=%2Fwp%2Fv2%2Ftags&post=86335"}],"curies":[{"name":"wp","href":"https:\/\/api.w.org\/{rel}","templated":true}]}}