{"id":86353,"date":"2022-03-04T11:15:00","date_gmt":"2022-03-04T11:15:00","guid":{"rendered":"http:\/\/10.200.87.50\/mppee\/?p=86353"},"modified":"2022-03-05T11:20:53","modified_gmt":"2022-03-05T11:20:53","slug":"congreso-nacional-de-servicios-publicos-acuerda-reordenamiento-del-transporte-publico-y-recuperacion-de-las-telecomunicaciones","status":"publish","type":"post","link":"https:\/\/mppee.gob.ve\/?p=86353","title":{"rendered":"Congreso Nacional de Servicios P\u00fablicos acuerda reordenamiento del transporte p\u00fablico y  recuperaci\u00f3n de las telecomunicaciones"},"content":{"rendered":"<p style=\"text-align: justify;\"><img loading=\"lazy\" decoding=\"async\" class=\"size-medium wp-image-86355 alignleft\" src=\"http:\/\/10.200.87.50\/mppee\/wp-content\/uploads\/2022\/03\/Congreso-Nacional-de-Servicios-P\u00fablicos-acuerda-reordenamiento-del-transporte-p\u00fablico-y-recuperaci\u00f3n-de-las-telecomunicaciones-1-300x200.jpeg\" alt=\"\" width=\"300\" height=\"200\" srcset=\"https:\/\/mppee.gob.ve\/wp-content\/uploads\/2022\/03\/Congreso-Nacional-de-Servicios-P\u00fablicos-acuerda-reordenamiento-del-transporte-p\u00fablico-y-recuperaci\u00f3n-de-las-telecomunicaciones-1-300x200.jpeg 300w, https:\/\/mppee.gob.ve\/wp-content\/uploads\/2022\/03\/Congreso-Nacional-de-Servicios-P\u00fablicos-acuerda-reordenamiento-del-transporte-p\u00fablico-y-recuperaci\u00f3n-de-las-telecomunicaciones-1-768x512.jpeg 768w, https:\/\/mppee.gob.ve\/wp-content\/uploads\/2022\/03\/Congreso-Nacional-de-Servicios-P\u00fablicos-acuerda-reordenamiento-del-transporte-p\u00fablico-y-recuperaci\u00f3n-de-las-telecomunicaciones-1.jpeg 912w\" sizes=\"auto, (max-width: 300px) 100vw, 300px\" \/>El reordenamiento del transporte p\u00fablico y la recuperaci\u00f3n de las telecomunicaciones en el Distrito Capital, fueron algunos de los acuerdos establecidos durante el primer Congreso Nacional de los Servicios P\u00fablicos, cap\u00edtulo Caracas.<\/p>\n<p><strong>\u201cTambi\u00e9n recuperaremos la generaci\u00f3n termoel\u00e9ctrica en la Capital, haremos mantenimiento mayor al Sistema Tuy y Metro de Caracas con la fuerza trabajadora. Adem\u00e1s, nos desplegamos en las escuelas para incentivar el reciclaje\u201d,<\/strong> inform\u00f3 el vicepresidente Sectorial de Obras P\u00fablicas y Servicios, G\/J N\u00e9stor Reverol, junto a la alcaldesa del municipio Libertador, A\/J Carmen Mel\u00e9ndez y la segunda vicepresidenta de la Asamblea Nacional, Vanessa Montero.<\/p>\n<p style=\"text-align: justify;\"><img loading=\"lazy\" decoding=\"async\" class=\"size-medium wp-image-86358 alignright\" src=\"http:\/\/10.200.87.50\/mppee\/wp-content\/uploads\/2022\/03\/Congreso-Nacional-de-Servicios-P\u00fablicos-acuerda-reordenamiento-del-transporte-p\u00fablico-y-recuperaci\u00f3n-de-las-telecomunicaciones-5-300x185.jpeg\" alt=\"\" width=\"300\" height=\"185\" srcset=\"https:\/\/mppee.gob.ve\/wp-content\/uploads\/2022\/03\/Congreso-Nacional-de-Servicios-P\u00fablicos-acuerda-reordenamiento-del-transporte-p\u00fablico-y-recuperaci\u00f3n-de-las-telecomunicaciones-5-300x185.jpeg 300w, https:\/\/mppee.gob.ve\/wp-content\/uploads\/2022\/03\/Congreso-Nacional-de-Servicios-P\u00fablicos-acuerda-reordenamiento-del-transporte-p\u00fablico-y-recuperaci\u00f3n-de-las-telecomunicaciones-5-768x474.jpeg 768w, https:\/\/mppee.gob.ve\/wp-content\/uploads\/2022\/03\/Congreso-Nacional-de-Servicios-P\u00fablicos-acuerda-reordenamiento-del-transporte-p\u00fablico-y-recuperaci\u00f3n-de-las-telecomunicaciones-5.jpeg 872w\" sizes=\"auto, (max-width: 300px) 100vw, 300px\" \/>Desde el Teatro de la Escuela de Formaci\u00f3n de Oficiales de las Fuerzas Armadas de Cooperaci\u00f3n (Efofac), en Fuerte Tiuna, destac\u00f3 la participaci\u00f3n de los 121 ejes territoriales pertenecientes a las 22 parroquias de la capital del pa\u00eds, donde crear\u00e1n las cartograf\u00edas sociales para atender las necesidades del pueblo caraque\u00f1o.<\/p>\n<p><strong>\u201cCon esta actividad culminamos el ciclo en la Regi\u00f3n Capital para obtener victorias tempranas y respuestas oportunas a los problemas planteados por las comunidades en los temas de agua potable, electricidad, gas, telecomunicaciones, desechos s\u00f3lidos y obras p\u00fablicas\u201d<\/strong>, dijo Reverol Torres.<\/p>\n<p><img loading=\"lazy\" decoding=\"async\" class=\"size-medium wp-image-86356 alignleft\" src=\"http:\/\/10.200.87.50\/mppee\/wp-content\/uploads\/2022\/03\/Congreso-Nacional-de-Servicios-P\u00fablicos-acuerda-reordenamiento-del-transporte-p\u00fablico-y-recuperaci\u00f3n-de-las-telecomunicaciones-3-300x225.jpeg\" alt=\"\" width=\"300\" height=\"225\" srcset=\"https:\/\/mppee.gob.ve\/wp-content\/uploads\/2022\/03\/Congreso-Nacional-de-Servicios-P\u00fablicos-acuerda-reordenamiento-del-transporte-p\u00fablico-y-recuperaci\u00f3n-de-las-telecomunicaciones-3-300x225.jpeg 300w, https:\/\/mppee.gob.ve\/wp-content\/uploads\/2022\/03\/Congreso-Nacional-de-Servicios-P\u00fablicos-acuerda-reordenamiento-del-transporte-p\u00fablico-y-recuperaci\u00f3n-de-las-telecomunicaciones-3-1024x769.jpeg 1024w, https:\/\/mppee.gob.ve\/wp-content\/uploads\/2022\/03\/Congreso-Nacional-de-Servicios-P\u00fablicos-acuerda-reordenamiento-del-transporte-p\u00fablico-y-recuperaci\u00f3n-de-las-telecomunicaciones-3-768x577.jpeg 768w, https:\/\/mppee.gob.ve\/wp-content\/uploads\/2022\/03\/Congreso-Nacional-de-Servicios-P\u00fablicos-acuerda-reordenamiento-del-transporte-p\u00fablico-y-recuperaci\u00f3n-de-las-telecomunicaciones-3.jpeg 1080w\" sizes=\"auto, (max-width: 300px) 100vw, 300px\" \/>Precis\u00f3 que junto al gobierno nacional, municipal, concejales, diputados de la Asamblea Nacional y el Poder Popular, como un solo equipo, se conformar\u00e1n mesas de trabajo por 10 d\u00edas para debatir las posibles soluciones y alcanzar la optimizaci\u00f3n de los servicios.<\/p>\n<p>Finalmente, destac\u00f3 que los 121 ejes territoriales ser\u00e1n apalancados con los 122 ejes de paz que existen en Caracas, para crear la Red Nacional de Servicios P\u00fablicos (Renaser), y lograr respuestas concretas para la capital<\/p>\n<p><strong>Prensa Vpsops<\/strong><\/p>\n<p><img loading=\"lazy\" decoding=\"async\" class=\"alignnone wp-image-86357 size-full\" src=\"http:\/\/10.200.87.50\/mppee\/wp-content\/uploads\/2022\/03\/Congreso-Nacional-de-Servicios-P\u00fablicos-acuerda-reordenamiento-del-transporte-p\u00fablico-y-recuperaci\u00f3n-de-las-telecomunicaciones-4.jpeg\" alt=\"\" width=\"912\" height=\"608\" srcset=\"https:\/\/mppee.gob.ve\/wp-content\/uploads\/2022\/03\/Congreso-Nacional-de-Servicios-P\u00fablicos-acuerda-reordenamiento-del-transporte-p\u00fablico-y-recuperaci\u00f3n-de-las-telecomunicaciones-4.jpeg 912w, https:\/\/mppee.gob.ve\/wp-content\/uploads\/2022\/03\/Congreso-Nacional-de-Servicios-P\u00fablicos-acuerda-reordenamiento-del-transporte-p\u00fablico-y-recuperaci\u00f3n-de-las-telecomunicaciones-4-300x200.jpeg 300w, https:\/\/mppee.gob.ve\/wp-content\/uploads\/2022\/03\/Congreso-Nacional-de-Servicios-P\u00fablicos-acuerda-reordenamiento-del-transporte-p\u00fablico-y-recuperaci\u00f3n-de-las-telecomunicaciones-4-768x512.jpeg 768w\" sizes=\"auto, (max-width: 912px) 100vw, 912px\" \/><\/p>\n","protected":false},"excerpt":{"rendered":"<p>El reordenamiento del transporte p\u00fablico y la recuperaci\u00f3n de las telecomunicaciones en el Distrito Capital, fueron algunos de los acuerdos<\/p>\n","protected":false},"author":12,"featured_media":86354,"comment_status":"open","ping_status":"open","sticky":false,"template":"","format":"standard","meta":{"footnotes":""},"categories":[15],"tags":[111],"class_list":["post-86353","post","type-post","status-publish","format-standard","has-post-thumbnail","hentry","category-nacionales","tag-caracas"],"_links":{"self":[{"href":"https:\/\/mppee.gob.ve\/index.php?rest_route=\/wp\/v2\/posts\/86353","targetHints":{"allow":["GET"]}}],"collection":[{"href":"https:\/\/mppee.gob.ve\/index.php?rest_route=\/wp\/v2\/posts"}],"about":[{"href":"https:\/\/mppee.gob.ve\/index.php?rest_route=\/wp\/v2\/types\/post"}],"author":[{"embeddable":true,"href":"https:\/\/mppee.gob.ve\/index.php?rest_route=\/wp\/v2\/users\/12"}],"replies":[{"embeddable":true,"href":"https:\/\/mppee.gob.ve\/index.php?rest_route=%2Fwp%2Fv2%2Fcomments&post=86353"}],"version-history":[{"count":1,"href":"https:\/\/mppee.gob.ve\/index.php?rest_route=\/wp\/v2\/posts\/86353\/revisions"}],"predecessor-version":[{"id":86360,"href":"https:\/\/mppee.gob.ve\/index.php?rest_route=\/wp\/v2\/posts\/86353\/revisions\/86360"}],"wp:featuredmedia":[{"embeddable":true,"href":"https:\/\/mppee.gob.ve\/index.php?rest_route=\/wp\/v2\/media\/86354"}],"wp:attachment":[{"href":"https:\/\/mppee.gob.ve\/index.php?rest_route=%2Fwp%2Fv2%2Fmedia&parent=86353"}],"wp:term":[{"taxonomy":"category","embeddable":true,"href":"https:\/\/mppee.gob.ve\/index.php?rest_route=%2Fwp%2Fv2%2Fcategories&post=86353"},{"taxonomy":"post_tag","embeddable":true,"href":"https:\/\/mppee.gob.ve\/index.php?rest_route=%2Fwp%2Fv2%2Ftags&post=86353"}],"curies":[{"name":"wp","href":"https:\/\/api.w.org\/{rel}","templated":true}]}}