{"id":86361,"date":"2022-03-04T11:21:00","date_gmt":"2022-03-04T11:21:00","guid":{"rendered":"http:\/\/10.200.87.50\/mppee\/?p=86361"},"modified":"2022-03-05T11:31:01","modified_gmt":"2022-03-05T11:31:01","slug":"realizan-jornada-integral-de-servicios-publicos-y-atencion-social-en-el-valle","status":"publish","type":"post","link":"https:\/\/mppee.gob.ve\/?p=86361","title":{"rendered":"Realizan jornada integral de Servicios P\u00fablicos y Atenci\u00f3n Social en El Valle"},"content":{"rendered":"<p style=\"text-align: justify;\"><img loading=\"lazy\" decoding=\"async\" class=\"size-medium wp-image-86368 alignleft\" src=\"http:\/\/10.200.87.50\/mppee\/wp-content\/uploads\/2022\/03\/Realizan-jornada-integral-de-Servicios-P\u00fablicos-y-Atenci\u00f3n-Social-en-El-Valle-7-300x184.jpeg\" alt=\"\" width=\"300\" height=\"184\" srcset=\"https:\/\/mppee.gob.ve\/wp-content\/uploads\/2022\/03\/Realizan-jornada-integral-de-Servicios-P\u00fablicos-y-Atenci\u00f3n-Social-en-El-Valle-7-300x184.jpeg 300w, https:\/\/mppee.gob.ve\/wp-content\/uploads\/2022\/03\/Realizan-jornada-integral-de-Servicios-P\u00fablicos-y-Atenci\u00f3n-Social-en-El-Valle-7-1024x627.jpeg 1024w, https:\/\/mppee.gob.ve\/wp-content\/uploads\/2022\/03\/Realizan-jornada-integral-de-Servicios-P\u00fablicos-y-Atenci\u00f3n-Social-en-El-Valle-7-768x470.jpeg 768w, https:\/\/mppee.gob.ve\/wp-content\/uploads\/2022\/03\/Realizan-jornada-integral-de-Servicios-P\u00fablicos-y-Atenci\u00f3n-Social-en-El-Valle-7.jpeg 1080w\" sizes=\"auto, (max-width: 300px) 100vw, 300px\" \/>M\u00e1s de 11 mil habitantes fueron abordados durante la Jornada Integral de Servicios P\u00fablicos y Atenci\u00f3n Social desarrollado por el Gobierno nacional en la parroquia El Valle en Caracas.<\/p>\n<p><strong>\u201cLa actividad cont\u00f3 con la adecuaci\u00f3n de los espacios en materia de alumbrado p\u00fablico, reportes de aver\u00edas de Cantv e Hidrocapital, asfaltado, adem\u00e1s de atenci\u00f3n en materia de salud\u201d<\/strong>, destac\u00f3 desde la plaza Bol\u00edvar de El Valle, el vicepresidente Sectorial de Obras P\u00fablicas y Servicios, G\/J N\u00e9stor Reverol, junto al vicepresidente Sectorial para el Socialismo Social y Territorial, Mervin Maldonado, y la alcaldesa del municipio Libertador, A\/J Carmen Mel\u00e9ndez.<\/p>\n<p><img loading=\"lazy\" decoding=\"async\" class=\"size-medium wp-image-86367 alignright\" src=\"http:\/\/10.200.87.50\/mppee\/wp-content\/uploads\/2022\/03\/Realizan-jornada-integral-de-Servicios-P\u00fablicos-y-Atenci\u00f3n-Social-en-El-Valle-6-300x155.jpeg\" alt=\"\" width=\"300\" height=\"155\" srcset=\"https:\/\/mppee.gob.ve\/wp-content\/uploads\/2022\/03\/Realizan-jornada-integral-de-Servicios-P\u00fablicos-y-Atenci\u00f3n-Social-en-El-Valle-6-300x155.jpeg 300w, https:\/\/mppee.gob.ve\/wp-content\/uploads\/2022\/03\/Realizan-jornada-integral-de-Servicios-P\u00fablicos-y-Atenci\u00f3n-Social-en-El-Valle-6-1024x529.jpeg 1024w, https:\/\/mppee.gob.ve\/wp-content\/uploads\/2022\/03\/Realizan-jornada-integral-de-Servicios-P\u00fablicos-y-Atenci\u00f3n-Social-en-El-Valle-6-768x397.jpeg 768w, https:\/\/mppee.gob.ve\/wp-content\/uploads\/2022\/03\/Realizan-jornada-integral-de-Servicios-P\u00fablicos-y-Atenci\u00f3n-Social-en-El-Valle-6.jpeg 1080w\" sizes=\"auto, (max-width: 300px) 100vw, 300px\" \/>Reverol Torres precis\u00f3 que visitaron la parroquia El Valle de Caracas, para darle acompa\u00f1amiento en el mapa de soluciones de los servicios p\u00fablicos, con la atenci\u00f3n especial a la Comuna Ecosocialista Comandante, conformada por nueve Consejos Comunales.<\/p>\n<p><strong>\u201cNos plantearon el mapa, y vinimos con toda la Vicepresidencia de Obras P\u00fablicas y Servicios a hacer la agenda de acci\u00f3n concreta y buscar soluciones planteadas por el mismo pueblo\u201d<\/strong>, dijo Reverol Torres.<\/p>\n<p>Afirm\u00f3 que es fundamental el desarrollo de este tipo de jornadas, ya que permite devolver el bienestar social al pueblo de Venezuela, que han sido v\u00edctimas por parte de acciones del criminal bloqueo econ\u00f3mico y financiero.<\/p>\n<p><img loading=\"lazy\" decoding=\"async\" class=\"size-medium wp-image-86366 alignleft\" src=\"http:\/\/10.200.87.50\/mppee\/wp-content\/uploads\/2022\/03\/Realizan-jornada-integral-de-Servicios-P\u00fablicos-y-Atenci\u00f3n-Social-en-El-Valle-5-300x195.jpeg\" alt=\"\" width=\"300\" height=\"195\" srcset=\"https:\/\/mppee.gob.ve\/wp-content\/uploads\/2022\/03\/Realizan-jornada-integral-de-Servicios-P\u00fablicos-y-Atenci\u00f3n-Social-en-El-Valle-5-300x195.jpeg 300w, https:\/\/mppee.gob.ve\/wp-content\/uploads\/2022\/03\/Realizan-jornada-integral-de-Servicios-P\u00fablicos-y-Atenci\u00f3n-Social-en-El-Valle-5-1024x667.jpeg 1024w, https:\/\/mppee.gob.ve\/wp-content\/uploads\/2022\/03\/Realizan-jornada-integral-de-Servicios-P\u00fablicos-y-Atenci\u00f3n-Social-en-El-Valle-5-768x500.jpeg 768w, https:\/\/mppee.gob.ve\/wp-content\/uploads\/2022\/03\/Realizan-jornada-integral-de-Servicios-P\u00fablicos-y-Atenci\u00f3n-Social-en-El-Valle-5.jpeg 1080w\" sizes=\"auto, (max-width: 300px) 100vw, 300px\" \/>Por su parte, el vicepresidente Sectorial para el Socialismo Social y Territorial, Mervin Maldonado, asegur\u00f3 que se realiza <strong>\u201cun plan a nivel nacional, regional y municipal y sobre todo con el Poder Popular, vamos a la b\u00fasqueda de los problemas para generar soluciones inmediatas\u201d.<\/strong><\/p>\n<p>Finalmente, la alcaldesa del municipio Libertador, A\/J Carmen Mel\u00e9ndez, manifest\u00f3 que la uni\u00f3n de los tres niveles de gobierno junto al pueblo conforma la articulaci\u00f3n perfecta para la resoluci\u00f3n de las necesidades de las comunidades.<\/p>\n<p><strong>Prensa Vpsops<\/strong><\/p>\n<p><img loading=\"lazy\" decoding=\"async\" class=\"alignnone wp-image-86365 size-full\" src=\"http:\/\/10.200.87.50\/mppee\/wp-content\/uploads\/2022\/03\/Realizan-jornada-integral-de-Servicios-P\u00fablicos-y-Atenci\u00f3n-Social-en-El-Valle-4.jpeg\" alt=\"\" width=\"1080\" height=\"764\" srcset=\"https:\/\/mppee.gob.ve\/wp-content\/uploads\/2022\/03\/Realizan-jornada-integral-de-Servicios-P\u00fablicos-y-Atenci\u00f3n-Social-en-El-Valle-4.jpeg 1080w, https:\/\/mppee.gob.ve\/wp-content\/uploads\/2022\/03\/Realizan-jornada-integral-de-Servicios-P\u00fablicos-y-Atenci\u00f3n-Social-en-El-Valle-4-300x212.jpeg 300w, https:\/\/mppee.gob.ve\/wp-content\/uploads\/2022\/03\/Realizan-jornada-integral-de-Servicios-P\u00fablicos-y-Atenci\u00f3n-Social-en-El-Valle-4-1024x724.jpeg 1024w, https:\/\/mppee.gob.ve\/wp-content\/uploads\/2022\/03\/Realizan-jornada-integral-de-Servicios-P\u00fablicos-y-Atenci\u00f3n-Social-en-El-Valle-4-768x543.jpeg 768w\" sizes=\"auto, (max-width: 1080px) 100vw, 1080px\" \/> <img loading=\"lazy\" decoding=\"async\" class=\"alignnone wp-image-86364 size-full\" src=\"http:\/\/10.200.87.50\/mppee\/wp-content\/uploads\/2022\/03\/Realizan-jornada-integral-de-Servicios-P\u00fablicos-y-Atenci\u00f3n-Social-en-El-Valle-3.jpeg\" alt=\"\" width=\"1080\" height=\"671\" srcset=\"https:\/\/mppee.gob.ve\/wp-content\/uploads\/2022\/03\/Realizan-jornada-integral-de-Servicios-P\u00fablicos-y-Atenci\u00f3n-Social-en-El-Valle-3.jpeg 1080w, https:\/\/mppee.gob.ve\/wp-content\/uploads\/2022\/03\/Realizan-jornada-integral-de-Servicios-P\u00fablicos-y-Atenci\u00f3n-Social-en-El-Valle-3-300x186.jpeg 300w, https:\/\/mppee.gob.ve\/wp-content\/uploads\/2022\/03\/Realizan-jornada-integral-de-Servicios-P\u00fablicos-y-Atenci\u00f3n-Social-en-El-Valle-3-1024x636.jpeg 1024w, https:\/\/mppee.gob.ve\/wp-content\/uploads\/2022\/03\/Realizan-jornada-integral-de-Servicios-P\u00fablicos-y-Atenci\u00f3n-Social-en-El-Valle-3-768x477.jpeg 768w\" sizes=\"auto, (max-width: 1080px) 100vw, 1080px\" \/> <img loading=\"lazy\" decoding=\"async\" class=\"alignnone wp-image-86363 size-full\" src=\"http:\/\/10.200.87.50\/mppee\/wp-content\/uploads\/2022\/03\/Realizan-jornada-integral-de-Servicios-P\u00fablicos-y-Atenci\u00f3n-Social-en-El-Valle-2.jpeg\" alt=\"\" width=\"1080\" height=\"725\" srcset=\"https:\/\/mppee.gob.ve\/wp-content\/uploads\/2022\/03\/Realizan-jornada-integral-de-Servicios-P\u00fablicos-y-Atenci\u00f3n-Social-en-El-Valle-2.jpeg 1080w, https:\/\/mppee.gob.ve\/wp-content\/uploads\/2022\/03\/Realizan-jornada-integral-de-Servicios-P\u00fablicos-y-Atenci\u00f3n-Social-en-El-Valle-2-300x201.jpeg 300w, https:\/\/mppee.gob.ve\/wp-content\/uploads\/2022\/03\/Realizan-jornada-integral-de-Servicios-P\u00fablicos-y-Atenci\u00f3n-Social-en-El-Valle-2-1024x687.jpeg 1024w, https:\/\/mppee.gob.ve\/wp-content\/uploads\/2022\/03\/Realizan-jornada-integral-de-Servicios-P\u00fablicos-y-Atenci\u00f3n-Social-en-El-Valle-2-768x516.jpeg 768w\" sizes=\"auto, (max-width: 1080px) 100vw, 1080px\" \/><\/p>\n","protected":false},"excerpt":{"rendered":"<p>M\u00e1s de 11 mil habitantes fueron abordados durante la Jornada Integral de Servicios P\u00fablicos y Atenci\u00f3n Social desarrollado por el<\/p>\n","protected":false},"author":12,"featured_media":86362,"comment_status":"open","ping_status":"open","sticky":false,"template":"","format":"standard","meta":{"footnotes":""},"categories":[30],"tags":[111],"class_list":["post-86361","post","type-post","status-publish","format-standard","has-post-thumbnail","hentry","category-regionales","tag-caracas"],"_links":{"self":[{"href":"https:\/\/mppee.gob.ve\/index.php?rest_route=\/wp\/v2\/posts\/86361","targetHints":{"allow":["GET"]}}],"collection":[{"href":"https:\/\/mppee.gob.ve\/index.php?rest_route=\/wp\/v2\/posts"}],"about":[{"href":"https:\/\/mppee.gob.ve\/index.php?rest_route=\/wp\/v2\/types\/post"}],"author":[{"embeddable":true,"href":"https:\/\/mppee.gob.ve\/index.php?rest_route=\/wp\/v2\/users\/12"}],"replies":[{"embeddable":true,"href":"https:\/\/mppee.gob.ve\/index.php?rest_route=%2Fwp%2Fv2%2Fcomments&post=86361"}],"version-history":[{"count":1,"href":"https:\/\/mppee.gob.ve\/index.php?rest_route=\/wp\/v2\/posts\/86361\/revisions"}],"predecessor-version":[{"id":86370,"href":"https:\/\/mppee.gob.ve\/index.php?rest_route=\/wp\/v2\/posts\/86361\/revisions\/86370"}],"wp:featuredmedia":[{"embeddable":true,"href":"https:\/\/mppee.gob.ve\/index.php?rest_route=\/wp\/v2\/media\/86362"}],"wp:attachment":[{"href":"https:\/\/mppee.gob.ve\/index.php?rest_route=%2Fwp%2Fv2%2Fmedia&parent=86361"}],"wp:term":[{"taxonomy":"category","embeddable":true,"href":"https:\/\/mppee.gob.ve\/index.php?rest_route=%2Fwp%2Fv2%2Fcategories&post=86361"},{"taxonomy":"post_tag","embeddable":true,"href":"https:\/\/mppee.gob.ve\/index.php?rest_route=%2Fwp%2Fv2%2Ftags&post=86361"}],"curies":[{"name":"wp","href":"https:\/\/api.w.org\/{rel}","templated":true}]}}