{"id":86389,"date":"2022-03-06T14:03:00","date_gmt":"2022-03-06T14:03:00","guid":{"rendered":"http:\/\/10.200.87.50\/mppee\/?p=86389"},"modified":"2022-03-07T14:33:47","modified_gmt":"2022-03-07T14:33:47","slug":"mas-de-20-trabajos-de-recuperacion-de-servicios-publicos-realizan-en-el-valle","status":"publish","type":"post","link":"https:\/\/mppee.gob.ve\/?p=86389","title":{"rendered":"M\u00e1s de 20 trabajos de recuperaci\u00f3n de servicios p\u00fablicos realizan en El Valle"},"content":{"rendered":"<p style=\"font-weight: 400; text-align: justify;\"><img loading=\"lazy\" decoding=\"async\" class=\"size-medium wp-image-86398 alignleft\" src=\"http:\/\/10.200.87.50\/mppee\/wp-content\/uploads\/2022\/03\/M\u00e1s-de-20-trabajos-de-recuperaci\u00f3n-de-servicios-p\u00fablicos-realizan-en-El-Valle-11-300x216.jpg\" alt=\"\" width=\"300\" height=\"216\" srcset=\"https:\/\/mppee.gob.ve\/wp-content\/uploads\/2022\/03\/M\u00e1s-de-20-trabajos-de-recuperaci\u00f3n-de-servicios-p\u00fablicos-realizan-en-El-Valle-11-300x216.jpg 300w, https:\/\/mppee.gob.ve\/wp-content\/uploads\/2022\/03\/M\u00e1s-de-20-trabajos-de-recuperaci\u00f3n-de-servicios-p\u00fablicos-realizan-en-El-Valle-11-768x553.jpg 768w, https:\/\/mppee.gob.ve\/wp-content\/uploads\/2022\/03\/M\u00e1s-de-20-trabajos-de-recuperaci\u00f3n-de-servicios-p\u00fablicos-realizan-en-El-Valle-11.jpg 972w\" sizes=\"auto, (max-width: 300px) 100vw, 300px\" \/>El Gobierno Bolivariano a trav\u00e9s del Ministerio del Poder Popular para la Energ\u00eda El\u00e9ctrica (MPPEE), y su ente adscrito, la Corporaci\u00f3n El\u00e9ctrica Nacional, (Corpoelec), contin\u00faan realizando los trabajos de recuperaci\u00f3n y mantenimiento en las diversas parroquias caraque\u00f1as.<\/p>\n<p style=\"font-weight: 400; text-align: justify;\">En esta oportunidad, la emblem\u00e1tica parroquia de Caracas, El Valle, es atendida en una Jornada Integral de Servicios P\u00fablicos y Atenci\u00f3n Social.<\/p>\n<p style=\"font-weight: 400; text-align: justify;\">En la actividad las cuadrillas de Corpoelec realizan reparaciones de alcantarillas, cableados, entre otros, para as\u00ed brindar a la comunidad un servicio el\u00e9ctrico eficiente y adem\u00e1s dar soluci\u00f3n integral al sector. Igualmente, se ejecutan trabajos de asfaltado, tuber\u00edas de agua y se reciben reportes de aver\u00edas de Cantv e Hidrocapital, para dar respuestas oportunas\u00a0 a los ciudadanos.<\/p>\n<p style=\"font-weight: 400; text-align: justify;\"><img loading=\"lazy\" decoding=\"async\" class=\"size-medium wp-image-86397 alignright\" src=\"http:\/\/10.200.87.50\/mppee\/wp-content\/uploads\/2022\/03\/M\u00e1s-de-20-trabajos-de-recuperaci\u00f3n-de-servicios-p\u00fablicos-realizan-en-El-Valle-9-300x196.jpg\" alt=\"\" width=\"300\" height=\"196\" srcset=\"https:\/\/mppee.gob.ve\/wp-content\/uploads\/2022\/03\/M\u00e1s-de-20-trabajos-de-recuperaci\u00f3n-de-servicios-p\u00fablicos-realizan-en-El-Valle-9-300x196.jpg 300w, https:\/\/mppee.gob.ve\/wp-content\/uploads\/2022\/03\/M\u00e1s-de-20-trabajos-de-recuperaci\u00f3n-de-servicios-p\u00fablicos-realizan-en-El-Valle-9-1024x667.jpg 1024w, https:\/\/mppee.gob.ve\/wp-content\/uploads\/2022\/03\/M\u00e1s-de-20-trabajos-de-recuperaci\u00f3n-de-servicios-p\u00fablicos-realizan-en-El-Valle-9-768x501.jpg 768w, https:\/\/mppee.gob.ve\/wp-content\/uploads\/2022\/03\/M\u00e1s-de-20-trabajos-de-recuperaci\u00f3n-de-servicios-p\u00fablicos-realizan-en-El-Valle-9.jpg 1074w\" sizes=\"auto, (max-width: 300px) 100vw, 300px\" \/>El Poder Popular representado por Yelitza D\u00edaz, habitante del sector y perteneciente al\u00a0 Consejo Comunal Los Samanes, agradeci\u00f3 el abordaje que est\u00e1n haciendo en cuanto a la reparaci\u00f3n y refracci\u00f3n de todos los servicios p\u00fablicos,<strong> \u00abes un trabajo bien valorado; nos sentimos orgullosos de que el Poder Popular se establezca y se empodere de todos sus espacios\u201d.<\/strong><\/p>\n<p style=\"font-weight: 400; text-align: justify;\">Asimismo, es vital para las autoridades gubernamentales el despliegue de este tipo de acciones, en virtud de que se brinda bienestar social a los diversos sectores que conforman esta populosa parroquia.<\/p>\n<p style=\"font-weight: 400; text-align: justify;\"><img loading=\"lazy\" decoding=\"async\" class=\"size-medium wp-image-86396 alignleft\" src=\"http:\/\/10.200.87.50\/mppee\/wp-content\/uploads\/2022\/03\/M\u00e1s-de-20-trabajos-de-recuperaci\u00f3n-de-servicios-p\u00fablicos-realizan-en-El-Valle-8-300x171.jpg\" alt=\"\" width=\"300\" height=\"171\" srcset=\"https:\/\/mppee.gob.ve\/wp-content\/uploads\/2022\/03\/M\u00e1s-de-20-trabajos-de-recuperaci\u00f3n-de-servicios-p\u00fablicos-realizan-en-El-Valle-8-300x171.jpg 300w, https:\/\/mppee.gob.ve\/wp-content\/uploads\/2022\/03\/M\u00e1s-de-20-trabajos-de-recuperaci\u00f3n-de-servicios-p\u00fablicos-realizan-en-El-Valle-8-1024x583.jpg 1024w, https:\/\/mppee.gob.ve\/wp-content\/uploads\/2022\/03\/M\u00e1s-de-20-trabajos-de-recuperaci\u00f3n-de-servicios-p\u00fablicos-realizan-en-El-Valle-8-768x437.jpg 768w, https:\/\/mppee.gob.ve\/wp-content\/uploads\/2022\/03\/M\u00e1s-de-20-trabajos-de-recuperaci\u00f3n-de-servicios-p\u00fablicos-realizan-en-El-Valle-8.jpg 1080w\" sizes=\"auto, (max-width: 300px) 100vw, 300px\" \/>Tambi\u00e9n, Enrique Torrevilla, residente del sector, perteneciente al Consejo Comunal Ecosocialista Comandante, manifest\u00f3 que su organizaci\u00f3n como consejo comunal y como comuna es activar las 3R.Nets que dio el presidente de la Rep\u00fablica, Nicol\u00e1s Maduro, para exponer las problem\u00e1ticas de la comunidad.<\/p>\n<p style=\"font-weight: 400; text-align: justify;\">Destac\u00f3 que es importante que los distintos niveles de gobierno conozcan de primera mano los problemas de la comunidad para buscar soluciones. <strong>\u201cLas instituciones salen a la calle a ver a la comunidad frente a frente, a comprometerse con nosotros en la soluci\u00f3n de nuestros problemas, y nos ayudan much\u00edsimo porque podemos dar la cara a las comunidades y poder decir que el Gobierno de Calle est\u00e1 funcionando\u201d<\/strong>, a\u00f1adi\u00f3 Torrevilla.<\/p>\n<p style=\"font-weight: 400; text-align: justify;\"><em><strong><img loading=\"lazy\" decoding=\"async\" class=\"size-medium wp-image-86395 alignright\" src=\"http:\/\/10.200.87.50\/mppee\/wp-content\/uploads\/2022\/03\/M\u00e1s-de-20-trabajos-de-recuperaci\u00f3n-de-servicios-p\u00fablicos-realizan-en-El-Valle-7-225x300.jpg\" alt=\"\" width=\"225\" height=\"300\" srcset=\"https:\/\/mppee.gob.ve\/wp-content\/uploads\/2022\/03\/M\u00e1s-de-20-trabajos-de-recuperaci\u00f3n-de-servicios-p\u00fablicos-realizan-en-El-Valle-7-225x300.jpg 225w, https:\/\/mppee.gob.ve\/wp-content\/uploads\/2022\/03\/M\u00e1s-de-20-trabajos-de-recuperaci\u00f3n-de-servicios-p\u00fablicos-realizan-en-El-Valle-7-768x1024.jpg 768w, https:\/\/mppee.gob.ve\/wp-content\/uploads\/2022\/03\/M\u00e1s-de-20-trabajos-de-recuperaci\u00f3n-de-servicios-p\u00fablicos-realizan-en-El-Valle-7.jpg 810w\" sizes=\"auto, (max-width: 225px) 100vw, 225px\" \/>Mapa de soluciones<\/strong><\/em><\/p>\n<p style=\"font-weight: 400; text-align: justify;\">Para el acompa\u00f1amiento en el mapa de soluciones de los servicios p\u00fablicos, con la atenci\u00f3n especial a la Comuna Ecosocialista Comandante, conformada por nueve Consejos Comunales, estuvo el vicepresidente Sectorial de Obras P\u00fablicas y Servicios, G\/J N\u00e9stor Reverol, junto al vicepresidente Sectorial para el Socialismo Social y Territorial, Mervin Maldonado, y la alcaldesa del municipio Libertador, A\/J Carmen Mel\u00e9ndez.<\/p>\n<p style=\"font-weight: 400; text-align: justify;\"><strong>\u201cNos plantearon el mapa, y vinimos con toda la Vicepresidencia de Obras P\u00fablicas y Servicios a hacer la agenda de acci\u00f3n concreta y buscar soluciones planteadas por el mismo pueblo\u201d<\/strong>, dijo Reverol Torres.<\/p>\n<p style=\"font-weight: 400; text-align: justify;\">Afirm\u00f3 que es fundamental el desarrollo de estas jornadas para devolver el bienestar social al pueblo de Venezuela, que ha sido v\u00edctima por parte de acciones del criminal bloqueo econ\u00f3mico y financiero.<\/p>\n<p style=\"font-weight: 400; text-align: justify;\"><strong>Prensa MPPEE<\/strong><\/p>\n<p><img loading=\"lazy\" decoding=\"async\" class=\"alignnone wp-image-86394 size-full\" src=\"http:\/\/10.200.87.50\/mppee\/wp-content\/uploads\/2022\/03\/M\u00e1s-de-20-trabajos-de-recuperaci\u00f3n-de-servicios-p\u00fablicos-realizan-en-El-Valle-6.jpg\" alt=\"\" width=\"1015\" height=\"700\" srcset=\"https:\/\/mppee.gob.ve\/wp-content\/uploads\/2022\/03\/M\u00e1s-de-20-trabajos-de-recuperaci\u00f3n-de-servicios-p\u00fablicos-realizan-en-El-Valle-6.jpg 1015w, https:\/\/mppee.gob.ve\/wp-content\/uploads\/2022\/03\/M\u00e1s-de-20-trabajos-de-recuperaci\u00f3n-de-servicios-p\u00fablicos-realizan-en-El-Valle-6-300x207.jpg 300w, https:\/\/mppee.gob.ve\/wp-content\/uploads\/2022\/03\/M\u00e1s-de-20-trabajos-de-recuperaci\u00f3n-de-servicios-p\u00fablicos-realizan-en-El-Valle-6-768x530.jpg 768w, https:\/\/mppee.gob.ve\/wp-content\/uploads\/2022\/03\/M\u00e1s-de-20-trabajos-de-recuperaci\u00f3n-de-servicios-p\u00fablicos-realizan-en-El-Valle-6-130x90.jpg 130w\" sizes=\"auto, (max-width: 1015px) 100vw, 1015px\" \/> <img loading=\"lazy\" decoding=\"async\" class=\"alignnone wp-image-86393 size-full\" src=\"http:\/\/10.200.87.50\/mppee\/wp-content\/uploads\/2022\/03\/M\u00e1s-de-20-trabajos-de-recuperaci\u00f3n-de-servicios-p\u00fablicos-realizan-en-El-Valle-5.jpg\" alt=\"\" width=\"810\" height=\"1080\" srcset=\"https:\/\/mppee.gob.ve\/wp-content\/uploads\/2022\/03\/M\u00e1s-de-20-trabajos-de-recuperaci\u00f3n-de-servicios-p\u00fablicos-realizan-en-El-Valle-5.jpg 810w, https:\/\/mppee.gob.ve\/wp-content\/uploads\/2022\/03\/M\u00e1s-de-20-trabajos-de-recuperaci\u00f3n-de-servicios-p\u00fablicos-realizan-en-El-Valle-5-225x300.jpg 225w, https:\/\/mppee.gob.ve\/wp-content\/uploads\/2022\/03\/M\u00e1s-de-20-trabajos-de-recuperaci\u00f3n-de-servicios-p\u00fablicos-realizan-en-El-Valle-5-768x1024.jpg 768w\" sizes=\"auto, (max-width: 810px) 100vw, 810px\" \/> <img loading=\"lazy\" decoding=\"async\" class=\"alignnone wp-image-86391 size-full\" src=\"http:\/\/10.200.87.50\/mppee\/wp-content\/uploads\/2022\/03\/M\u00e1s-de-20-trabajos-de-recuperaci\u00f3n-de-servicios-p\u00fablicos-realizan-en-El-Valle-2.jpg\" alt=\"\" width=\"1136\" height=\"700\" srcset=\"https:\/\/mppee.gob.ve\/wp-content\/uploads\/2022\/03\/M\u00e1s-de-20-trabajos-de-recuperaci\u00f3n-de-servicios-p\u00fablicos-realizan-en-El-Valle-2.jpg 1136w, https:\/\/mppee.gob.ve\/wp-content\/uploads\/2022\/03\/M\u00e1s-de-20-trabajos-de-recuperaci\u00f3n-de-servicios-p\u00fablicos-realizan-en-El-Valle-2-300x185.jpg 300w, https:\/\/mppee.gob.ve\/wp-content\/uploads\/2022\/03\/M\u00e1s-de-20-trabajos-de-recuperaci\u00f3n-de-servicios-p\u00fablicos-realizan-en-El-Valle-2-1024x631.jpg 1024w, https:\/\/mppee.gob.ve\/wp-content\/uploads\/2022\/03\/M\u00e1s-de-20-trabajos-de-recuperaci\u00f3n-de-servicios-p\u00fablicos-realizan-en-El-Valle-2-768x473.jpg 768w\" sizes=\"auto, (max-width: 1136px) 100vw, 1136px\" \/> <img loading=\"lazy\" decoding=\"async\" class=\"alignnone wp-image-86390 size-full\" src=\"http:\/\/10.200.87.50\/mppee\/wp-content\/uploads\/2022\/03\/M\u00e1s-de-20-trabajos-de-recuperaci\u00f3n-de-servicios-p\u00fablicos-realizan-en-El-Valle-1.jpg\" alt=\"\" width=\"673\" height=\"1080\" srcset=\"https:\/\/mppee.gob.ve\/wp-content\/uploads\/2022\/03\/M\u00e1s-de-20-trabajos-de-recuperaci\u00f3n-de-servicios-p\u00fablicos-realizan-en-El-Valle-1.jpg 673w, https:\/\/mppee.gob.ve\/wp-content\/uploads\/2022\/03\/M\u00e1s-de-20-trabajos-de-recuperaci\u00f3n-de-servicios-p\u00fablicos-realizan-en-El-Valle-1-187x300.jpg 187w, https:\/\/mppee.gob.ve\/wp-content\/uploads\/2022\/03\/M\u00e1s-de-20-trabajos-de-recuperaci\u00f3n-de-servicios-p\u00fablicos-realizan-en-El-Valle-1-638x1024.jpg 638w\" sizes=\"auto, (max-width: 673px) 100vw, 673px\" \/><\/p>\n","protected":false},"excerpt":{"rendered":"<p>El Gobierno Bolivariano a trav\u00e9s del Ministerio del Poder Popular para la Energ\u00eda El\u00e9ctrica (MPPEE), y su ente adscrito, la<\/p>\n","protected":false},"author":12,"featured_media":86392,"comment_status":"open","ping_status":"open","sticky":false,"template":"","format":"standard","meta":{"footnotes":""},"categories":[30],"tags":[111,11],"class_list":["post-86389","post","type-post","status-publish","format-standard","has-post-thumbnail","hentry","category-regionales","tag-caracas","tag-mppee"],"_links":{"self":[{"href":"https:\/\/mppee.gob.ve\/index.php?rest_route=\/wp\/v2\/posts\/86389","targetHints":{"allow":["GET"]}}],"collection":[{"href":"https:\/\/mppee.gob.ve\/index.php?rest_route=\/wp\/v2\/posts"}],"about":[{"href":"https:\/\/mppee.gob.ve\/index.php?rest_route=\/wp\/v2\/types\/post"}],"author":[{"embeddable":true,"href":"https:\/\/mppee.gob.ve\/index.php?rest_route=\/wp\/v2\/users\/12"}],"replies":[{"embeddable":true,"href":"https:\/\/mppee.gob.ve\/index.php?rest_route=%2Fwp%2Fv2%2Fcomments&post=86389"}],"version-history":[{"count":1,"href":"https:\/\/mppee.gob.ve\/index.php?rest_route=\/wp\/v2\/posts\/86389\/revisions"}],"predecessor-version":[{"id":86399,"href":"https:\/\/mppee.gob.ve\/index.php?rest_route=\/wp\/v2\/posts\/86389\/revisions\/86399"}],"wp:featuredmedia":[{"embeddable":true,"href":"https:\/\/mppee.gob.ve\/index.php?rest_route=\/wp\/v2\/media\/86392"}],"wp:attachment":[{"href":"https:\/\/mppee.gob.ve\/index.php?rest_route=%2Fwp%2Fv2%2Fmedia&parent=86389"}],"wp:term":[{"taxonomy":"category","embeddable":true,"href":"https:\/\/mppee.gob.ve\/index.php?rest_route=%2Fwp%2Fv2%2Fcategories&post=86389"},{"taxonomy":"post_tag","embeddable":true,"href":"https:\/\/mppee.gob.ve\/index.php?rest_route=%2Fwp%2Fv2%2Ftags&post=86389"}],"curies":[{"name":"wp","href":"https:\/\/api.w.org\/{rel}","templated":true}]}}