{"id":86408,"date":"2022-03-07T13:17:00","date_gmt":"2022-03-07T13:17:00","guid":{"rendered":"http:\/\/10.200.87.50\/mppee\/?p=86408"},"modified":"2022-03-09T13:27:16","modified_gmt":"2022-03-09T13:27:16","slug":"articulan-victorias-tempranas-en-materia-de-servicios-publicos-en-parroquia-el-valle","status":"publish","type":"post","link":"https:\/\/mppee.gob.ve\/?p=86408","title":{"rendered":"Articulan victorias tempranas en materia de servicios p\u00fablicos en parroquia El Valle"},"content":{"rendered":"<p style=\"font-weight: 400; text-align: justify;\"><img loading=\"lazy\" decoding=\"async\" class=\"size-medium wp-image-86414 alignleft\" src=\"http:\/\/10.200.87.50\/mppee\/wp-content\/uploads\/2022\/03\/Articulan-victorias-tempranas-en-materia-de-servicios-p\u00fablicos-en-parroquia-El-Valle-6-300x183.jpeg\" alt=\"\" width=\"300\" height=\"183\" srcset=\"https:\/\/mppee.gob.ve\/wp-content\/uploads\/2022\/03\/Articulan-victorias-tempranas-en-materia-de-servicios-p\u00fablicos-en-parroquia-El-Valle-6-300x183.jpeg 300w, https:\/\/mppee.gob.ve\/wp-content\/uploads\/2022\/03\/Articulan-victorias-tempranas-en-materia-de-servicios-p\u00fablicos-en-parroquia-El-Valle-6-1024x625.jpeg 1024w, https:\/\/mppee.gob.ve\/wp-content\/uploads\/2022\/03\/Articulan-victorias-tempranas-en-materia-de-servicios-p\u00fablicos-en-parroquia-El-Valle-6-768x469.jpeg 768w, https:\/\/mppee.gob.ve\/wp-content\/uploads\/2022\/03\/Articulan-victorias-tempranas-en-materia-de-servicios-p\u00fablicos-en-parroquia-El-Valle-6.jpeg 1080w\" sizes=\"auto, (max-width: 300px) 100vw, 300px\" \/>El vicepresidente Sectorial de Obras P\u00fablicas y Servicios, G\/J N\u00e9stor Reverol, se reuni\u00f3 con los representantes de la Comuna <strong>\u201cEcosocialista Comandante\u201d<\/strong> de la parroquia El Valle, con el objetivo de asumir y ejecutar acciones para lograr las victorias tempranas en materia de agua, vialidad, transporte, energ\u00eda el\u00e9ctrica, gas, desechos s\u00f3lidos y telecomunicaciones.<\/p>\n<p style=\"font-weight: 400; text-align: justify;\"><strong>\u201cNos reunimos este lunes, cumpliendo con la palabra dada la semana pasada, durante la visita que realizamos al sector para debatir soluciones, luego del Congreso Nacional de Servicios P\u00fablicos\u201d<\/strong>, indic\u00f3 el General en Jefe.<\/p>\n<p style=\"font-weight: 400; text-align: justify;\"><img loading=\"lazy\" decoding=\"async\" class=\"size-medium wp-image-86413 alignright\" src=\"http:\/\/10.200.87.50\/mppee\/wp-content\/uploads\/2022\/03\/Articulan-victorias-tempranas-en-materia-de-servicios-p\u00fablicos-en-parroquia-El-Valle-5-300x200.jpeg\" alt=\"\" width=\"300\" height=\"200\" srcset=\"https:\/\/mppee.gob.ve\/wp-content\/uploads\/2022\/03\/Articulan-victorias-tempranas-en-materia-de-servicios-p\u00fablicos-en-parroquia-El-Valle-5-300x200.jpeg 300w, https:\/\/mppee.gob.ve\/wp-content\/uploads\/2022\/03\/Articulan-victorias-tempranas-en-materia-de-servicios-p\u00fablicos-en-parroquia-El-Valle-5-1024x683.jpeg 1024w, https:\/\/mppee.gob.ve\/wp-content\/uploads\/2022\/03\/Articulan-victorias-tempranas-en-materia-de-servicios-p\u00fablicos-en-parroquia-El-Valle-5-768x512.jpeg 768w, https:\/\/mppee.gob.ve\/wp-content\/uploads\/2022\/03\/Articulan-victorias-tempranas-en-materia-de-servicios-p\u00fablicos-en-parroquia-El-Valle-5.jpeg 1080w\" sizes=\"auto, (max-width: 300px) 100vw, 300px\" \/>Explic\u00f3 que en la mesa de trabajo se asignaron responsabilidades por cada Ministerio perteneciente a la Vicepresidencia de Servicios, para la supervisi\u00f3n de los compromisos acordados, entre ellos: <strong>\u00abla creaci\u00f3n de una Escuela de Reciclaje y adecuaciones a tableros el\u00e9ctricos, ascensores, servicio de gas e impermeabilizaci\u00f3n de edificios\u201d<\/strong>, inform\u00f3 el General en Jefe.<\/p>\n<p style=\"font-weight: 400; text-align: justify;\">Asimismo, destac\u00f3 que en los pr\u00f3ximos d\u00edas se har\u00e1 la dotaci\u00f3n del Infocentro de la Casa del Poder Popular con computadoras y equipamiento, recuperaci\u00f3n de cinco canchas deportivas y apoyo a siete unidades educativas con trabajos de pintura y conexi\u00f3n a Internet; adem\u00e1s de la articulaci\u00f3n para activar un Farmapatria para el pueblo.<\/p>\n<p style=\"font-weight: 400; text-align: justify;\"><img loading=\"lazy\" decoding=\"async\" class=\"size-medium wp-image-86412 alignleft\" src=\"http:\/\/10.200.87.50\/mppee\/wp-content\/uploads\/2022\/03\/Articulan-victorias-tempranas-en-materia-de-servicios-p\u00fablicos-en-parroquia-El-Valle-4-300x188.jpeg\" alt=\"\" width=\"300\" height=\"188\" srcset=\"https:\/\/mppee.gob.ve\/wp-content\/uploads\/2022\/03\/Articulan-victorias-tempranas-en-materia-de-servicios-p\u00fablicos-en-parroquia-El-Valle-4-300x188.jpeg 300w, https:\/\/mppee.gob.ve\/wp-content\/uploads\/2022\/03\/Articulan-victorias-tempranas-en-materia-de-servicios-p\u00fablicos-en-parroquia-El-Valle-4-1024x643.jpeg 1024w, https:\/\/mppee.gob.ve\/wp-content\/uploads\/2022\/03\/Articulan-victorias-tempranas-en-materia-de-servicios-p\u00fablicos-en-parroquia-El-Valle-4-768x482.jpeg 768w, https:\/\/mppee.gob.ve\/wp-content\/uploads\/2022\/03\/Articulan-victorias-tempranas-en-materia-de-servicios-p\u00fablicos-en-parroquia-El-Valle-4.jpeg 1080w\" sizes=\"auto, (max-width: 300px) 100vw, 300px\" \/>Reverol Torres precis\u00f3 que se utilizar\u00e1 la Comuna <strong>\u201cEcosocialista Comandante\u201d,<\/strong> como vitrina<strong>,\u00a0<\/strong>para demostrar la articulaci\u00f3n entre el Gobierno nacional y el Poder Popular organizado, y de esta manera crear la Red Nacional de Servicios P\u00fablicos.<\/p>\n<p style=\"font-weight: 400; text-align: justify;\"><strong>\u00a0<\/strong><strong>Prensa Vsops<\/strong><\/p>\n<p style=\"font-weight: 400;\"><img loading=\"lazy\" decoding=\"async\" class=\"alignnone wp-image-86411 size-full\" src=\"http:\/\/10.200.87.50\/mppee\/wp-content\/uploads\/2022\/03\/Articulan-victorias-tempranas-en-materia-de-servicios-p\u00fablicos-en-parroquia-El-Valle-3.jpeg\" alt=\"\" width=\"1080\" height=\"720\" srcset=\"https:\/\/mppee.gob.ve\/wp-content\/uploads\/2022\/03\/Articulan-victorias-tempranas-en-materia-de-servicios-p\u00fablicos-en-parroquia-El-Valle-3.jpeg 1080w, https:\/\/mppee.gob.ve\/wp-content\/uploads\/2022\/03\/Articulan-victorias-tempranas-en-materia-de-servicios-p\u00fablicos-en-parroquia-El-Valle-3-300x200.jpeg 300w, https:\/\/mppee.gob.ve\/wp-content\/uploads\/2022\/03\/Articulan-victorias-tempranas-en-materia-de-servicios-p\u00fablicos-en-parroquia-El-Valle-3-1024x683.jpeg 1024w, https:\/\/mppee.gob.ve\/wp-content\/uploads\/2022\/03\/Articulan-victorias-tempranas-en-materia-de-servicios-p\u00fablicos-en-parroquia-El-Valle-3-768x512.jpeg 768w\" sizes=\"auto, (max-width: 1080px) 100vw, 1080px\" \/> <img loading=\"lazy\" decoding=\"async\" class=\"alignnone wp-image-86409 size-full\" src=\"http:\/\/10.200.87.50\/mppee\/wp-content\/uploads\/2022\/03\/Articulan-victorias-tempranas-en-materia-de-servicios-p\u00fablicos-en-parroquia-El-Valle-1.jpeg\" alt=\"\" width=\"1080\" height=\"721\" srcset=\"https:\/\/mppee.gob.ve\/wp-content\/uploads\/2022\/03\/Articulan-victorias-tempranas-en-materia-de-servicios-p\u00fablicos-en-parroquia-El-Valle-1.jpeg 1080w, https:\/\/mppee.gob.ve\/wp-content\/uploads\/2022\/03\/Articulan-victorias-tempranas-en-materia-de-servicios-p\u00fablicos-en-parroquia-El-Valle-1-300x200.jpeg 300w, https:\/\/mppee.gob.ve\/wp-content\/uploads\/2022\/03\/Articulan-victorias-tempranas-en-materia-de-servicios-p\u00fablicos-en-parroquia-El-Valle-1-1024x684.jpeg 1024w, https:\/\/mppee.gob.ve\/wp-content\/uploads\/2022\/03\/Articulan-victorias-tempranas-en-materia-de-servicios-p\u00fablicos-en-parroquia-El-Valle-1-768x513.jpeg 768w\" sizes=\"auto, (max-width: 1080px) 100vw, 1080px\" \/><\/p>\n","protected":false},"excerpt":{"rendered":"<p>El vicepresidente Sectorial de Obras P\u00fablicas y Servicios, G\/J N\u00e9stor Reverol, se reuni\u00f3 con los representantes de la Comuna \u201cEcosocialista<\/p>\n","protected":false},"author":12,"featured_media":86410,"comment_status":"open","ping_status":"open","sticky":false,"template":"","format":"standard","meta":{"footnotes":""},"categories":[30],"tags":[111],"class_list":["post-86408","post","type-post","status-publish","format-standard","has-post-thumbnail","hentry","category-regionales","tag-caracas"],"_links":{"self":[{"href":"https:\/\/mppee.gob.ve\/index.php?rest_route=\/wp\/v2\/posts\/86408","targetHints":{"allow":["GET"]}}],"collection":[{"href":"https:\/\/mppee.gob.ve\/index.php?rest_route=\/wp\/v2\/posts"}],"about":[{"href":"https:\/\/mppee.gob.ve\/index.php?rest_route=\/wp\/v2\/types\/post"}],"author":[{"embeddable":true,"href":"https:\/\/mppee.gob.ve\/index.php?rest_route=\/wp\/v2\/users\/12"}],"replies":[{"embeddable":true,"href":"https:\/\/mppee.gob.ve\/index.php?rest_route=%2Fwp%2Fv2%2Fcomments&post=86408"}],"version-history":[{"count":1,"href":"https:\/\/mppee.gob.ve\/index.php?rest_route=\/wp\/v2\/posts\/86408\/revisions"}],"predecessor-version":[{"id":86415,"href":"https:\/\/mppee.gob.ve\/index.php?rest_route=\/wp\/v2\/posts\/86408\/revisions\/86415"}],"wp:featuredmedia":[{"embeddable":true,"href":"https:\/\/mppee.gob.ve\/index.php?rest_route=\/wp\/v2\/media\/86410"}],"wp:attachment":[{"href":"https:\/\/mppee.gob.ve\/index.php?rest_route=%2Fwp%2Fv2%2Fmedia&parent=86408"}],"wp:term":[{"taxonomy":"category","embeddable":true,"href":"https:\/\/mppee.gob.ve\/index.php?rest_route=%2Fwp%2Fv2%2Fcategories&post=86408"},{"taxonomy":"post_tag","embeddable":true,"href":"https:\/\/mppee.gob.ve\/index.php?rest_route=%2Fwp%2Fv2%2Ftags&post=86408"}],"curies":[{"name":"wp","href":"https:\/\/api.w.org\/{rel}","templated":true}]}}