{"id":86425,"date":"2022-03-09T13:20:00","date_gmt":"2022-03-09T13:20:00","guid":{"rendered":"http:\/\/10.200.87.50\/mppee\/?p=86425"},"modified":"2022-03-10T13:29:43","modified_gmt":"2022-03-10T13:29:43","slug":"recuperaran-950-megavatios-para-la-region-suroccidente-del-pais","status":"publish","type":"post","link":"https:\/\/mppee.gob.ve\/?p=86425","title":{"rendered":"Recuperar\u00e1n 950 megavatios para la regi\u00f3n suroccidente del pa\u00eds"},"content":{"rendered":"<p style=\"text-align: justify;\"><img loading=\"lazy\" decoding=\"async\" class=\"size-medium wp-image-86429 alignleft\" src=\"http:\/\/10.200.87.50\/mppee\/wp-content\/uploads\/2022\/03\/Recuperar\u00e1n-950-megavatios-para-la-regi\u00f3n-suroccidente-del-pa\u00eds-4-300x168.jpeg\" alt=\"\" width=\"300\" height=\"168\" srcset=\"https:\/\/mppee.gob.ve\/wp-content\/uploads\/2022\/03\/Recuperar\u00e1n-950-megavatios-para-la-regi\u00f3n-suroccidente-del-pa\u00eds-4-300x168.jpeg 300w, https:\/\/mppee.gob.ve\/wp-content\/uploads\/2022\/03\/Recuperar\u00e1n-950-megavatios-para-la-regi\u00f3n-suroccidente-del-pa\u00eds-4-768x431.jpeg 768w, https:\/\/mppee.gob.ve\/wp-content\/uploads\/2022\/03\/Recuperar\u00e1n-950-megavatios-para-la-regi\u00f3n-suroccidente-del-pa\u00eds-4-800x445.jpeg 800w, https:\/\/mppee.gob.ve\/wp-content\/uploads\/2022\/03\/Recuperar\u00e1n-950-megavatios-para-la-regi\u00f3n-suroccidente-del-pa\u00eds-4.jpeg 912w\" sizes=\"auto, (max-width: 300px) 100vw, 300px\" \/>El vicepresidente Sectorial de Obras P\u00fablicas y Servicios, G\/J N\u00e9stor Luis Reverol Torres, inform\u00f3 la recuperaci\u00f3n de 950 megavatios para la regi\u00f3n suroccidente del pa\u00eds, en este a\u00f1o 2022, durante la instalaci\u00f3n del Congreso Nacional de Servicios P\u00fablicos, cap\u00edtulo M\u00e9rida.<br \/>\u00a0<br \/><strong>\u201cLos afluentes h\u00eddricos que tiene esta regi\u00f3n, son muy importantes para la generaci\u00f3n hidroel\u00e9ctrica, por eso desarrollamos el Plan de Mantenimiento de la Generaci\u00f3n H\u00eddrica, para recuperar 950 megavatios. Tambi\u00e9n entregaremos 150 transformadores para fortalecer el servicio el\u00e9ctrico en la entidad\u201d<\/strong>, dijo Reverol Torres.<br \/>\u00a0<br \/>En el tema de transporte precis\u00f3 que para el pr\u00f3ximo mes de junio se activar\u00e1n los vuelos de la empresa Conviasa, en el Aeropuerto Jos\u00e9 Ernesto Carnevalli, en M\u00e9rida.<br \/>\u00a0<br \/><strong><img loading=\"lazy\" decoding=\"async\" class=\"size-medium wp-image-86427 alignright\" src=\"http:\/\/10.200.87.50\/mppee\/wp-content\/uploads\/2022\/03\/Recuperar\u00e1n-950-megavatios-para-la-regi\u00f3n-suroccidente-del-pa\u00eds-2-300x200.jpeg\" alt=\"\" width=\"300\" height=\"200\" srcset=\"https:\/\/mppee.gob.ve\/wp-content\/uploads\/2022\/03\/Recuperar\u00e1n-950-megavatios-para-la-regi\u00f3n-suroccidente-del-pa\u00eds-2-300x200.jpeg 300w, https:\/\/mppee.gob.ve\/wp-content\/uploads\/2022\/03\/Recuperar\u00e1n-950-megavatios-para-la-regi\u00f3n-suroccidente-del-pa\u00eds-2-768x512.jpeg 768w, https:\/\/mppee.gob.ve\/wp-content\/uploads\/2022\/03\/Recuperar\u00e1n-950-megavatios-para-la-regi\u00f3n-suroccidente-del-pa\u00eds-2.jpeg 912w\" sizes=\"auto, (max-width: 300px) 100vw, 300px\" \/>\u201cAqu\u00ed est\u00e1 el presidente del Instituto Nacional de Aeron\u00e1utica Civil (INAC), M\/G Juan Manuel Teixeira, certificando que el aeropuerto est\u00e1 condiciones para establecer operaciones a\u00e9reas y eso va hacer una buena noticia para fomentar el turismo\u201d<\/strong>, asegur\u00f3 el General en Jefe.<br \/>\u00a0<br \/>El Vicepresidente de Servicios indic\u00f3 que se tiene previsto la puesta en marcha del servicio Trolcable, <strong>\u201clo estamos haciendo con los trabajadores del Cabletren de Caracas, realizando comisiones t\u00e9cnicas operativas para que en los meses de mayo \u2013 junio est\u00e9 en pleno funcionamiento este medio de transporte\u201d<\/strong>, destac\u00f3.<br \/>\u00a0<br \/>El tambi\u00e9n titular de la cartera de Energ\u00eda El\u00e9ctrica revel\u00f3 que se realizar\u00e1 mantenimiento al Sistema de Acueductos del estado M\u00e9rida, adem\u00e1s de la recuperaci\u00f3n de los pozos profundos que se encuentran referenciados en la entidad.<br \/>\u00a0<br \/><strong><img loading=\"lazy\" decoding=\"async\" class=\"size-medium wp-image-86426 alignleft\" src=\"http:\/\/10.200.87.50\/mppee\/wp-content\/uploads\/2022\/03\/Recuperar\u00e1n-950-megavatios-para-la-regi\u00f3n-suroccidente-del-pa\u00eds-1-300x168.jpeg\" alt=\"\" width=\"300\" height=\"168\" srcset=\"https:\/\/mppee.gob.ve\/wp-content\/uploads\/2022\/03\/Recuperar\u00e1n-950-megavatios-para-la-regi\u00f3n-suroccidente-del-pa\u00eds-1-300x168.jpeg 300w, https:\/\/mppee.gob.ve\/wp-content\/uploads\/2022\/03\/Recuperar\u00e1n-950-megavatios-para-la-regi\u00f3n-suroccidente-del-pa\u00eds-1-768x431.jpeg 768w, https:\/\/mppee.gob.ve\/wp-content\/uploads\/2022\/03\/Recuperar\u00e1n-950-megavatios-para-la-regi\u00f3n-suroccidente-del-pa\u00eds-1-800x445.jpeg 800w, https:\/\/mppee.gob.ve\/wp-content\/uploads\/2022\/03\/Recuperar\u00e1n-950-megavatios-para-la-regi\u00f3n-suroccidente-del-pa\u00eds-1.jpeg 912w\" sizes=\"auto, (max-width: 300px) 100vw, 300px\" \/>\u201cEn el tema de Ecosocialismo, se crear\u00e1n las Escuelas de Reciclaje; se inspeccionar\u00e1n y diagnosticar\u00e1n los tres vertederos de desechos s\u00f3lidos. Asimismo, hemos comenzado un Plan Nacional de Recuperaci\u00f3n de Camiones Compactadoras, donde est\u00e1 incluido el estado M\u00e9rida\u201d<\/strong>, afirm\u00f3.<br \/>\u00a0<br \/>El vicepresidente Reverol, manifest\u00f3 que se tiene previsto la creaci\u00f3n de unidades m\u00f3viles de Gas Licuado de Petr\u00f3leo (GLP), que permitir\u00e1n realizar planes de saturaci\u00f3n en las comunidades, y acortar los ciclos de entrega.<br \/>\u00a0<br \/><strong>\u201cCon respecto a las telecomunicaciones, Cantv tiene un plan sostenido para recuperaci\u00f3n de aver\u00edas. Adem\u00e1s, desarrolla el Plan de Escuelas Conectadas que cuenta con m\u00e1s de 243 centros educativos con el servicio de Wifi\u201d,<\/strong> puntualiz\u00f3.<br \/>\u00a0<br \/>Finalmente, destac\u00f3 que todas estas victorias tempranas se obtienen del trabajo del Poder Popular organizado, que junto a los diferentes niveles de gobierno crean el mapa de soluciones y la agenda concreta de acciones para fortalecer, estabilizar y optimizar los servicios p\u00fablicos en la entidad.<br \/>\u00a0<br \/><strong>Prensa Vpsops<\/strong><\/p>\n<div>\u00a0<\/div>\n\n\n<p><\/p>\n","protected":false},"excerpt":{"rendered":"<p>El vicepresidente Sectorial de Obras P\u00fablicas y Servicios, G\/J N\u00e9stor Luis Reverol Torres, inform\u00f3 la recuperaci\u00f3n de 950 megavatios para<\/p>\n","protected":false},"author":12,"featured_media":86428,"comment_status":"open","ping_status":"open","sticky":false,"template":"","format":"standard","meta":{"footnotes":""},"categories":[30],"tags":[327],"class_list":["post-86425","post","type-post","status-publish","format-standard","has-post-thumbnail","hentry","category-regionales","tag-vsops"],"_links":{"self":[{"href":"https:\/\/mppee.gob.ve\/index.php?rest_route=\/wp\/v2\/posts\/86425","targetHints":{"allow":["GET"]}}],"collection":[{"href":"https:\/\/mppee.gob.ve\/index.php?rest_route=\/wp\/v2\/posts"}],"about":[{"href":"https:\/\/mppee.gob.ve\/index.php?rest_route=\/wp\/v2\/types\/post"}],"author":[{"embeddable":true,"href":"https:\/\/mppee.gob.ve\/index.php?rest_route=\/wp\/v2\/users\/12"}],"replies":[{"embeddable":true,"href":"https:\/\/mppee.gob.ve\/index.php?rest_route=%2Fwp%2Fv2%2Fcomments&post=86425"}],"version-history":[{"count":1,"href":"https:\/\/mppee.gob.ve\/index.php?rest_route=\/wp\/v2\/posts\/86425\/revisions"}],"predecessor-version":[{"id":86430,"href":"https:\/\/mppee.gob.ve\/index.php?rest_route=\/wp\/v2\/posts\/86425\/revisions\/86430"}],"wp:featuredmedia":[{"embeddable":true,"href":"https:\/\/mppee.gob.ve\/index.php?rest_route=\/wp\/v2\/media\/86428"}],"wp:attachment":[{"href":"https:\/\/mppee.gob.ve\/index.php?rest_route=%2Fwp%2Fv2%2Fmedia&parent=86425"}],"wp:term":[{"taxonomy":"category","embeddable":true,"href":"https:\/\/mppee.gob.ve\/index.php?rest_route=%2Fwp%2Fv2%2Fcategories&post=86425"},{"taxonomy":"post_tag","embeddable":true,"href":"https:\/\/mppee.gob.ve\/index.php?rest_route=%2Fwp%2Fv2%2Ftags&post=86425"}],"curies":[{"name":"wp","href":"https:\/\/api.w.org\/{rel}","templated":true}]}}