{"id":86431,"date":"2022-03-10T17:25:58","date_gmt":"2022-03-10T17:25:58","guid":{"rendered":"http:\/\/10.200.87.50\/mppee\/?p=86431"},"modified":"2022-03-10T17:46:40","modified_gmt":"2022-03-10T17:46:40","slug":"capturan-a-los-responsables-de-la-caida-de-la-torre-electrica-en-carabobo","status":"publish","type":"post","link":"https:\/\/mppee.gob.ve\/?p=86431","title":{"rendered":"Capturan a los responsables de la ca\u00edda de la torre el\u00e9ctrica en Carabobo"},"content":{"rendered":"<p style=\"text-align: justify;\">Funcionarios de la Polic\u00eda del estado Carabobo y efectivos de la Fuerza Armada Nacional Bolivariana (FANB), detuvieron en esta entidad a los responsables de la sustracci\u00f3n de perfiles de una torre el\u00e9ctrica que produjo su debilitamiento y ca\u00edda, afectando el suministro en las l\u00edneas 230 Kva en la poblaci\u00f3n de Mariara, municipio Diego Ibarra.<\/p>\n<p style=\"text-align: justify;\">En una publicaci\u00f3n en sus redes sociales, el vicepresidente Sectorial de Obras P\u00fablicas y Servicios, G\/J N\u00e9stor Reverol, inform\u00f3 que <strong>\u201cactuando contra las mafias organizadas que atentan contra nuestro Sistema El\u00e9ctrico Nacional, fueron capturados Henry Ram\u00f3n Vanegas Henr\u00edquez y Brayan Jos\u00e9 Balza, ambos de 24 a\u00f1os de edad, a quienes les \u00a0incautaron en su vivienda, perfiles de la estructura met\u00e1lica, as\u00ed como herramientas utilizadas para su desmontaje<\/strong>\u201d, indic\u00f3.<\/p>\n<p style=\"text-align: justify;\">El pasado domingo 6 de marzo, se produjo la ca\u00edda de la torre el\u00e9ctrica en la ciudad de Mariara en la entidad carabobe\u00f1a.<\/p>\n<p style=\"text-align: justify;\">La fuerza trabajadora en conjunto con las fuerzas de seguridad, se mantienen desplegados en un patrullaje continuo a las infraestructuras el\u00e9ctricas, para garantizar la confiabilidad y estabilidad del servicio al pueblo venezolano.<\/p>\n<p style=\"text-align: justify;\"><strong>Prensa Mppee<\/strong><\/p>\n","protected":false},"excerpt":{"rendered":"<p>Funcionarios de la Polic\u00eda del estado Carabobo y efectivos de la Fuerza Armada Nacional Bolivariana (FANB), detuvieron en esta entidad<\/p>\n","protected":false},"author":12,"featured_media":86434,"comment_status":"open","ping_status":"open","sticky":false,"template":"","format":"standard","meta":{"footnotes":""},"categories":[30],"tags":[11],"class_list":["post-86431","post","type-post","status-publish","format-standard","has-post-thumbnail","hentry","category-regionales","tag-mppee"],"_links":{"self":[{"href":"https:\/\/mppee.gob.ve\/index.php?rest_route=\/wp\/v2\/posts\/86431","targetHints":{"allow":["GET"]}}],"collection":[{"href":"https:\/\/mppee.gob.ve\/index.php?rest_route=\/wp\/v2\/posts"}],"about":[{"href":"https:\/\/mppee.gob.ve\/index.php?rest_route=\/wp\/v2\/types\/post"}],"author":[{"embeddable":true,"href":"https:\/\/mppee.gob.ve\/index.php?rest_route=\/wp\/v2\/users\/12"}],"replies":[{"embeddable":true,"href":"https:\/\/mppee.gob.ve\/index.php?rest_route=%2Fwp%2Fv2%2Fcomments&post=86431"}],"version-history":[{"count":2,"href":"https:\/\/mppee.gob.ve\/index.php?rest_route=\/wp\/v2\/posts\/86431\/revisions"}],"predecessor-version":[{"id":86435,"href":"https:\/\/mppee.gob.ve\/index.php?rest_route=\/wp\/v2\/posts\/86431\/revisions\/86435"}],"wp:featuredmedia":[{"embeddable":true,"href":"https:\/\/mppee.gob.ve\/index.php?rest_route=\/wp\/v2\/media\/86434"}],"wp:attachment":[{"href":"https:\/\/mppee.gob.ve\/index.php?rest_route=%2Fwp%2Fv2%2Fmedia&parent=86431"}],"wp:term":[{"taxonomy":"category","embeddable":true,"href":"https:\/\/mppee.gob.ve\/index.php?rest_route=%2Fwp%2Fv2%2Fcategories&post=86431"},{"taxonomy":"post_tag","embeddable":true,"href":"https:\/\/mppee.gob.ve\/index.php?rest_route=%2Fwp%2Fv2%2Ftags&post=86431"}],"curies":[{"name":"wp","href":"https:\/\/api.w.org\/{rel}","templated":true}]}}