{"id":86436,"date":"2022-03-11T12:09:00","date_gmt":"2022-03-11T12:09:00","guid":{"rendered":"http:\/\/10.200.87.50\/mppee\/?p=86436"},"modified":"2022-03-14T12:14:31","modified_gmt":"2022-03-14T12:14:31","slug":"acuerdan-recuperacion-del-parque-eolico-nuevas-rutas-interurbanas-y-fortalecimiento-de-la-vialidad-en-falcon","status":"publish","type":"post","link":"https:\/\/mppee.gob.ve\/?p=86436","title":{"rendered":"Acuerdan recuperaci\u00f3n del Parque E\u00f3lico, nuevas rutas interurbanas y fortalecimiento de la vialidad en Falc\u00f3n"},"content":{"rendered":"<p style=\"text-align: justify;\"><img loading=\"lazy\" decoding=\"async\" class=\"size-medium wp-image-86441 alignleft\" src=\"http:\/\/10.200.87.50\/mppee\/wp-content\/uploads\/2022\/03\/Acuerdan-recuperaci\u00f3n-del-Parque-E\u00f3lico-nuevas-rutas-interurbanas-y-fortalecimiento-de-la-vialidad-en-Falc\u00f3n-5-300x200.jpeg\" alt=\"\" width=\"300\" height=\"200\" srcset=\"https:\/\/mppee.gob.ve\/wp-content\/uploads\/2022\/03\/Acuerdan-recuperaci\u00f3n-del-Parque-E\u00f3lico-nuevas-rutas-interurbanas-y-fortalecimiento-de-la-vialidad-en-Falc\u00f3n-5-300x200.jpeg 300w, https:\/\/mppee.gob.ve\/wp-content\/uploads\/2022\/03\/Acuerdan-recuperaci\u00f3n-del-Parque-E\u00f3lico-nuevas-rutas-interurbanas-y-fortalecimiento-de-la-vialidad-en-Falc\u00f3n-5-768x512.jpeg 768w, https:\/\/mppee.gob.ve\/wp-content\/uploads\/2022\/03\/Acuerdan-recuperaci\u00f3n-del-Parque-E\u00f3lico-nuevas-rutas-interurbanas-y-fortalecimiento-de-la-vialidad-en-Falc\u00f3n-5.jpeg 912w\" sizes=\"auto, (max-width: 300px) 100vw, 300px\" \/>Este viernes, fue instalado el Congreso Nacional de Servicios P\u00fablicos, cap\u00edtulo Falc\u00f3n, donde junto al Poder Popular organizado se anunci\u00f3 la recuperaci\u00f3n del Parque E\u00f3lico, una nueva subestaci\u00f3n en Chichiriviche y el fortalecimiento de la vialidad.<\/p>\n<p style=\"text-align: justify;\"><strong>\u201cTambi\u00e9n se recuperar\u00e1 la Planta Centro El Isiro, rehabilitaci\u00f3n integral de cinco estaciones de bombeo de aguas servidas y el inicio del Plan Estrat\u00e9gico de Despeje en los M\u00e9danos de Coro\u201d<\/strong>, inform\u00f3 el vicepresidente Sectorial Obras P\u00fablicas y Servicios, G\/J N\u00e9stor Reverol.<\/p>\n<p style=\"text-align: justify;\">Adem\u00e1s, est\u00e1 previsto la adecuaci\u00f3n de muelles tur\u00edsticos y pesqueros de Chichiriviche, as\u00ed como nuevas rutas interurbanas.<\/p>\n<p style=\"text-align: justify;\"><img loading=\"lazy\" decoding=\"async\" class=\"size-medium wp-image-86442 alignright\" src=\"http:\/\/10.200.87.50\/mppee\/wp-content\/uploads\/2022\/03\/Acuerdan-recuperaci\u00f3n-del-Parque-E\u00f3lico-nuevas-rutas-interurbanas-y-fortalecimiento-de-la-vialidad-en-Falc\u00f3n-6-300x200.jpeg\" alt=\"\" width=\"300\" height=\"200\" srcset=\"https:\/\/mppee.gob.ve\/wp-content\/uploads\/2022\/03\/Acuerdan-recuperaci\u00f3n-del-Parque-E\u00f3lico-nuevas-rutas-interurbanas-y-fortalecimiento-de-la-vialidad-en-Falc\u00f3n-6-300x200.jpeg 300w, https:\/\/mppee.gob.ve\/wp-content\/uploads\/2022\/03\/Acuerdan-recuperaci\u00f3n-del-Parque-E\u00f3lico-nuevas-rutas-interurbanas-y-fortalecimiento-de-la-vialidad-en-Falc\u00f3n-6-768x512.jpeg 768w, https:\/\/mppee.gob.ve\/wp-content\/uploads\/2022\/03\/Acuerdan-recuperaci\u00f3n-del-Parque-E\u00f3lico-nuevas-rutas-interurbanas-y-fortalecimiento-de-la-vialidad-en-Falc\u00f3n-6.jpeg 892w\" sizes=\"auto, (max-width: 300px) 100vw, 300px\" \/>El General en Jefe destac\u00f3 que un total de 2 mil 417 consejos comunales de la entidad, presentan propuestas para construir el mapa de soluciones y la agenda concreta de acciones que ayudar\u00e1 a optimizar los servicios p\u00fablicos.<\/p>\n<p style=\"text-align: justify;\"><strong>\u201cEn este congreso, el tejido social crear\u00e1 las Brigadas de Gesti\u00f3n Popular de los Servicios P\u00fablicos, para que tomen el control, mantenimiento, supervisi\u00f3n y empoderamiento de los mismos\u201d<\/strong>, manifest\u00f3 el vicepresidente de servicios, G\/J N\u00e9stor Reverol.<\/p>\n<p style=\"text-align: justify;\"><strong>Prensa Vpsops<\/strong><\/p>\n<p><img loading=\"lazy\" decoding=\"async\" class=\"alignnone wp-image-86440 size-full\" src=\"http:\/\/10.200.87.50\/mppee\/wp-content\/uploads\/2022\/03\/Acuerdan-recuperaci\u00f3n-del-Parque-E\u00f3lico-nuevas-rutas-interurbanas-y-fortalecimiento-de-la-vialidad-en-Falc\u00f3n-4.jpeg\" alt=\"\" width=\"912\" height=\"608\" srcset=\"https:\/\/mppee.gob.ve\/wp-content\/uploads\/2022\/03\/Acuerdan-recuperaci\u00f3n-del-Parque-E\u00f3lico-nuevas-rutas-interurbanas-y-fortalecimiento-de-la-vialidad-en-Falc\u00f3n-4.jpeg 912w, https:\/\/mppee.gob.ve\/wp-content\/uploads\/2022\/03\/Acuerdan-recuperaci\u00f3n-del-Parque-E\u00f3lico-nuevas-rutas-interurbanas-y-fortalecimiento-de-la-vialidad-en-Falc\u00f3n-4-300x200.jpeg 300w, https:\/\/mppee.gob.ve\/wp-content\/uploads\/2022\/03\/Acuerdan-recuperaci\u00f3n-del-Parque-E\u00f3lico-nuevas-rutas-interurbanas-y-fortalecimiento-de-la-vialidad-en-Falc\u00f3n-4-768x512.jpeg 768w\" sizes=\"auto, (max-width: 912px) 100vw, 912px\" \/> <img loading=\"lazy\" decoding=\"async\" class=\"alignnone wp-image-86438 size-large\" src=\"http:\/\/10.200.87.50\/mppee\/wp-content\/uploads\/2022\/03\/Acuerdan-recuperaci\u00f3n-del-Parque-E\u00f3lico-nuevas-rutas-interurbanas-y-fortalecimiento-de-la-vialidad-en-Falc\u00f3n-2-1024x686.jpeg\" alt=\"\" width=\"800\" height=\"536\" srcset=\"https:\/\/mppee.gob.ve\/wp-content\/uploads\/2022\/03\/Acuerdan-recuperaci\u00f3n-del-Parque-E\u00f3lico-nuevas-rutas-interurbanas-y-fortalecimiento-de-la-vialidad-en-Falc\u00f3n-2-1024x686.jpeg 1024w, https:\/\/mppee.gob.ve\/wp-content\/uploads\/2022\/03\/Acuerdan-recuperaci\u00f3n-del-Parque-E\u00f3lico-nuevas-rutas-interurbanas-y-fortalecimiento-de-la-vialidad-en-Falc\u00f3n-2-300x201.jpeg 300w, https:\/\/mppee.gob.ve\/wp-content\/uploads\/2022\/03\/Acuerdan-recuperaci\u00f3n-del-Parque-E\u00f3lico-nuevas-rutas-interurbanas-y-fortalecimiento-de-la-vialidad-en-Falc\u00f3n-2-768x514.jpeg 768w, https:\/\/mppee.gob.ve\/wp-content\/uploads\/2022\/03\/Acuerdan-recuperaci\u00f3n-del-Parque-E\u00f3lico-nuevas-rutas-interurbanas-y-fortalecimiento-de-la-vialidad-en-Falc\u00f3n-2.jpeg 1080w\" sizes=\"auto, (max-width: 800px) 100vw, 800px\" \/> <img loading=\"lazy\" decoding=\"async\" class=\"alignnone wp-image-86437 size-full\" src=\"http:\/\/10.200.87.50\/mppee\/wp-content\/uploads\/2022\/03\/Acuerdan-recuperaci\u00f3n-del-Parque-E\u00f3lico-nuevas-rutas-interurbanas-y-fortalecimiento-de-la-vialidad-en-Falc\u00f3n-1.jpeg\" alt=\"\" width=\"912\" height=\"608\" srcset=\"https:\/\/mppee.gob.ve\/wp-content\/uploads\/2022\/03\/Acuerdan-recuperaci\u00f3n-del-Parque-E\u00f3lico-nuevas-rutas-interurbanas-y-fortalecimiento-de-la-vialidad-en-Falc\u00f3n-1.jpeg 912w, https:\/\/mppee.gob.ve\/wp-content\/uploads\/2022\/03\/Acuerdan-recuperaci\u00f3n-del-Parque-E\u00f3lico-nuevas-rutas-interurbanas-y-fortalecimiento-de-la-vialidad-en-Falc\u00f3n-1-300x200.jpeg 300w, https:\/\/mppee.gob.ve\/wp-content\/uploads\/2022\/03\/Acuerdan-recuperaci\u00f3n-del-Parque-E\u00f3lico-nuevas-rutas-interurbanas-y-fortalecimiento-de-la-vialidad-en-Falc\u00f3n-1-768x512.jpeg 768w\" sizes=\"auto, (max-width: 912px) 100vw, 912px\" \/><\/p>\n","protected":false},"excerpt":{"rendered":"<p>Este viernes, fue instalado el Congreso Nacional de Servicios P\u00fablicos, cap\u00edtulo Falc\u00f3n, donde junto al Poder Popular organizado se anunci\u00f3<\/p>\n","protected":false},"author":12,"featured_media":86439,"comment_status":"open","ping_status":"open","sticky":false,"template":"","format":"standard","meta":{"footnotes":""},"categories":[30],"tags":[],"class_list":["post-86436","post","type-post","status-publish","format-standard","has-post-thumbnail","hentry","category-regionales"],"_links":{"self":[{"href":"https:\/\/mppee.gob.ve\/index.php?rest_route=\/wp\/v2\/posts\/86436","targetHints":{"allow":["GET"]}}],"collection":[{"href":"https:\/\/mppee.gob.ve\/index.php?rest_route=\/wp\/v2\/posts"}],"about":[{"href":"https:\/\/mppee.gob.ve\/index.php?rest_route=\/wp\/v2\/types\/post"}],"author":[{"embeddable":true,"href":"https:\/\/mppee.gob.ve\/index.php?rest_route=\/wp\/v2\/users\/12"}],"replies":[{"embeddable":true,"href":"https:\/\/mppee.gob.ve\/index.php?rest_route=%2Fwp%2Fv2%2Fcomments&post=86436"}],"version-history":[{"count":1,"href":"https:\/\/mppee.gob.ve\/index.php?rest_route=\/wp\/v2\/posts\/86436\/revisions"}],"predecessor-version":[{"id":86443,"href":"https:\/\/mppee.gob.ve\/index.php?rest_route=\/wp\/v2\/posts\/86436\/revisions\/86443"}],"wp:featuredmedia":[{"embeddable":true,"href":"https:\/\/mppee.gob.ve\/index.php?rest_route=\/wp\/v2\/media\/86439"}],"wp:attachment":[{"href":"https:\/\/mppee.gob.ve\/index.php?rest_route=%2Fwp%2Fv2%2Fmedia&parent=86436"}],"wp:term":[{"taxonomy":"category","embeddable":true,"href":"https:\/\/mppee.gob.ve\/index.php?rest_route=%2Fwp%2Fv2%2Fcategories&post=86436"},{"taxonomy":"post_tag","embeddable":true,"href":"https:\/\/mppee.gob.ve\/index.php?rest_route=%2Fwp%2Fv2%2Ftags&post=86436"}],"curies":[{"name":"wp","href":"https:\/\/api.w.org\/{rel}","templated":true}]}}