{"id":86444,"date":"2022-03-11T12:15:00","date_gmt":"2022-03-11T12:15:00","guid":{"rendered":"http:\/\/10.200.87.50\/mppee\/?p=86444"},"modified":"2022-03-14T12:21:59","modified_gmt":"2022-03-14T12:21:59","slug":"reactivan-empresas-de-fabricacion-de-bombillos-tipo-led-y-de-paneles-solares-en-falcon","status":"publish","type":"post","link":"https:\/\/mppee.gob.ve\/?p=86444","title":{"rendered":"Reactivan empresas de fabricaci\u00f3n de bombillos tipo LED y de paneles solares en Falc\u00f3n"},"content":{"rendered":"<p style=\"text-align: justify;\"><img loading=\"lazy\" decoding=\"async\" class=\"size-medium wp-image-86453 alignleft\" src=\"http:\/\/10.200.87.50\/mppee\/wp-content\/uploads\/2022\/03\/Reactivan-empresas-de-fabricaci\u00f3n-de-bombillos-tipo-LED-y-de-paneles-solares-9-300x200.jpg\" alt=\"\" width=\"300\" height=\"200\" srcset=\"https:\/\/mppee.gob.ve\/wp-content\/uploads\/2022\/03\/Reactivan-empresas-de-fabricaci\u00f3n-de-bombillos-tipo-LED-y-de-paneles-solares-9-300x200.jpg 300w, https:\/\/mppee.gob.ve\/wp-content\/uploads\/2022\/03\/Reactivan-empresas-de-fabricaci\u00f3n-de-bombillos-tipo-LED-y-de-paneles-solares-9-1024x682.jpg 1024w, https:\/\/mppee.gob.ve\/wp-content\/uploads\/2022\/03\/Reactivan-empresas-de-fabricaci\u00f3n-de-bombillos-tipo-LED-y-de-paneles-solares-9-768x512.jpg 768w, https:\/\/mppee.gob.ve\/wp-content\/uploads\/2022\/03\/Reactivan-empresas-de-fabricaci\u00f3n-de-bombillos-tipo-LED-y-de-paneles-solares-9.jpg 1280w\" sizes=\"auto, (max-width: 300px) 100vw, 300px\" \/>Como parte del fortalecimiento a la industria el\u00e9ctrica, el\u00a0 vicepresidente Sectorial de Obras P\u00fablicas y Servicios, G\/J N\u00e9stor Reverol, reactiv\u00f3 las empresas de fabricaci\u00f3n de bombillos tipo LED (Vietven), y la Unidad de Energ\u00edas Renovables de Venezuela (Unerven), ubicadas en el estado Falc\u00f3n.<\/p>\n<p style=\"text-align: justify;\"><strong>\u201cAdem\u00e1s estamos entregando 100 transformadores para fortalecer el servicio de energ\u00eda en la entidad\u201d<\/strong>, indic\u00f3 el General en Jefe.<\/p>\n<p style=\"text-align: justify;\">El tambi\u00e9n Ministro para la Energ\u00eda El\u00e9ctrica explic\u00f3 que Vietven tiene capacidad para fabricar 50 mil bombillos por d\u00eda, <strong>\u201cdesde el 2016 estaba paralizada la empresa por falta de materiales, ya el presidente de la Rep\u00fablica, Nicol\u00e1s Maduro, aprob\u00f3 los recursos y la estamos activando para cubrir las necesidades del pueblo\u201d.\u00a0<\/strong><\/p>\n<p style=\"text-align: justify;\"><img loading=\"lazy\" decoding=\"async\" class=\"size-medium wp-image-86451 alignright\" src=\"http:\/\/10.200.87.50\/mppee\/wp-content\/uploads\/2022\/03\/Reactivan-empresas-de-fabricaci\u00f3n-de-bombillos-tipo-LED-y-de-paneles-solares-7-300x200.jpg\" alt=\"\" width=\"300\" height=\"200\" srcset=\"https:\/\/mppee.gob.ve\/wp-content\/uploads\/2022\/03\/Reactivan-empresas-de-fabricaci\u00f3n-de-bombillos-tipo-LED-y-de-paneles-solares-7-300x200.jpg 300w, https:\/\/mppee.gob.ve\/wp-content\/uploads\/2022\/03\/Reactivan-empresas-de-fabricaci\u00f3n-de-bombillos-tipo-LED-y-de-paneles-solares-7-768x512.jpg 768w, https:\/\/mppee.gob.ve\/wp-content\/uploads\/2022\/03\/Reactivan-empresas-de-fabricaci\u00f3n-de-bombillos-tipo-LED-y-de-paneles-solares-7.jpg 912w\" sizes=\"auto, (max-width: 300px) 100vw, 300px\" \/>Asimismo, durante el recorrido por la Unidad de Energ\u00edas Renovables de Venezuela (Unerven), destac\u00f3 que esta compa\u00f1\u00eda tiene la capacidad de fabricar 60 m\u00f3dulos de paneles solares por d\u00eda.<\/p>\n<p style=\"text-align: justify;\"><strong>\u201cTenemos un inventario de 10 mil m\u00f3dulos para iniciar el proceso de instalaci\u00f3n, en los diferentes pueblos del estado Falc\u00f3n, y as\u00ed\u00a0 comenzar el proyecto piloto con el sistema h\u00edbrido de aerogeneradores, de 1 mil 500, 3 mil y 6 mil vatios\u201d<\/strong>, preciso Reverol Torres, acompa\u00f1ado por el gobernador de la entidad, V\u00edctor Clark.<\/p>\n<p style=\"text-align: justify;\">Todas estas acciones forman parte de las victorias tempranas que se consolidan en el Congreso Nacional de Servicios P\u00fablicos.<\/p>\n<p style=\"text-align: justify;\"><strong>Prensa Vpsops<\/strong><\/p>\n<p><img loading=\"lazy\" decoding=\"async\" class=\"alignnone wp-image-86450 size-full\" src=\"http:\/\/10.200.87.50\/mppee\/wp-content\/uploads\/2022\/03\/Reactivan-empresas-de-fabricaci\u00f3n-de-bombillos-tipo-LED-y-de-paneles-solares-6.jpg\" alt=\"\" width=\"1080\" height=\"807\" srcset=\"https:\/\/mppee.gob.ve\/wp-content\/uploads\/2022\/03\/Reactivan-empresas-de-fabricaci\u00f3n-de-bombillos-tipo-LED-y-de-paneles-solares-6.jpg 1080w, https:\/\/mppee.gob.ve\/wp-content\/uploads\/2022\/03\/Reactivan-empresas-de-fabricaci\u00f3n-de-bombillos-tipo-LED-y-de-paneles-solares-6-300x224.jpg 300w, https:\/\/mppee.gob.ve\/wp-content\/uploads\/2022\/03\/Reactivan-empresas-de-fabricaci\u00f3n-de-bombillos-tipo-LED-y-de-paneles-solares-6-1024x765.jpg 1024w, https:\/\/mppee.gob.ve\/wp-content\/uploads\/2022\/03\/Reactivan-empresas-de-fabricaci\u00f3n-de-bombillos-tipo-LED-y-de-paneles-solares-6-768x574.jpg 768w\" sizes=\"auto, (max-width: 1080px) 100vw, 1080px\" \/> <img loading=\"lazy\" decoding=\"async\" class=\"alignnone wp-image-86449 size-full\" src=\"http:\/\/10.200.87.50\/mppee\/wp-content\/uploads\/2022\/03\/Reactivan-empresas-de-fabricaci\u00f3n-de-bombillos-tipo-LED-y-de-paneles-solares-5.jpg\" alt=\"\" width=\"1280\" height=\"853\" srcset=\"https:\/\/mppee.gob.ve\/wp-content\/uploads\/2022\/03\/Reactivan-empresas-de-fabricaci\u00f3n-de-bombillos-tipo-LED-y-de-paneles-solares-5.jpg 1280w, https:\/\/mppee.gob.ve\/wp-content\/uploads\/2022\/03\/Reactivan-empresas-de-fabricaci\u00f3n-de-bombillos-tipo-LED-y-de-paneles-solares-5-300x200.jpg 300w, https:\/\/mppee.gob.ve\/wp-content\/uploads\/2022\/03\/Reactivan-empresas-de-fabricaci\u00f3n-de-bombillos-tipo-LED-y-de-paneles-solares-5-1024x682.jpg 1024w, https:\/\/mppee.gob.ve\/wp-content\/uploads\/2022\/03\/Reactivan-empresas-de-fabricaci\u00f3n-de-bombillos-tipo-LED-y-de-paneles-solares-5-768x512.jpg 768w\" sizes=\"auto, (max-width: 1280px) 100vw, 1280px\" \/> <img loading=\"lazy\" decoding=\"async\" class=\"alignnone wp-image-86448 size-full\" src=\"http:\/\/10.200.87.50\/mppee\/wp-content\/uploads\/2022\/03\/Reactivan-empresas-de-fabricaci\u00f3n-de-bombillos-tipo-LED-y-de-paneles-solares-4.jpg\" alt=\"\" width=\"912\" height=\"608\" srcset=\"https:\/\/mppee.gob.ve\/wp-content\/uploads\/2022\/03\/Reactivan-empresas-de-fabricaci\u00f3n-de-bombillos-tipo-LED-y-de-paneles-solares-4.jpg 912w, https:\/\/mppee.gob.ve\/wp-content\/uploads\/2022\/03\/Reactivan-empresas-de-fabricaci\u00f3n-de-bombillos-tipo-LED-y-de-paneles-solares-4-300x200.jpg 300w, https:\/\/mppee.gob.ve\/wp-content\/uploads\/2022\/03\/Reactivan-empresas-de-fabricaci\u00f3n-de-bombillos-tipo-LED-y-de-paneles-solares-4-768x512.jpg 768w\" sizes=\"auto, (max-width: 912px) 100vw, 912px\" \/> <img loading=\"lazy\" decoding=\"async\" class=\"alignnone wp-image-86447 size-full\" src=\"http:\/\/10.200.87.50\/mppee\/wp-content\/uploads\/2022\/03\/Reactivan-empresas-de-fabricaci\u00f3n-de-bombillos-tipo-LED-y-de-paneles-solares-3.jpg\" alt=\"\" width=\"1080\" height=\"765\" srcset=\"https:\/\/mppee.gob.ve\/wp-content\/uploads\/2022\/03\/Reactivan-empresas-de-fabricaci\u00f3n-de-bombillos-tipo-LED-y-de-paneles-solares-3.jpg 1080w, https:\/\/mppee.gob.ve\/wp-content\/uploads\/2022\/03\/Reactivan-empresas-de-fabricaci\u00f3n-de-bombillos-tipo-LED-y-de-paneles-solares-3-300x213.jpg 300w, https:\/\/mppee.gob.ve\/wp-content\/uploads\/2022\/03\/Reactivan-empresas-de-fabricaci\u00f3n-de-bombillos-tipo-LED-y-de-paneles-solares-3-1024x725.jpg 1024w, https:\/\/mppee.gob.ve\/wp-content\/uploads\/2022\/03\/Reactivan-empresas-de-fabricaci\u00f3n-de-bombillos-tipo-LED-y-de-paneles-solares-3-768x544.jpg 768w\" sizes=\"auto, (max-width: 1080px) 100vw, 1080px\" \/> <img loading=\"lazy\" decoding=\"async\" class=\"alignnone wp-image-86446 size-full\" src=\"http:\/\/10.200.87.50\/mppee\/wp-content\/uploads\/2022\/03\/Reactivan-empresas-de-fabricaci\u00f3n-de-bombillos-tipo-LED-y-de-paneles-solares-2.jpg\" alt=\"\" width=\"912\" height=\"608\" srcset=\"https:\/\/mppee.gob.ve\/wp-content\/uploads\/2022\/03\/Reactivan-empresas-de-fabricaci\u00f3n-de-bombillos-tipo-LED-y-de-paneles-solares-2.jpg 912w, https:\/\/mppee.gob.ve\/wp-content\/uploads\/2022\/03\/Reactivan-empresas-de-fabricaci\u00f3n-de-bombillos-tipo-LED-y-de-paneles-solares-2-300x200.jpg 300w, https:\/\/mppee.gob.ve\/wp-content\/uploads\/2022\/03\/Reactivan-empresas-de-fabricaci\u00f3n-de-bombillos-tipo-LED-y-de-paneles-solares-2-768x512.jpg 768w\" sizes=\"auto, (max-width: 912px) 100vw, 912px\" \/> <img loading=\"lazy\" decoding=\"async\" class=\"alignnone wp-image-86445 size-full\" src=\"http:\/\/10.200.87.50\/mppee\/wp-content\/uploads\/2022\/03\/Reactivan-empresas-de-fabricaci\u00f3n-de-bombillos-tipo-LED-y-de-paneles-solares-1.jpg\" alt=\"\" width=\"912\" height=\"608\" srcset=\"https:\/\/mppee.gob.ve\/wp-content\/uploads\/2022\/03\/Reactivan-empresas-de-fabricaci\u00f3n-de-bombillos-tipo-LED-y-de-paneles-solares-1.jpg 912w, https:\/\/mppee.gob.ve\/wp-content\/uploads\/2022\/03\/Reactivan-empresas-de-fabricaci\u00f3n-de-bombillos-tipo-LED-y-de-paneles-solares-1-300x200.jpg 300w, https:\/\/mppee.gob.ve\/wp-content\/uploads\/2022\/03\/Reactivan-empresas-de-fabricaci\u00f3n-de-bombillos-tipo-LED-y-de-paneles-solares-1-768x512.jpg 768w\" sizes=\"auto, (max-width: 912px) 100vw, 912px\" \/><\/p>\n","protected":false},"excerpt":{"rendered":"<p>Como parte del fortalecimiento a la industria el\u00e9ctrica, el\u00a0 vicepresidente Sectorial de Obras P\u00fablicas y Servicios, G\/J N\u00e9stor Reverol, reactiv\u00f3<\/p>\n","protected":false},"author":12,"featured_media":86452,"comment_status":"open","ping_status":"open","sticky":false,"template":"","format":"standard","meta":{"footnotes":""},"categories":[30],"tags":[],"class_list":["post-86444","post","type-post","status-publish","format-standard","has-post-thumbnail","hentry","category-regionales"],"_links":{"self":[{"href":"https:\/\/mppee.gob.ve\/index.php?rest_route=\/wp\/v2\/posts\/86444","targetHints":{"allow":["GET"]}}],"collection":[{"href":"https:\/\/mppee.gob.ve\/index.php?rest_route=\/wp\/v2\/posts"}],"about":[{"href":"https:\/\/mppee.gob.ve\/index.php?rest_route=\/wp\/v2\/types\/post"}],"author":[{"embeddable":true,"href":"https:\/\/mppee.gob.ve\/index.php?rest_route=\/wp\/v2\/users\/12"}],"replies":[{"embeddable":true,"href":"https:\/\/mppee.gob.ve\/index.php?rest_route=%2Fwp%2Fv2%2Fcomments&post=86444"}],"version-history":[{"count":1,"href":"https:\/\/mppee.gob.ve\/index.php?rest_route=\/wp\/v2\/posts\/86444\/revisions"}],"predecessor-version":[{"id":86454,"href":"https:\/\/mppee.gob.ve\/index.php?rest_route=\/wp\/v2\/posts\/86444\/revisions\/86454"}],"wp:featuredmedia":[{"embeddable":true,"href":"https:\/\/mppee.gob.ve\/index.php?rest_route=\/wp\/v2\/media\/86452"}],"wp:attachment":[{"href":"https:\/\/mppee.gob.ve\/index.php?rest_route=%2Fwp%2Fv2%2Fmedia&parent=86444"}],"wp:term":[{"taxonomy":"category","embeddable":true,"href":"https:\/\/mppee.gob.ve\/index.php?rest_route=%2Fwp%2Fv2%2Fcategories&post=86444"},{"taxonomy":"post_tag","embeddable":true,"href":"https:\/\/mppee.gob.ve\/index.php?rest_route=%2Fwp%2Fv2%2Ftags&post=86444"}],"curies":[{"name":"wp","href":"https:\/\/api.w.org\/{rel}","templated":true}]}}