{"id":86456,"date":"2022-03-14T11:27:00","date_gmt":"2022-03-14T11:27:00","guid":{"rendered":"http:\/\/10.200.87.50\/mppee\/?p=86456"},"modified":"2022-03-15T11:47:37","modified_gmt":"2022-03-15T11:47:37","slug":"colegios-de-catia-participaron-en-ruta-de-la-energia-con-conciencia-y-eficiencia","status":"publish","type":"post","link":"https:\/\/mppee.gob.ve\/?p=86456","title":{"rendered":"Colegios de Catia participaron en Ruta de la Energ\u00eda con Conciencia y Eficiencia"},"content":{"rendered":"<p style=\"font-weight: 400; text-align: justify;\"><img loading=\"lazy\" decoding=\"async\" class=\"size-medium wp-image-86462 alignleft\" src=\"http:\/\/10.200.87.50\/mppee\/wp-content\/uploads\/2022\/03\/Colegios-de-Catia-participaron-en-Ruta-de-la-Energ\u00eda-con-Conciencia-y-Eficiencia-8-300x200.jpg\" alt=\"\" width=\"300\" height=\"200\" srcset=\"https:\/\/mppee.gob.ve\/wp-content\/uploads\/2022\/03\/Colegios-de-Catia-participaron-en-Ruta-de-la-Energ\u00eda-con-Conciencia-y-Eficiencia-8-300x200.jpg 300w, https:\/\/mppee.gob.ve\/wp-content\/uploads\/2022\/03\/Colegios-de-Catia-participaron-en-Ruta-de-la-Energ\u00eda-con-Conciencia-y-Eficiencia-8-768x513.jpg 768w, https:\/\/mppee.gob.ve\/wp-content\/uploads\/2022\/03\/Colegios-de-Catia-participaron-en-Ruta-de-la-Energ\u00eda-con-Conciencia-y-Eficiencia-8.jpg 1009w\" sizes=\"auto, (max-width: 300px) 100vw, 300px\" \/>Estudiantes de siete escuelas de la parroquia Sucre de Caracas, participaron en el encuentro educativo la Ruta de la Energ\u00eda con Conciencia y Eficiencia, a prop\u00f3sito de las actividades programadas por el mes de la Eficiencia Energ\u00e9tica.<\/p>\n<p style=\"font-weight: 400; text-align: justify;\">La viceministra para las Nuevas Fuentes y Uso Racional de la Energ\u00eda El\u00e9ctrica, Tania Masea, indic\u00f3 la importancia de realizar el uso racional y eficiente de la energ\u00eda, <strong>\u201cestamos desarrollando esta actividad con los j\u00f3venes para resaltar la importancia de utilizar de manera eficiente la energ\u00eda el\u00e9ctrica; ellos nos muestran su creatividad y diferentes proyectos que realizaron para celebrar el mes de la Eficiencia Energ\u00e9tica\u201d.<\/strong><\/p>\n<p style=\"font-weight: 400; text-align: justify;\">Desde los espacios de la Unidad Educativa Nacional Bolivariana <strong>\u201cMiguel Antonio Caro\u201d<\/strong>, al oeste de la ciudad capital, Masea destac\u00f3 que llevan el mensaje de <strong>\u201cActiva la Conciencia con Energ\u00eda y Eficiencia\u201d<\/strong>, y <strong>\u201cYo me Sumo a Bajar el Consumo\u201d,<\/strong> para crear una nueva cultura energ\u00e9tica en los m\u00e1s peque\u00f1os de la casa.<\/p>\n<p style=\"font-weight: 400; text-align: justify;\"><img loading=\"lazy\" decoding=\"async\" class=\"size-medium wp-image-86461 alignright\" src=\"http:\/\/10.200.87.50\/mppee\/wp-content\/uploads\/2022\/03\/Colegios-de-Catia-participaron-en-Ruta-de-la-Energ\u00eda-con-Conciencia-y-Eficiencia-6-300x195.jpg\" alt=\"\" width=\"300\" height=\"195\" srcset=\"https:\/\/mppee.gob.ve\/wp-content\/uploads\/2022\/03\/Colegios-de-Catia-participaron-en-Ruta-de-la-Energ\u00eda-con-Conciencia-y-Eficiencia-6-300x195.jpg 300w, https:\/\/mppee.gob.ve\/wp-content\/uploads\/2022\/03\/Colegios-de-Catia-participaron-en-Ruta-de-la-Energ\u00eda-con-Conciencia-y-Eficiencia-6-768x498.jpg 768w, https:\/\/mppee.gob.ve\/wp-content\/uploads\/2022\/03\/Colegios-de-Catia-participaron-en-Ruta-de-la-Energ\u00eda-con-Conciencia-y-Eficiencia-6.jpg 1011w\" sizes=\"auto, (max-width: 300px) 100vw, 300px\" \/>A trav\u00e9s de los stands denominados Espacios El\u00e9ctricos, se busc\u00f3 sensibilizar, concientizar y educar en materia de la eficiencia el\u00e9ctrica, por medio de exposiciones, talleres y presentaciones a los estudiantes de las siete instituciones educativas de los niveles inicial, media y diversificada.<\/p>\n<p style=\"font-weight: 400; text-align: justify;\">\u00c1ngela Serrano, docente del Unidad Educativa <strong>\u201cDavid Pascoil\u201d<\/strong>, colegio que atiende a personas con discapacidad auditiva, le pareci\u00f3 <strong>\u201crealmente importante y muy valiosa la informaci\u00f3n, porque nuestra poblaci\u00f3n estudiantil tambi\u00e9n tiene la necesidad de participar y empoderarse de los conocimientos para aplicarlos en casa\u201d.<\/strong><\/p>\n<p style=\"font-weight: 400; text-align: justify;\">Por su parte, William Chac\u00f3n, docente con discapacidad auditiva, agradeci\u00f3 la presencia del ente el\u00e9ctrico, y a\u00f1adi\u00f3 que <strong>\u201ces importante para los ni\u00f1os que conozcan c\u00f3mo usar adecuadamente la electricidad y, por supuesto, para su aprendizaje particular\u201d.<\/strong><\/p>\n<p style=\"font-weight: 400; text-align: justify;\"><strong>Prensa Corpoelec<\/strong><\/p>\n<p><img loading=\"lazy\" decoding=\"async\" class=\"alignnone wp-image-86460 size-full\" src=\"http:\/\/10.200.87.50\/mppee\/wp-content\/uploads\/2022\/03\/Colegios-de-Catia-participaron-en-Ruta-de-la-Energ\u00eda-con-Conciencia-y-Eficiencia-5.jpg\" alt=\"\" width=\"1034\" height=\"536\" srcset=\"https:\/\/mppee.gob.ve\/wp-content\/uploads\/2022\/03\/Colegios-de-Catia-participaron-en-Ruta-de-la-Energ\u00eda-con-Conciencia-y-Eficiencia-5.jpg 1034w, https:\/\/mppee.gob.ve\/wp-content\/uploads\/2022\/03\/Colegios-de-Catia-participaron-en-Ruta-de-la-Energ\u00eda-con-Conciencia-y-Eficiencia-5-300x156.jpg 300w, https:\/\/mppee.gob.ve\/wp-content\/uploads\/2022\/03\/Colegios-de-Catia-participaron-en-Ruta-de-la-Energ\u00eda-con-Conciencia-y-Eficiencia-5-1024x531.jpg 1024w, https:\/\/mppee.gob.ve\/wp-content\/uploads\/2022\/03\/Colegios-de-Catia-participaron-en-Ruta-de-la-Energ\u00eda-con-Conciencia-y-Eficiencia-5-768x398.jpg 768w\" sizes=\"auto, (max-width: 1034px) 100vw, 1034px\" \/> <img loading=\"lazy\" decoding=\"async\" class=\"alignnone wp-image-86459 size-full\" src=\"http:\/\/10.200.87.50\/mppee\/wp-content\/uploads\/2022\/03\/Colegios-de-Catia-participaron-en-Ruta-de-la-Energ\u00eda-con-Conciencia-y-Eficiencia-4.jpg\" alt=\"\" width=\"900\" height=\"614\" srcset=\"https:\/\/mppee.gob.ve\/wp-content\/uploads\/2022\/03\/Colegios-de-Catia-participaron-en-Ruta-de-la-Energ\u00eda-con-Conciencia-y-Eficiencia-4.jpg 900w, https:\/\/mppee.gob.ve\/wp-content\/uploads\/2022\/03\/Colegios-de-Catia-participaron-en-Ruta-de-la-Energ\u00eda-con-Conciencia-y-Eficiencia-4-300x205.jpg 300w, https:\/\/mppee.gob.ve\/wp-content\/uploads\/2022\/03\/Colegios-de-Catia-participaron-en-Ruta-de-la-Energ\u00eda-con-Conciencia-y-Eficiencia-4-768x524.jpg 768w, https:\/\/mppee.gob.ve\/wp-content\/uploads\/2022\/03\/Colegios-de-Catia-participaron-en-Ruta-de-la-Energ\u00eda-con-Conciencia-y-Eficiencia-4-130x90.jpg 130w\" sizes=\"auto, (max-width: 900px) 100vw, 900px\" \/> <img loading=\"lazy\" decoding=\"async\" class=\"alignnone wp-image-86457 size-full\" src=\"http:\/\/10.200.87.50\/mppee\/wp-content\/uploads\/2022\/03\/Colegios-de-Catia-participaron-en-Ruta-de-la-Energ\u00eda-con-Conciencia-y-Eficiencia-2.jpg\" alt=\"\" width=\"1080\" height=\"720\" srcset=\"https:\/\/mppee.gob.ve\/wp-content\/uploads\/2022\/03\/Colegios-de-Catia-participaron-en-Ruta-de-la-Energ\u00eda-con-Conciencia-y-Eficiencia-2.jpg 1080w, https:\/\/mppee.gob.ve\/wp-content\/uploads\/2022\/03\/Colegios-de-Catia-participaron-en-Ruta-de-la-Energ\u00eda-con-Conciencia-y-Eficiencia-2-300x200.jpg 300w, https:\/\/mppee.gob.ve\/wp-content\/uploads\/2022\/03\/Colegios-de-Catia-participaron-en-Ruta-de-la-Energ\u00eda-con-Conciencia-y-Eficiencia-2-1024x683.jpg 1024w, https:\/\/mppee.gob.ve\/wp-content\/uploads\/2022\/03\/Colegios-de-Catia-participaron-en-Ruta-de-la-Energ\u00eda-con-Conciencia-y-Eficiencia-2-768x512.jpg 768w\" sizes=\"auto, (max-width: 1080px) 100vw, 1080px\" \/><\/p>\n","protected":false},"excerpt":{"rendered":"<p>Estudiantes de siete escuelas de la parroquia Sucre de Caracas, participaron en el encuentro educativo la Ruta de la Energ\u00eda<\/p>\n","protected":false},"author":12,"featured_media":86458,"comment_status":"open","ping_status":"open","sticky":false,"template":"","format":"standard","meta":{"footnotes":""},"categories":[30],"tags":[11],"class_list":["post-86456","post","type-post","status-publish","format-standard","has-post-thumbnail","hentry","category-regionales","tag-mppee"],"_links":{"self":[{"href":"https:\/\/mppee.gob.ve\/index.php?rest_route=\/wp\/v2\/posts\/86456","targetHints":{"allow":["GET"]}}],"collection":[{"href":"https:\/\/mppee.gob.ve\/index.php?rest_route=\/wp\/v2\/posts"}],"about":[{"href":"https:\/\/mppee.gob.ve\/index.php?rest_route=\/wp\/v2\/types\/post"}],"author":[{"embeddable":true,"href":"https:\/\/mppee.gob.ve\/index.php?rest_route=\/wp\/v2\/users\/12"}],"replies":[{"embeddable":true,"href":"https:\/\/mppee.gob.ve\/index.php?rest_route=%2Fwp%2Fv2%2Fcomments&post=86456"}],"version-history":[{"count":1,"href":"https:\/\/mppee.gob.ve\/index.php?rest_route=\/wp\/v2\/posts\/86456\/revisions"}],"predecessor-version":[{"id":86463,"href":"https:\/\/mppee.gob.ve\/index.php?rest_route=\/wp\/v2\/posts\/86456\/revisions\/86463"}],"wp:featuredmedia":[{"embeddable":true,"href":"https:\/\/mppee.gob.ve\/index.php?rest_route=\/wp\/v2\/media\/86458"}],"wp:attachment":[{"href":"https:\/\/mppee.gob.ve\/index.php?rest_route=%2Fwp%2Fv2%2Fmedia&parent=86456"}],"wp:term":[{"taxonomy":"category","embeddable":true,"href":"https:\/\/mppee.gob.ve\/index.php?rest_route=%2Fwp%2Fv2%2Fcategories&post=86456"},{"taxonomy":"post_tag","embeddable":true,"href":"https:\/\/mppee.gob.ve\/index.php?rest_route=%2Fwp%2Fv2%2Ftags&post=86456"}],"curies":[{"name":"wp","href":"https:\/\/api.w.org\/{rel}","templated":true}]}}