{"id":86474,"date":"2022-03-16T11:18:00","date_gmt":"2022-03-16T11:18:00","guid":{"rendered":"http:\/\/10.200.87.50\/mppee\/?p=86474"},"modified":"2022-03-17T11:27:54","modified_gmt":"2022-03-17T11:27:54","slug":"anuncian-plan-regional-de-alumbrado-a-centros-de-salud-en-el-estado-aragua","status":"publish","type":"post","link":"https:\/\/mppee.gob.ve\/?p=86474","title":{"rendered":"Anuncian Plan Regional de Alumbrado a Centros de Salud en el estado Aragua"},"content":{"rendered":"<p style=\"text-align: justify;\"><img loading=\"lazy\" decoding=\"async\" class=\"size-medium wp-image-86482 alignleft\" src=\"http:\/\/10.200.87.50\/mppee\/wp-content\/uploads\/2022\/03\/Anuncian-Plan-Regional-de-Alumbrado-a-Centros-de-Salud-en-el-estado-Aragua-8-300x200.jpeg\" alt=\"\" width=\"300\" height=\"200\" srcset=\"https:\/\/mppee.gob.ve\/wp-content\/uploads\/2022\/03\/Anuncian-Plan-Regional-de-Alumbrado-a-Centros-de-Salud-en-el-estado-Aragua-8-300x200.jpeg 300w, https:\/\/mppee.gob.ve\/wp-content\/uploads\/2022\/03\/Anuncian-Plan-Regional-de-Alumbrado-a-Centros-de-Salud-en-el-estado-Aragua-8-768x512.jpeg 768w, https:\/\/mppee.gob.ve\/wp-content\/uploads\/2022\/03\/Anuncian-Plan-Regional-de-Alumbrado-a-Centros-de-Salud-en-el-estado-Aragua-8.jpeg 1024w\" sizes=\"auto, (max-width: 300px) 100vw, 300px\" \/>Este mi\u00e9rcoles, el vicepresidente Sectorial de Obras P\u00fablicas y Servicios, G\/J N\u00e9stor Reverol, anunci\u00f3 el Plan Regional de Alumbrado a los Centros de Salud del estado Aragua y la masificaci\u00f3n de m\u00e1s de 191 pozos de agua profunda, con motor y bomba, para responder a los requerimientos de la poblaci\u00f3n arag\u00fce\u00f1a.<\/p>\n<p>Durante la instalaci\u00f3n del Congreso Nacional de los Servicios P\u00fablicos en esta entidad, indic\u00f3 que en materia de agua <strong>\u00abtambi\u00e9n haremos la supervisi\u00f3n del Sistema de Acueductos, la ejecuci\u00f3n del Plan de Atenci\u00f3n de Aver\u00edas, y junto a los organismos de seguridad del estado se desarrollar\u00e1 un plan para evitar las tomas clandestinas\u201d<\/strong>, dijo Reverol Torres.<\/p>\n<p>C<img loading=\"lazy\" decoding=\"async\" class=\"size-medium wp-image-86480 alignright\" src=\"http:\/\/10.200.87.50\/mppee\/wp-content\/uploads\/2022\/03\/Anuncian-Plan-Regional-de-Alumbrado-a-Centros-de-Salud-en-el-estado-Aragua-6-300x200.jpeg\" alt=\"\" width=\"300\" height=\"200\" srcset=\"https:\/\/mppee.gob.ve\/wp-content\/uploads\/2022\/03\/Anuncian-Plan-Regional-de-Alumbrado-a-Centros-de-Salud-en-el-estado-Aragua-6-300x200.jpeg 300w, https:\/\/mppee.gob.ve\/wp-content\/uploads\/2022\/03\/Anuncian-Plan-Regional-de-Alumbrado-a-Centros-de-Salud-en-el-estado-Aragua-6-768x512.jpeg 768w, https:\/\/mppee.gob.ve\/wp-content\/uploads\/2022\/03\/Anuncian-Plan-Regional-de-Alumbrado-a-Centros-de-Salud-en-el-estado-Aragua-6.jpeg 1024w\" sizes=\"auto, (max-width: 300px) 100vw, 300px\" \/>on relaci\u00f3n al tema de transporte, inform\u00f3 la activaci\u00f3n del Aeropuerto Internacional <strong>\u00abJos\u00e9 F\u00e9lix Ribas\u00bb<\/strong> de carga a\u00e9rea, lo cual permitir\u00e1 aumentar las exportaciones, tener el control de importaciones y dar\u00e1 auge a la econom\u00eda arag\u00fce\u00f1a. Asimismo, se desarrollar\u00e1n los trabajos para reactivar el Sistema de Ferrocarril Maracay \u2013 Cagua.<\/p>\n<p>El Vicepresidente de Servicios, destac\u00f3 que ante el tema del Gas Licuado de Petr\u00f3leo (GLP), se acord\u00f3 acortar los ciclos de distribuci\u00f3n de cilindros a 15 d\u00edas, y un Plan de Saturaci\u00f3n con unidades m\u00f3viles.<\/p>\n<p><img loading=\"lazy\" decoding=\"async\" class=\"size-medium wp-image-86479 alignleft\" src=\"http:\/\/10.200.87.50\/mppee\/wp-content\/uploads\/2022\/03\/Anuncian-Plan-Regional-de-Alumbrado-a-Centros-de-Salud-en-el-estado-Aragua-5-300x196.jpeg\" alt=\"\" width=\"300\" height=\"196\" srcset=\"https:\/\/mppee.gob.ve\/wp-content\/uploads\/2022\/03\/Anuncian-Plan-Regional-de-Alumbrado-a-Centros-de-Salud-en-el-estado-Aragua-5-300x196.jpeg 300w, https:\/\/mppee.gob.ve\/wp-content\/uploads\/2022\/03\/Anuncian-Plan-Regional-de-Alumbrado-a-Centros-de-Salud-en-el-estado-Aragua-5-768x503.jpeg 768w, https:\/\/mppee.gob.ve\/wp-content\/uploads\/2022\/03\/Anuncian-Plan-Regional-de-Alumbrado-a-Centros-de-Salud-en-el-estado-Aragua-5.jpeg 1024w\" sizes=\"auto, (max-width: 300px) 100vw, 300px\" \/>Para atender las solicitudes de las comunidades organizadas en el tema de telecomunicaciones, manifest\u00f3 que pr\u00f3ximamente la empresa del Estado, Cantv, contar\u00e1 con m\u00e1s de 5 mil nuevos registros en la entidad arag\u00fce\u00f1a.<\/p>\n<p>El tambi\u00e9n Ministro del Poder Popular para la Energ\u00eda El\u00e9ctrica, expres\u00f3 que esta entidad central del pa\u00eds, posee el 100% de la cartograf\u00eda social, que ayuda a crear de manera m\u00e1s espec\u00edfica el mapa de soluciones.<\/p>\n<p><strong>\u00abTenemos la participaci\u00f3n activa de 1.952 consejos comunales, 161 comunas, que tienen el 100% del estado mapeado, a trav\u00e9s de cartograf\u00eda social, y as\u00ed podemos fortalecer y optimizarlos servicios p\u00fablicos de manera m\u00e1s \u00f3ptima y concreta\u00bb<\/strong>, finaliz\u00f3 el General en Jefe.<\/p>\n<p><b><br \/>\nPrensa Vsops<\/b><\/p>\n<figure id=\"attachment_86475\" aria-describedby=\"caption-attachment-86475\" style=\"width: 1024px\" class=\"wp-caption alignnone\"><img loading=\"lazy\" decoding=\"async\" class=\"wp-image-86475 size-full\" src=\"http:\/\/10.200.87.50\/mppee\/wp-content\/uploads\/2022\/03\/Anuncian-Plan-Regional-de-Alumbrado-a-Centros-de-Salud-en-el-estado-Aragua-1.jpeg\" alt=\"\" width=\"1024\" height=\"683\" srcset=\"https:\/\/mppee.gob.ve\/wp-content\/uploads\/2022\/03\/Anuncian-Plan-Regional-de-Alumbrado-a-Centros-de-Salud-en-el-estado-Aragua-1.jpeg 1024w, https:\/\/mppee.gob.ve\/wp-content\/uploads\/2022\/03\/Anuncian-Plan-Regional-de-Alumbrado-a-Centros-de-Salud-en-el-estado-Aragua-1-300x200.jpeg 300w, https:\/\/mppee.gob.ve\/wp-content\/uploads\/2022\/03\/Anuncian-Plan-Regional-de-Alumbrado-a-Centros-de-Salud-en-el-estado-Aragua-1-768x512.jpeg 768w\" sizes=\"auto, (max-width: 1024px) 100vw, 1024px\" \/><figcaption id=\"caption-attachment-86475\" class=\"wp-caption-text\">Vicepresidente Sectorial de Obras P\u00fablicas y Servicios, G\/J N\u00e9stor Reverol<\/figcaption><\/figure>\n<p><img loading=\"lazy\" decoding=\"async\" class=\"alignnone wp-image-86478 size-full\" src=\"http:\/\/10.200.87.50\/mppee\/wp-content\/uploads\/2022\/03\/Anuncian-Plan-Regional-de-Alumbrado-a-Centros-de-Salud-en-el-estado-Aragua-4.jpeg\" alt=\"\" width=\"1024\" height=\"660\" srcset=\"https:\/\/mppee.gob.ve\/wp-content\/uploads\/2022\/03\/Anuncian-Plan-Regional-de-Alumbrado-a-Centros-de-Salud-en-el-estado-Aragua-4.jpeg 1024w, https:\/\/mppee.gob.ve\/wp-content\/uploads\/2022\/03\/Anuncian-Plan-Regional-de-Alumbrado-a-Centros-de-Salud-en-el-estado-Aragua-4-300x193.jpeg 300w, https:\/\/mppee.gob.ve\/wp-content\/uploads\/2022\/03\/Anuncian-Plan-Regional-de-Alumbrado-a-Centros-de-Salud-en-el-estado-Aragua-4-768x495.jpeg 768w\" sizes=\"auto, (max-width: 1024px) 100vw, 1024px\" \/> <img loading=\"lazy\" decoding=\"async\" class=\"alignnone wp-image-86477 size-full\" src=\"http:\/\/10.200.87.50\/mppee\/wp-content\/uploads\/2022\/03\/Anuncian-Plan-Regional-de-Alumbrado-a-Centros-de-Salud-en-el-estado-Aragua-3.jpeg\" alt=\"\" width=\"1024\" height=\"683\" srcset=\"https:\/\/mppee.gob.ve\/wp-content\/uploads\/2022\/03\/Anuncian-Plan-Regional-de-Alumbrado-a-Centros-de-Salud-en-el-estado-Aragua-3.jpeg 1024w, https:\/\/mppee.gob.ve\/wp-content\/uploads\/2022\/03\/Anuncian-Plan-Regional-de-Alumbrado-a-Centros-de-Salud-en-el-estado-Aragua-3-300x200.jpeg 300w, https:\/\/mppee.gob.ve\/wp-content\/uploads\/2022\/03\/Anuncian-Plan-Regional-de-Alumbrado-a-Centros-de-Salud-en-el-estado-Aragua-3-768x512.jpeg 768w\" sizes=\"auto, (max-width: 1024px) 100vw, 1024px\" \/> <img loading=\"lazy\" decoding=\"async\" class=\"alignnone wp-image-86476 size-full\" src=\"http:\/\/10.200.87.50\/mppee\/wp-content\/uploads\/2022\/03\/Anuncian-Plan-Regional-de-Alumbrado-a-Centros-de-Salud-en-el-estado-Aragua-2.jpeg\" alt=\"\" width=\"1024\" height=\"681\" srcset=\"https:\/\/mppee.gob.ve\/wp-content\/uploads\/2022\/03\/Anuncian-Plan-Regional-de-Alumbrado-a-Centros-de-Salud-en-el-estado-Aragua-2.jpeg 1024w, https:\/\/mppee.gob.ve\/wp-content\/uploads\/2022\/03\/Anuncian-Plan-Regional-de-Alumbrado-a-Centros-de-Salud-en-el-estado-Aragua-2-300x200.jpeg 300w, https:\/\/mppee.gob.ve\/wp-content\/uploads\/2022\/03\/Anuncian-Plan-Regional-de-Alumbrado-a-Centros-de-Salud-en-el-estado-Aragua-2-768x511.jpeg 768w\" sizes=\"auto, (max-width: 1024px) 100vw, 1024px\" \/><\/p>\n","protected":false},"excerpt":{"rendered":"<p>Este mi\u00e9rcoles, el vicepresidente Sectorial de Obras P\u00fablicas y Servicios, G\/J N\u00e9stor Reverol, anunci\u00f3 el Plan Regional de Alumbrado a<\/p>\n","protected":false},"author":12,"featured_media":86481,"comment_status":"open","ping_status":"open","sticky":false,"template":"","format":"standard","meta":{"footnotes":""},"categories":[30],"tags":[11,327],"class_list":["post-86474","post","type-post","status-publish","format-standard","has-post-thumbnail","hentry","category-regionales","tag-mppee","tag-vsops"],"_links":{"self":[{"href":"https:\/\/mppee.gob.ve\/index.php?rest_route=\/wp\/v2\/posts\/86474","targetHints":{"allow":["GET"]}}],"collection":[{"href":"https:\/\/mppee.gob.ve\/index.php?rest_route=\/wp\/v2\/posts"}],"about":[{"href":"https:\/\/mppee.gob.ve\/index.php?rest_route=\/wp\/v2\/types\/post"}],"author":[{"embeddable":true,"href":"https:\/\/mppee.gob.ve\/index.php?rest_route=\/wp\/v2\/users\/12"}],"replies":[{"embeddable":true,"href":"https:\/\/mppee.gob.ve\/index.php?rest_route=%2Fwp%2Fv2%2Fcomments&post=86474"}],"version-history":[{"count":1,"href":"https:\/\/mppee.gob.ve\/index.php?rest_route=\/wp\/v2\/posts\/86474\/revisions"}],"predecessor-version":[{"id":86483,"href":"https:\/\/mppee.gob.ve\/index.php?rest_route=\/wp\/v2\/posts\/86474\/revisions\/86483"}],"wp:featuredmedia":[{"embeddable":true,"href":"https:\/\/mppee.gob.ve\/index.php?rest_route=\/wp\/v2\/media\/86481"}],"wp:attachment":[{"href":"https:\/\/mppee.gob.ve\/index.php?rest_route=%2Fwp%2Fv2%2Fmedia&parent=86474"}],"wp:term":[{"taxonomy":"category","embeddable":true,"href":"https:\/\/mppee.gob.ve\/index.php?rest_route=%2Fwp%2Fv2%2Fcategories&post=86474"},{"taxonomy":"post_tag","embeddable":true,"href":"https:\/\/mppee.gob.ve\/index.php?rest_route=%2Fwp%2Fv2%2Ftags&post=86474"}],"curies":[{"name":"wp","href":"https:\/\/api.w.org\/{rel}","templated":true}]}}