{"id":86484,"date":"2022-03-16T11:29:00","date_gmt":"2022-03-16T11:29:00","guid":{"rendered":"http:\/\/10.200.87.50\/mppee\/?p=86484"},"modified":"2022-03-17T11:37:29","modified_gmt":"2022-03-17T11:37:29","slug":"subestacion-electrica-aragua-100-recuperada-y-al-servicio-de-las-comunidades","status":"publish","type":"post","link":"https:\/\/mppee.gob.ve\/?p=86484","title":{"rendered":"Subestaci\u00f3n El\u00e9ctrica Aragua 100% recuperada y al servicio de las comunidades"},"content":{"rendered":"<p style=\"font-weight: 400; text-align: justify;\"><img loading=\"lazy\" decoding=\"async\" class=\"size-medium wp-image-86491 alignleft\" src=\"http:\/\/10.200.87.50\/mppee\/wp-content\/uploads\/2022\/03\/Subestaci\u00f3n-El\u00e9ctrica-Aragua-100-recuperada-y-al-servicio-de-las-comunidades-7-300x200.jpg\" alt=\"\" width=\"300\" height=\"200\" srcset=\"https:\/\/mppee.gob.ve\/wp-content\/uploads\/2022\/03\/Subestaci\u00f3n-El\u00e9ctrica-Aragua-100-recuperada-y-al-servicio-de-las-comunidades-7-300x200.jpg 300w, https:\/\/mppee.gob.ve\/wp-content\/uploads\/2022\/03\/Subestaci\u00f3n-El\u00e9ctrica-Aragua-100-recuperada-y-al-servicio-de-las-comunidades-7-1024x682.jpg 1024w, https:\/\/mppee.gob.ve\/wp-content\/uploads\/2022\/03\/Subestaci\u00f3n-El\u00e9ctrica-Aragua-100-recuperada-y-al-servicio-de-las-comunidades-7-768x512.jpg 768w, https:\/\/mppee.gob.ve\/wp-content\/uploads\/2022\/03\/Subestaci\u00f3n-El\u00e9ctrica-Aragua-100-recuperada-y-al-servicio-de-las-comunidades-7.jpg 1280w\" sizes=\"auto, (max-width: 300px) 100vw, 300px\" \/>El vicepresidente Sectorial de Obras P\u00fablicas y Servicios, G\/J N\u00e9stor Reverol, inspeccion\u00f3 el funcionamiento de la\u00a0 Subestaci\u00f3n El\u00e9ctrica Aragua, que fue vilmente atacada el a\u00f1o pasado y entreg\u00f3 50 transformadores de diferentes potencias para ser distribuidos en la entidad central.<\/p>\n<p style=\"font-weight: 400; text-align: justify;\">A prop\u00f3sito del Congreso Nacional de Servicios P\u00fablicos, que se desarrolla en la entidad, el General en Jefe visit\u00f3 las instalaciones junto a la gobernadora del estado Aragua, Karina Carpio y los diputados de la Comisi\u00f3n de Administraci\u00f3n y Servicios de la Asamblea Nacional.<\/p>\n<p style=\"font-weight: 400; text-align: justify;\"><strong>\u201cLa subestaci\u00f3n est\u00e1 100% activada, siguiendo las instrucciones del Presidente de la Rep\u00fablica, Nicol\u00e1s Maduro, quien aprob\u00f3 los recursos y orden\u00f3 su recuperaci\u00f3n integral para garantizar el efectivo suministro de energ\u00eda el\u00e9ctrica en los hogares arag\u00fce\u00f1os\u201d<\/strong>, indic\u00f3.<\/p>\n<p style=\"font-weight: 400; text-align: justify;\"><img loading=\"lazy\" decoding=\"async\" class=\"size-medium wp-image-86490 alignright\" src=\"http:\/\/10.200.87.50\/mppee\/wp-content\/uploads\/2022\/03\/Subestaci\u00f3n-El\u00e9ctrica-Aragua-100-recuperada-y-al-servicio-de-las-comunidades-6-300x168.jpg\" alt=\"\" width=\"300\" height=\"168\" srcset=\"https:\/\/mppee.gob.ve\/wp-content\/uploads\/2022\/03\/Subestaci\u00f3n-El\u00e9ctrica-Aragua-100-recuperada-y-al-servicio-de-las-comunidades-6-300x168.jpg 300w, https:\/\/mppee.gob.ve\/wp-content\/uploads\/2022\/03\/Subestaci\u00f3n-El\u00e9ctrica-Aragua-100-recuperada-y-al-servicio-de-las-comunidades-6-1024x574.jpg 1024w, https:\/\/mppee.gob.ve\/wp-content\/uploads\/2022\/03\/Subestaci\u00f3n-El\u00e9ctrica-Aragua-100-recuperada-y-al-servicio-de-las-comunidades-6-768x431.jpg 768w, https:\/\/mppee.gob.ve\/wp-content\/uploads\/2022\/03\/Subestaci\u00f3n-El\u00e9ctrica-Aragua-100-recuperada-y-al-servicio-de-las-comunidades-6-800x445.jpg 800w, https:\/\/mppee.gob.ve\/wp-content\/uploads\/2022\/03\/Subestaci\u00f3n-El\u00e9ctrica-Aragua-100-recuperada-y-al-servicio-de-las-comunidades-6.jpg 1280w\" sizes=\"auto, (max-width: 300px) 100vw, 300px\" \/>Igualmente, destac\u00f3 las labores de la fuerza trabajadora de la Corporaci\u00f3n El\u00e9ctrica Nacional (Corpoelec), para recuperar esta Subestaci\u00f3n y ponerla al servicio del sistema el\u00e9ctrico.<\/p>\n<p style=\"font-weight: 400; text-align: justify;\">Durante la inspecci\u00f3n se entregaron 50 transformadores, sumando a la fecha un total de 192;<strong> \u201ctodos los meses recibir\u00e1n 40 o 50 transformadores hasta completar los requerimientos de las comunidades del estado Aragua\u201d<\/strong>, refiri\u00f3 el tambi\u00e9n titular de la cartera de Energ\u00eda El\u00e9ctrica.<\/p>\n<p style=\"font-weight: 400; text-align: justify;\">Por su parte, Karina Carpio, gobernadora del estado Bolivariano de Aragua, agradeci\u00f3 la recuperaci\u00f3n de la\u00a0 Subestaci\u00f3n y las dem\u00e1s acciones ejercidas, por parte de Corpoelec que de manera r\u00e1pida, eficaz y dispuesta atienden al sistema el\u00e9ctrico de la regi\u00f3n.<\/p>\n<p style=\"text-align: justify;\"><strong>Prensa Vpsops<\/strong><\/p>\n<p><img loading=\"lazy\" decoding=\"async\" class=\"alignnone wp-image-86489 size-full\" src=\"http:\/\/10.200.87.50\/mppee\/wp-content\/uploads\/2022\/03\/Subestaci\u00f3n-El\u00e9ctrica-Aragua-100-recuperada-y-al-servicio-de-las-comunidades-5.jpg\" alt=\"\" width=\"1280\" height=\"853\" srcset=\"https:\/\/mppee.gob.ve\/wp-content\/uploads\/2022\/03\/Subestaci\u00f3n-El\u00e9ctrica-Aragua-100-recuperada-y-al-servicio-de-las-comunidades-5.jpg 1280w, https:\/\/mppee.gob.ve\/wp-content\/uploads\/2022\/03\/Subestaci\u00f3n-El\u00e9ctrica-Aragua-100-recuperada-y-al-servicio-de-las-comunidades-5-300x200.jpg 300w, https:\/\/mppee.gob.ve\/wp-content\/uploads\/2022\/03\/Subestaci\u00f3n-El\u00e9ctrica-Aragua-100-recuperada-y-al-servicio-de-las-comunidades-5-1024x682.jpg 1024w, https:\/\/mppee.gob.ve\/wp-content\/uploads\/2022\/03\/Subestaci\u00f3n-El\u00e9ctrica-Aragua-100-recuperada-y-al-servicio-de-las-comunidades-5-768x512.jpg 768w\" sizes=\"auto, (max-width: 1280px) 100vw, 1280px\" \/> <img loading=\"lazy\" decoding=\"async\" class=\"alignnone wp-image-86488 size-full\" src=\"http:\/\/10.200.87.50\/mppee\/wp-content\/uploads\/2022\/03\/Subestaci\u00f3n-El\u00e9ctrica-Aragua-100-recuperada-y-al-servicio-de-las-comunidades-4.jpg\" alt=\"\" width=\"1280\" height=\"885\" srcset=\"https:\/\/mppee.gob.ve\/wp-content\/uploads\/2022\/03\/Subestaci\u00f3n-El\u00e9ctrica-Aragua-100-recuperada-y-al-servicio-de-las-comunidades-4.jpg 1280w, https:\/\/mppee.gob.ve\/wp-content\/uploads\/2022\/03\/Subestaci\u00f3n-El\u00e9ctrica-Aragua-100-recuperada-y-al-servicio-de-las-comunidades-4-300x207.jpg 300w, https:\/\/mppee.gob.ve\/wp-content\/uploads\/2022\/03\/Subestaci\u00f3n-El\u00e9ctrica-Aragua-100-recuperada-y-al-servicio-de-las-comunidades-4-1024x708.jpg 1024w, https:\/\/mppee.gob.ve\/wp-content\/uploads\/2022\/03\/Subestaci\u00f3n-El\u00e9ctrica-Aragua-100-recuperada-y-al-servicio-de-las-comunidades-4-768x531.jpg 768w, https:\/\/mppee.gob.ve\/wp-content\/uploads\/2022\/03\/Subestaci\u00f3n-El\u00e9ctrica-Aragua-100-recuperada-y-al-servicio-de-las-comunidades-4-392x272.jpg 392w, https:\/\/mppee.gob.ve\/wp-content\/uploads\/2022\/03\/Subestaci\u00f3n-El\u00e9ctrica-Aragua-100-recuperada-y-al-servicio-de-las-comunidades-4-130x90.jpg 130w\" sizes=\"auto, (max-width: 1280px) 100vw, 1280px\" \/> <img loading=\"lazy\" decoding=\"async\" class=\"alignnone wp-image-86487 size-full\" src=\"http:\/\/10.200.87.50\/mppee\/wp-content\/uploads\/2022\/03\/Subestaci\u00f3n-El\u00e9ctrica-Aragua-100-recuperada-y-al-servicio-de-las-comunidades-3.jpg\" alt=\"\" width=\"1280\" height=\"853\" srcset=\"https:\/\/mppee.gob.ve\/wp-content\/uploads\/2022\/03\/Subestaci\u00f3n-El\u00e9ctrica-Aragua-100-recuperada-y-al-servicio-de-las-comunidades-3.jpg 1280w, https:\/\/mppee.gob.ve\/wp-content\/uploads\/2022\/03\/Subestaci\u00f3n-El\u00e9ctrica-Aragua-100-recuperada-y-al-servicio-de-las-comunidades-3-300x200.jpg 300w, https:\/\/mppee.gob.ve\/wp-content\/uploads\/2022\/03\/Subestaci\u00f3n-El\u00e9ctrica-Aragua-100-recuperada-y-al-servicio-de-las-comunidades-3-1024x682.jpg 1024w, https:\/\/mppee.gob.ve\/wp-content\/uploads\/2022\/03\/Subestaci\u00f3n-El\u00e9ctrica-Aragua-100-recuperada-y-al-servicio-de-las-comunidades-3-768x512.jpg 768w\" sizes=\"auto, (max-width: 1280px) 100vw, 1280px\" \/> <img loading=\"lazy\" decoding=\"async\" class=\"alignnone wp-image-86486 size-full\" src=\"http:\/\/10.200.87.50\/mppee\/wp-content\/uploads\/2022\/03\/Subestaci\u00f3n-El\u00e9ctrica-Aragua-100-recuperada-y-al-servicio-de-las-comunidades-2.jpg\" alt=\"\" width=\"1280\" height=\"753\" srcset=\"https:\/\/mppee.gob.ve\/wp-content\/uploads\/2022\/03\/Subestaci\u00f3n-El\u00e9ctrica-Aragua-100-recuperada-y-al-servicio-de-las-comunidades-2.jpg 1280w, https:\/\/mppee.gob.ve\/wp-content\/uploads\/2022\/03\/Subestaci\u00f3n-El\u00e9ctrica-Aragua-100-recuperada-y-al-servicio-de-las-comunidades-2-300x176.jpg 300w, https:\/\/mppee.gob.ve\/wp-content\/uploads\/2022\/03\/Subestaci\u00f3n-El\u00e9ctrica-Aragua-100-recuperada-y-al-servicio-de-las-comunidades-2-1024x602.jpg 1024w, https:\/\/mppee.gob.ve\/wp-content\/uploads\/2022\/03\/Subestaci\u00f3n-El\u00e9ctrica-Aragua-100-recuperada-y-al-servicio-de-las-comunidades-2-768x452.jpg 768w\" sizes=\"auto, (max-width: 1280px) 100vw, 1280px\" \/> <img loading=\"lazy\" decoding=\"async\" class=\"alignnone wp-image-86485 size-full\" src=\"http:\/\/10.200.87.50\/mppee\/wp-content\/uploads\/2022\/03\/Subestaci\u00f3n-El\u00e9ctrica-Aragua-100-recuperada-y-al-servicio-de-las-comunidades-1.jpg\" alt=\"\" width=\"1280\" height=\"853\" srcset=\"https:\/\/mppee.gob.ve\/wp-content\/uploads\/2022\/03\/Subestaci\u00f3n-El\u00e9ctrica-Aragua-100-recuperada-y-al-servicio-de-las-comunidades-1.jpg 1280w, https:\/\/mppee.gob.ve\/wp-content\/uploads\/2022\/03\/Subestaci\u00f3n-El\u00e9ctrica-Aragua-100-recuperada-y-al-servicio-de-las-comunidades-1-300x200.jpg 300w, https:\/\/mppee.gob.ve\/wp-content\/uploads\/2022\/03\/Subestaci\u00f3n-El\u00e9ctrica-Aragua-100-recuperada-y-al-servicio-de-las-comunidades-1-1024x682.jpg 1024w, https:\/\/mppee.gob.ve\/wp-content\/uploads\/2022\/03\/Subestaci\u00f3n-El\u00e9ctrica-Aragua-100-recuperada-y-al-servicio-de-las-comunidades-1-768x512.jpg 768w\" sizes=\"auto, (max-width: 1280px) 100vw, 1280px\" \/><\/p>\n","protected":false},"excerpt":{"rendered":"<p>El vicepresidente Sectorial de Obras P\u00fablicas y Servicios, G\/J N\u00e9stor Reverol, inspeccion\u00f3 el funcionamiento de la\u00a0 Subestaci\u00f3n El\u00e9ctrica Aragua, que<\/p>\n","protected":false},"author":12,"featured_media":86492,"comment_status":"open","ping_status":"open","sticky":false,"template":"","format":"standard","meta":{"footnotes":""},"categories":[30],"tags":[11],"class_list":["post-86484","post","type-post","status-publish","format-standard","has-post-thumbnail","hentry","category-regionales","tag-mppee"],"_links":{"self":[{"href":"https:\/\/mppee.gob.ve\/index.php?rest_route=\/wp\/v2\/posts\/86484","targetHints":{"allow":["GET"]}}],"collection":[{"href":"https:\/\/mppee.gob.ve\/index.php?rest_route=\/wp\/v2\/posts"}],"about":[{"href":"https:\/\/mppee.gob.ve\/index.php?rest_route=\/wp\/v2\/types\/post"}],"author":[{"embeddable":true,"href":"https:\/\/mppee.gob.ve\/index.php?rest_route=\/wp\/v2\/users\/12"}],"replies":[{"embeddable":true,"href":"https:\/\/mppee.gob.ve\/index.php?rest_route=%2Fwp%2Fv2%2Fcomments&post=86484"}],"version-history":[{"count":1,"href":"https:\/\/mppee.gob.ve\/index.php?rest_route=\/wp\/v2\/posts\/86484\/revisions"}],"predecessor-version":[{"id":86493,"href":"https:\/\/mppee.gob.ve\/index.php?rest_route=\/wp\/v2\/posts\/86484\/revisions\/86493"}],"wp:featuredmedia":[{"embeddable":true,"href":"https:\/\/mppee.gob.ve\/index.php?rest_route=\/wp\/v2\/media\/86492"}],"wp:attachment":[{"href":"https:\/\/mppee.gob.ve\/index.php?rest_route=%2Fwp%2Fv2%2Fmedia&parent=86484"}],"wp:term":[{"taxonomy":"category","embeddable":true,"href":"https:\/\/mppee.gob.ve\/index.php?rest_route=%2Fwp%2Fv2%2Fcategories&post=86484"},{"taxonomy":"post_tag","embeddable":true,"href":"https:\/\/mppee.gob.ve\/index.php?rest_route=%2Fwp%2Fv2%2Ftags&post=86484"}],"curies":[{"name":"wp","href":"https:\/\/api.w.org\/{rel}","templated":true}]}}