{"id":86494,"date":"2022-03-17T11:27:00","date_gmt":"2022-03-17T11:27:00","guid":{"rendered":"http:\/\/10.200.87.50\/mppee\/?p=86494"},"modified":"2022-03-18T11:42:07","modified_gmt":"2022-03-18T11:42:07","slug":"estudiantes-caraquenos-aprendieron-sobre-el-uso-racional-y-eficiente-de-la-energia","status":"publish","type":"post","link":"https:\/\/mppee.gob.ve\/?p=86494","title":{"rendered":"Estudiantes caraque\u00f1os aprendieron sobre el uso racional y eficiente de la energ\u00eda"},"content":{"rendered":"<p style=\"text-align: justify;\"><img loading=\"lazy\" decoding=\"async\" class=\"size-medium wp-image-86498 alignleft\" src=\"http:\/\/10.200.87.50\/mppee\/wp-content\/uploads\/2022\/03\/Estudiantes-caraque\u00f1os-aprendieron-sobre-el-uso-racional-y-eficiente-de-la-energ\u00eda-4-300x198.jpg\" alt=\"\" width=\"300\" height=\"198\" srcset=\"https:\/\/mppee.gob.ve\/wp-content\/uploads\/2022\/03\/Estudiantes-caraque\u00f1os-aprendieron-sobre-el-uso-racional-y-eficiente-de-la-energ\u00eda-4-300x198.jpg 300w, https:\/\/mppee.gob.ve\/wp-content\/uploads\/2022\/03\/Estudiantes-caraque\u00f1os-aprendieron-sobre-el-uso-racional-y-eficiente-de-la-energ\u00eda-4-1024x678.jpg 1024w, https:\/\/mppee.gob.ve\/wp-content\/uploads\/2022\/03\/Estudiantes-caraque\u00f1os-aprendieron-sobre-el-uso-racional-y-eficiente-de-la-energ\u00eda-4-768x508.jpg 768w, https:\/\/mppee.gob.ve\/wp-content\/uploads\/2022\/03\/Estudiantes-caraque\u00f1os-aprendieron-sobre-el-uso-racional-y-eficiente-de-la-energ\u00eda-4.jpg 1058w\" sizes=\"auto, (max-width: 300px) 100vw, 300px\" \/>Estudiantes de siete colegios de la parroquia Sucre de Caracas, participaron en la Ruta de la Energ\u00eda con Conciencia y Eficiencia, para aprender y demostrar sus conocimientos sobre la importancia de la electricidad en la vida cotidiana.<\/p>\n<p>El joven H\u00e9ctor Segovia, cursante de octavo grado de la UENB <strong>\u00abMiguel Antonio Caro\u00bb<\/strong>, aplaudi\u00f3 est\u00e1 iniciativa, <strong>\u00abme gusta que se hagan estas actividades, porque aprendemos mucho de la energ\u00eda, de cu\u00e1nto gastamos y cu\u00e1nto usamos\u201d.<\/strong><\/p>\n<p>Asimismo, Elio Marcano estudiante del mismo colegio, mencion\u00f3 que <strong>\u201cla Ruta de la Energ\u00eda con Conciencia y Eficiencia, nos ayuda a entender y hacer un uso racional de la electricidad en el plantel y aplicarlo en nuestros hogares y la familia\u201d.<\/strong><\/p>\n<p><img loading=\"lazy\" decoding=\"async\" class=\"size-medium wp-image-86497 alignright\" src=\"http:\/\/10.200.87.50\/mppee\/wp-content\/uploads\/2022\/03\/Estudiantes-caraque\u00f1os-aprendieron-sobre-el-uso-racional-y-eficiente-de-la-energ\u00eda-3-300x225.jpg\" alt=\"\" width=\"300\" height=\"225\" srcset=\"https:\/\/mppee.gob.ve\/wp-content\/uploads\/2022\/03\/Estudiantes-caraque\u00f1os-aprendieron-sobre-el-uso-racional-y-eficiente-de-la-energ\u00eda-3-300x225.jpg 300w, https:\/\/mppee.gob.ve\/wp-content\/uploads\/2022\/03\/Estudiantes-caraque\u00f1os-aprendieron-sobre-el-uso-racional-y-eficiente-de-la-energ\u00eda-3-768x577.jpg 768w, https:\/\/mppee.gob.ve\/wp-content\/uploads\/2022\/03\/Estudiantes-caraque\u00f1os-aprendieron-sobre-el-uso-racional-y-eficiente-de-la-energ\u00eda-3.jpg 932w\" sizes=\"auto, (max-width: 300px) 100vw, 300px\" \/>Por su parte, Francis Jim\u00e9nez representante, afirm\u00f3 que estas actividades hacen que los ni\u00f1os aprendan de forma diferente y amena, compartan los conocimientos y los fortalezcan con otros compa\u00f1eros.<\/p>\n<p><strong>\u00abMi hijo realiz\u00f3 un experimento cient\u00edfico llamado \u201cLa Vela M\u00e1gica\u201d, y con tan solo ocho a\u00f1os se siente motivado y emocionado de explicar a los dem\u00e1s ni\u00f1os de qu\u00e9 se trata su investigaci\u00f3n. Adem\u00e1s, de decirles que debemos hacer un uso racional de la energ\u00eda el\u00e9ctrica, ya que es muy importante para el mundo\u00bb,<\/strong> precis\u00f3 Jim\u00e9nez.<\/p>\n<p>A prop\u00f3sito del mes de la Eficiencia Energ\u00e9tica, el Ministerio del Poder Popular para la Energ\u00eda El\u00e9ctrica ha realizado diferentes actividades educativas, que buscan crear una nueva cultura energ\u00e9tica en los m\u00e1s peque\u00f1os de la casa.<\/p>\n<p><strong>Prensa Corpoelec<\/strong><\/p>\n<p><img loading=\"lazy\" decoding=\"async\" class=\"alignnone wp-image-86496 size-full\" src=\"http:\/\/10.200.87.50\/mppee\/wp-content\/uploads\/2022\/03\/Estudiantes-caraque\u00f1os-aprendieron-sobre-el-uso-racional-y-eficiente-de-la-energ\u00eda-2.jpg\" alt=\"\" width=\"1085\" height=\"700\" srcset=\"https:\/\/mppee.gob.ve\/wp-content\/uploads\/2022\/03\/Estudiantes-caraque\u00f1os-aprendieron-sobre-el-uso-racional-y-eficiente-de-la-energ\u00eda-2.jpg 1085w, https:\/\/mppee.gob.ve\/wp-content\/uploads\/2022\/03\/Estudiantes-caraque\u00f1os-aprendieron-sobre-el-uso-racional-y-eficiente-de-la-energ\u00eda-2-300x194.jpg 300w, https:\/\/mppee.gob.ve\/wp-content\/uploads\/2022\/03\/Estudiantes-caraque\u00f1os-aprendieron-sobre-el-uso-racional-y-eficiente-de-la-energ\u00eda-2-1024x661.jpg 1024w, https:\/\/mppee.gob.ve\/wp-content\/uploads\/2022\/03\/Estudiantes-caraque\u00f1os-aprendieron-sobre-el-uso-racional-y-eficiente-de-la-energ\u00eda-2-768x495.jpg 768w\" sizes=\"auto, (max-width: 1085px) 100vw, 1085px\" \/> <img loading=\"lazy\" decoding=\"async\" class=\"alignnone wp-image-86495 size-full\" src=\"http:\/\/10.200.87.50\/mppee\/wp-content\/uploads\/2022\/03\/Estudiantes-caraque\u00f1os-aprendieron-sobre-el-uso-racional-y-eficiente-de-la-energ\u00eda-1.jpg\" alt=\"\" width=\"878\" height=\"700\" srcset=\"https:\/\/mppee.gob.ve\/wp-content\/uploads\/2022\/03\/Estudiantes-caraque\u00f1os-aprendieron-sobre-el-uso-racional-y-eficiente-de-la-energ\u00eda-1.jpg 878w, https:\/\/mppee.gob.ve\/wp-content\/uploads\/2022\/03\/Estudiantes-caraque\u00f1os-aprendieron-sobre-el-uso-racional-y-eficiente-de-la-energ\u00eda-1-300x239.jpg 300w, https:\/\/mppee.gob.ve\/wp-content\/uploads\/2022\/03\/Estudiantes-caraque\u00f1os-aprendieron-sobre-el-uso-racional-y-eficiente-de-la-energ\u00eda-1-768x612.jpg 768w\" sizes=\"auto, (max-width: 878px) 100vw, 878px\" \/><\/p>\n","protected":false},"excerpt":{"rendered":"<p>Estudiantes de siete colegios de la parroquia Sucre de Caracas, participaron en la Ruta de la Energ\u00eda con Conciencia y<\/p>\n","protected":false},"author":12,"featured_media":86500,"comment_status":"open","ping_status":"open","sticky":false,"template":"","format":"standard","meta":{"footnotes":""},"categories":[30],"tags":[11],"class_list":["post-86494","post","type-post","status-publish","format-standard","has-post-thumbnail","hentry","category-regionales","tag-mppee"],"_links":{"self":[{"href":"https:\/\/mppee.gob.ve\/index.php?rest_route=\/wp\/v2\/posts\/86494","targetHints":{"allow":["GET"]}}],"collection":[{"href":"https:\/\/mppee.gob.ve\/index.php?rest_route=\/wp\/v2\/posts"}],"about":[{"href":"https:\/\/mppee.gob.ve\/index.php?rest_route=\/wp\/v2\/types\/post"}],"author":[{"embeddable":true,"href":"https:\/\/mppee.gob.ve\/index.php?rest_route=\/wp\/v2\/users\/12"}],"replies":[{"embeddable":true,"href":"https:\/\/mppee.gob.ve\/index.php?rest_route=%2Fwp%2Fv2%2Fcomments&post=86494"}],"version-history":[{"count":1,"href":"https:\/\/mppee.gob.ve\/index.php?rest_route=\/wp\/v2\/posts\/86494\/revisions"}],"predecessor-version":[{"id":86501,"href":"https:\/\/mppee.gob.ve\/index.php?rest_route=\/wp\/v2\/posts\/86494\/revisions\/86501"}],"wp:featuredmedia":[{"embeddable":true,"href":"https:\/\/mppee.gob.ve\/index.php?rest_route=\/wp\/v2\/media\/86500"}],"wp:attachment":[{"href":"https:\/\/mppee.gob.ve\/index.php?rest_route=%2Fwp%2Fv2%2Fmedia&parent=86494"}],"wp:term":[{"taxonomy":"category","embeddable":true,"href":"https:\/\/mppee.gob.ve\/index.php?rest_route=%2Fwp%2Fv2%2Fcategories&post=86494"},{"taxonomy":"post_tag","embeddable":true,"href":"https:\/\/mppee.gob.ve\/index.php?rest_route=%2Fwp%2Fv2%2Ftags&post=86494"}],"curies":[{"name":"wp","href":"https:\/\/api.w.org\/{rel}","templated":true}]}}