{"id":86507,"date":"2022-03-18T19:43:12","date_gmt":"2022-03-18T19:43:12","guid":{"rendered":"http:\/\/10.200.87.50\/mppee\/?p=86507"},"modified":"2022-03-18T19:43:14","modified_gmt":"2022-03-18T19:43:14","slug":"subestacion-lagunillas-en-zulia-sufrio-acto-vandalico","status":"publish","type":"post","link":"https:\/\/mppee.gob.ve\/?p=86507","title":{"rendered":"Subestaci\u00f3n Lagunillas en Zulia sufri\u00f3 acto vand\u00e1lico"},"content":{"rendered":"<p style=\"text-align: justify;\"><img loading=\"lazy\" decoding=\"async\" class=\"size-medium wp-image-86511 alignleft\" src=\"http:\/\/10.200.87.50\/mppee\/wp-content\/uploads\/2022\/03\/Subestaci\u00f3n-Lagunillas-en-Zulia-sufri\u00f3-acto-vand\u00e1lico-4-300x296.jpeg\" alt=\"\" width=\"300\" height=\"296\" srcset=\"https:\/\/mppee.gob.ve\/wp-content\/uploads\/2022\/03\/Subestaci\u00f3n-Lagunillas-en-Zulia-sufri\u00f3-acto-vand\u00e1lico-4-300x296.jpeg 300w, https:\/\/mppee.gob.ve\/wp-content\/uploads\/2022\/03\/Subestaci\u00f3n-Lagunillas-en-Zulia-sufri\u00f3-acto-vand\u00e1lico-4-1024x1012.jpeg 1024w, https:\/\/mppee.gob.ve\/wp-content\/uploads\/2022\/03\/Subestaci\u00f3n-Lagunillas-en-Zulia-sufri\u00f3-acto-vand\u00e1lico-4-768x759.jpeg 768w, https:\/\/mppee.gob.ve\/wp-content\/uploads\/2022\/03\/Subestaci\u00f3n-Lagunillas-en-Zulia-sufri\u00f3-acto-vand\u00e1lico-4.jpeg 1080w\" sizes=\"auto, (max-width: 300px) 100vw, 300px\" \/>El vicepresidente Sectorial de Obras P\u00fablicas y Servicios, G\/J N\u00e9stor Reverol, inform\u00f3 que el Sistema El\u00e9ctrico Nacional (SEN), en el estado Zulia, sufri\u00f3 un acto vand\u00e1lico, espec\u00edficamente en la Subestaci\u00f3n Lagunillas.<\/p>\n<p>Mediante una publicaci\u00f3n en su cuenta en la red social Instagram @reverolnestor, expres\u00f3 que,<strong> \u201cdenunciamos un nuevo ataque al Sistema El\u00e9ctrico Nacional, donde integrantes de grupos delictivos han vandalizado equipos de la Subestaci\u00f3n Lagunillas, ocasionando afectaci\u00f3n del servicio el\u00e9ctrico a varios sectores del estado Zulia\u201d.<\/strong><\/p>\n<p>El tambi\u00e9n Ministro del Poder Popular para la Energ\u00eda El\u00e9ctrica, repudi\u00f3 tales hechos que son parte de la guerra multiforme, la cual enfrentan nuestros servicios p\u00fablicos en el pa\u00eds, y afecta al pueblo venezolano.<\/p>\n<p><img loading=\"lazy\" decoding=\"async\" class=\"size-medium wp-image-86510 alignright\" src=\"http:\/\/10.200.87.50\/mppee\/wp-content\/uploads\/2022\/03\/Subestaci\u00f3n-Lagunillas-en-Zulia-sufri\u00f3-acto-vand\u00e1lico-3-300x292.jpeg\" alt=\"\" width=\"300\" height=\"292\" srcset=\"https:\/\/mppee.gob.ve\/wp-content\/uploads\/2022\/03\/Subestaci\u00f3n-Lagunillas-en-Zulia-sufri\u00f3-acto-vand\u00e1lico-3-300x292.jpeg 300w, https:\/\/mppee.gob.ve\/wp-content\/uploads\/2022\/03\/Subestaci\u00f3n-Lagunillas-en-Zulia-sufri\u00f3-acto-vand\u00e1lico-3-1024x996.jpeg 1024w, https:\/\/mppee.gob.ve\/wp-content\/uploads\/2022\/03\/Subestaci\u00f3n-Lagunillas-en-Zulia-sufri\u00f3-acto-vand\u00e1lico-3-768x747.jpeg 768w, https:\/\/mppee.gob.ve\/wp-content\/uploads\/2022\/03\/Subestaci\u00f3n-Lagunillas-en-Zulia-sufri\u00f3-acto-vand\u00e1lico-3.jpeg 1080w\" sizes=\"auto, (max-width: 300px) 100vw, 300px\" \/>Reverol Torres destac\u00f3 que la fuerza trabajadora de Corpoelec junto a un equipo multidisciplinario, se encuentran en el lugar donde realizan las maniobras para la normalizaci\u00f3n y funcionamiento de los circuitos afectados.<\/p>\n<p>Finalmente, precis\u00f3 que las autoridades gubernamentales y los organismos de seguridad ciudadana efect\u00faan las investigaciones pertinentes para dar con los culpables de tan vil acto vand\u00e1lico.<\/p>\n<p><strong>Prensa Vpsops<\/strong><\/p>\n<p><img loading=\"lazy\" decoding=\"async\" class=\"alignnone wp-image-86509 size-full\" src=\"http:\/\/10.200.87.50\/mppee\/wp-content\/uploads\/2022\/03\/Subestaci\u00f3n-Lagunillas-en-Zulia-sufri\u00f3-acto-vand\u00e1lico-2.jpeg\" alt=\"\" width=\"1080\" height=\"1049\" srcset=\"https:\/\/mppee.gob.ve\/wp-content\/uploads\/2022\/03\/Subestaci\u00f3n-Lagunillas-en-Zulia-sufri\u00f3-acto-vand\u00e1lico-2.jpeg 1080w, https:\/\/mppee.gob.ve\/wp-content\/uploads\/2022\/03\/Subestaci\u00f3n-Lagunillas-en-Zulia-sufri\u00f3-acto-vand\u00e1lico-2-300x291.jpeg 300w, https:\/\/mppee.gob.ve\/wp-content\/uploads\/2022\/03\/Subestaci\u00f3n-Lagunillas-en-Zulia-sufri\u00f3-acto-vand\u00e1lico-2-1024x995.jpeg 1024w, https:\/\/mppee.gob.ve\/wp-content\/uploads\/2022\/03\/Subestaci\u00f3n-Lagunillas-en-Zulia-sufri\u00f3-acto-vand\u00e1lico-2-768x746.jpeg 768w\" sizes=\"auto, (max-width: 1080px) 100vw, 1080px\" \/> <img loading=\"lazy\" decoding=\"async\" class=\"wp-image-86508 size-full aligncenter\" src=\"http:\/\/10.200.87.50\/mppee\/wp-content\/uploads\/2022\/03\/Subestaci\u00f3n-Lagunillas-en-Zulia-sufri\u00f3-acto-vand\u00e1lico-1.jpeg\" alt=\"\" width=\"450\" height=\"811\" srcset=\"https:\/\/mppee.gob.ve\/wp-content\/uploads\/2022\/03\/Subestaci\u00f3n-Lagunillas-en-Zulia-sufri\u00f3-acto-vand\u00e1lico-1.jpeg 450w, https:\/\/mppee.gob.ve\/wp-content\/uploads\/2022\/03\/Subestaci\u00f3n-Lagunillas-en-Zulia-sufri\u00f3-acto-vand\u00e1lico-1-166x300.jpeg 166w\" sizes=\"auto, (max-width: 450px) 100vw, 450px\" \/><\/p>\n","protected":false},"excerpt":{"rendered":"<p>El vicepresidente Sectorial de Obras P\u00fablicas y Servicios, G\/J N\u00e9stor Reverol, inform\u00f3 que el Sistema El\u00e9ctrico Nacional (SEN), en el<\/p>\n","protected":false},"author":12,"featured_media":86512,"comment_status":"open","ping_status":"open","sticky":false,"template":"","format":"standard","meta":{"footnotes":""},"categories":[30],"tags":[11,327],"class_list":["post-86507","post","type-post","status-publish","format-standard","has-post-thumbnail","hentry","category-regionales","tag-mppee","tag-vsops"],"_links":{"self":[{"href":"https:\/\/mppee.gob.ve\/index.php?rest_route=\/wp\/v2\/posts\/86507","targetHints":{"allow":["GET"]}}],"collection":[{"href":"https:\/\/mppee.gob.ve\/index.php?rest_route=\/wp\/v2\/posts"}],"about":[{"href":"https:\/\/mppee.gob.ve\/index.php?rest_route=\/wp\/v2\/types\/post"}],"author":[{"embeddable":true,"href":"https:\/\/mppee.gob.ve\/index.php?rest_route=\/wp\/v2\/users\/12"}],"replies":[{"embeddable":true,"href":"https:\/\/mppee.gob.ve\/index.php?rest_route=%2Fwp%2Fv2%2Fcomments&post=86507"}],"version-history":[{"count":1,"href":"https:\/\/mppee.gob.ve\/index.php?rest_route=\/wp\/v2\/posts\/86507\/revisions"}],"predecessor-version":[{"id":86513,"href":"https:\/\/mppee.gob.ve\/index.php?rest_route=\/wp\/v2\/posts\/86507\/revisions\/86513"}],"wp:featuredmedia":[{"embeddable":true,"href":"https:\/\/mppee.gob.ve\/index.php?rest_route=\/wp\/v2\/media\/86512"}],"wp:attachment":[{"href":"https:\/\/mppee.gob.ve\/index.php?rest_route=%2Fwp%2Fv2%2Fmedia&parent=86507"}],"wp:term":[{"taxonomy":"category","embeddable":true,"href":"https:\/\/mppee.gob.ve\/index.php?rest_route=%2Fwp%2Fv2%2Fcategories&post=86507"},{"taxonomy":"post_tag","embeddable":true,"href":"https:\/\/mppee.gob.ve\/index.php?rest_route=%2Fwp%2Fv2%2Ftags&post=86507"}],"curies":[{"name":"wp","href":"https:\/\/api.w.org\/{rel}","templated":true}]}}