{"id":86522,"date":"2022-03-19T13:32:00","date_gmt":"2022-03-19T13:32:00","guid":{"rendered":"http:\/\/10.200.87.50\/mppee\/?p=86522"},"modified":"2022-03-21T13:38:41","modified_gmt":"2022-03-21T13:38:41","slug":"certifican-a-trabajadores-en-gestion-para-la-eficiencia-energetica","status":"publish","type":"post","link":"https:\/\/mppee.gob.ve\/?p=86522","title":{"rendered":"Certifican a trabajadores en Gesti\u00f3n para la Eficiencia Energ\u00e9tica"},"content":{"rendered":"<p style=\"font-weight: 400; text-align: justify;\"><img loading=\"lazy\" decoding=\"async\" class=\"size-medium wp-image-86527 alignleft\" src=\"http:\/\/10.200.87.50\/mppee\/wp-content\/uploads\/2022\/03\/Certifican-a-trabajadores-en-Gesti\u00f3n-para-la-Eficiencia-Energ\u00e9tica-5-300x225.jpg\" alt=\"\" width=\"300\" height=\"225\" srcset=\"https:\/\/mppee.gob.ve\/wp-content\/uploads\/2022\/03\/Certifican-a-trabajadores-en-Gesti\u00f3n-para-la-Eficiencia-Energ\u00e9tica-5-300x225.jpg 300w, https:\/\/mppee.gob.ve\/wp-content\/uploads\/2022\/03\/Certifican-a-trabajadores-en-Gesti\u00f3n-para-la-Eficiencia-Energ\u00e9tica-5-768x576.jpg 768w, https:\/\/mppee.gob.ve\/wp-content\/uploads\/2022\/03\/Certifican-a-trabajadores-en-Gesti\u00f3n-para-la-Eficiencia-Energ\u00e9tica-5.jpg 934w\" sizes=\"auto, (max-width: 300px) 100vw, 300px\" \/>Autoridades del Ministerio del Poder Popular para la Energ\u00eda El\u00e9ctrica (Mppee) entregaron certificados a integrantes del curso Gesti\u00f3n Energ\u00e9tica, pertenecientes a diferentes entes gubernamentales.<\/p>\n<p style=\"font-weight: 400; text-align: justify;\">Desde la Sala de Usos M\u00faltiples de la sede ministerial, los participantes adquirieron las herramientas necesarias en materia de consumo y el uso racional y eficiente de la energ\u00eda el\u00e9ctrica.<\/p>\n<p style=\"font-weight: 400; text-align: justify;\">Siulmar Guevara, directora General del Uso Racional y Eficiente de la Energ\u00eda, explic\u00f3 los temas que fueron impartidos durante el curso,<strong> \u201cse presentaron la tres l\u00edneas estrat\u00e9gicas: los lineamientos de investigaci\u00f3n y desarrollo de software, uso y reutilizaci\u00f3n de materiales y componentes de equipos, as\u00ed como tambi\u00e9n, las fuentes energ\u00e9ticas sostenibles\u201d.<\/strong><\/p>\n<p style=\"font-weight: 400; text-align: justify;\"><img loading=\"lazy\" decoding=\"async\" class=\"size-medium wp-image-86526 alignright\" src=\"http:\/\/10.200.87.50\/mppee\/wp-content\/uploads\/2022\/03\/Certifican-a-trabajadores-en-Gesti\u00f3n-para-la-Eficiencia-Energ\u00e9tica-4-300x182.jpg\" alt=\"\" width=\"300\" height=\"182\" srcset=\"https:\/\/mppee.gob.ve\/wp-content\/uploads\/2022\/03\/Certifican-a-trabajadores-en-Gesti\u00f3n-para-la-Eficiencia-Energ\u00e9tica-4-300x182.jpg 300w, https:\/\/mppee.gob.ve\/wp-content\/uploads\/2022\/03\/Certifican-a-trabajadores-en-Gesti\u00f3n-para-la-Eficiencia-Energ\u00e9tica-4-1024x622.jpg 1024w, https:\/\/mppee.gob.ve\/wp-content\/uploads\/2022\/03\/Certifican-a-trabajadores-en-Gesti\u00f3n-para-la-Eficiencia-Energ\u00e9tica-4-768x466.jpg 768w, https:\/\/mppee.gob.ve\/wp-content\/uploads\/2022\/03\/Certifican-a-trabajadores-en-Gesti\u00f3n-para-la-Eficiencia-Energ\u00e9tica-4.jpg 1153w\" sizes=\"auto, (max-width: 300px) 100vw, 300px\" \/>Por su parte, Rusmery Gonz\u00e1lez, directora de Bienes y Servicios del Ministerio del Poder Popular para H\u00e1bitat y Vivienda, manifest\u00f3 que,<strong> \u201ceste es un curso para expresar y poder desarrollar los planes que queremos establecer y desarrollar en nuestra sede ministerial, al implementar el uso de bombillos de tecnolog\u00eda LED y otras herramientas que contribuyan a la inclusi\u00f3n en los temas de ahorro y eficiencia energ\u00e9tica\u201d.<\/strong><\/p>\n<p style=\"font-weight: 400; text-align: justify;\">Asimismo, Francisco Marchena, director General de Investigaci\u00f3n y Desarrollo del Sector El\u00e9ctrico del Mppee, agradeci\u00f3 la invitaci\u00f3n y resalt\u00f3 la importancia de estas jornadas estrat\u00e9gicas para que m\u00e1s funcionarios p\u00fablicos participen, y as\u00ed adquieran conocimientos y sean multiplicados en otros espacios.<\/p>\n<p style=\"font-weight: 400; text-align: justify;\"><strong>\u00a0Prensa Mppee<\/strong><\/p>\n<p><img loading=\"lazy\" decoding=\"async\" class=\"alignnone wp-image-86525 size-full\" src=\"http:\/\/10.200.87.50\/mppee\/wp-content\/uploads\/2022\/03\/Certifican-a-trabajadores-en-Gesti\u00f3n-para-la-Eficiencia-Energ\u00e9tica-3.jpg\" alt=\"\" width=\"1153\" height=\"700\" srcset=\"https:\/\/mppee.gob.ve\/wp-content\/uploads\/2022\/03\/Certifican-a-trabajadores-en-Gesti\u00f3n-para-la-Eficiencia-Energ\u00e9tica-3.jpg 1153w, https:\/\/mppee.gob.ve\/wp-content\/uploads\/2022\/03\/Certifican-a-trabajadores-en-Gesti\u00f3n-para-la-Eficiencia-Energ\u00e9tica-3-300x182.jpg 300w, https:\/\/mppee.gob.ve\/wp-content\/uploads\/2022\/03\/Certifican-a-trabajadores-en-Gesti\u00f3n-para-la-Eficiencia-Energ\u00e9tica-3-1024x622.jpg 1024w, https:\/\/mppee.gob.ve\/wp-content\/uploads\/2022\/03\/Certifican-a-trabajadores-en-Gesti\u00f3n-para-la-Eficiencia-Energ\u00e9tica-3-768x466.jpg 768w\" sizes=\"auto, (max-width: 1153px) 100vw, 1153px\" \/> <img loading=\"lazy\" decoding=\"async\" class=\"alignnone wp-image-86524 size-full\" src=\"http:\/\/10.200.87.50\/mppee\/wp-content\/uploads\/2022\/03\/Certifican-a-trabajadores-en-Gesti\u00f3n-para-la-Eficiencia-Energ\u00e9tica-2.jpg\" alt=\"\" width=\"967\" height=\"700\" srcset=\"https:\/\/mppee.gob.ve\/wp-content\/uploads\/2022\/03\/Certifican-a-trabajadores-en-Gesti\u00f3n-para-la-Eficiencia-Energ\u00e9tica-2.jpg 967w, https:\/\/mppee.gob.ve\/wp-content\/uploads\/2022\/03\/Certifican-a-trabajadores-en-Gesti\u00f3n-para-la-Eficiencia-Energ\u00e9tica-2-300x217.jpg 300w, https:\/\/mppee.gob.ve\/wp-content\/uploads\/2022\/03\/Certifican-a-trabajadores-en-Gesti\u00f3n-para-la-Eficiencia-Energ\u00e9tica-2-768x556.jpg 768w\" sizes=\"auto, (max-width: 967px) 100vw, 967px\" \/> <img loading=\"lazy\" decoding=\"async\" class=\"alignnone wp-image-86523 size-full\" src=\"http:\/\/10.200.87.50\/mppee\/wp-content\/uploads\/2022\/03\/Certifican-a-trabajadores-en-Gesti\u00f3n-para-la-Eficiencia-Energ\u00e9tica-1.jpg\" alt=\"\" width=\"1174\" height=\"700\" srcset=\"https:\/\/mppee.gob.ve\/wp-content\/uploads\/2022\/03\/Certifican-a-trabajadores-en-Gesti\u00f3n-para-la-Eficiencia-Energ\u00e9tica-1.jpg 1174w, https:\/\/mppee.gob.ve\/wp-content\/uploads\/2022\/03\/Certifican-a-trabajadores-en-Gesti\u00f3n-para-la-Eficiencia-Energ\u00e9tica-1-300x179.jpg 300w, https:\/\/mppee.gob.ve\/wp-content\/uploads\/2022\/03\/Certifican-a-trabajadores-en-Gesti\u00f3n-para-la-Eficiencia-Energ\u00e9tica-1-1024x611.jpg 1024w, https:\/\/mppee.gob.ve\/wp-content\/uploads\/2022\/03\/Certifican-a-trabajadores-en-Gesti\u00f3n-para-la-Eficiencia-Energ\u00e9tica-1-768x458.jpg 768w\" sizes=\"auto, (max-width: 1174px) 100vw, 1174px\" \/><\/p>\n","protected":false},"excerpt":{"rendered":"<p>Autoridades del Ministerio del Poder Popular para la Energ\u00eda El\u00e9ctrica (Mppee) entregaron certificados a integrantes del curso Gesti\u00f3n Energ\u00e9tica, pertenecientes<\/p>\n","protected":false},"author":12,"featured_media":86528,"comment_status":"open","ping_status":"open","sticky":false,"template":"","format":"standard","meta":{"footnotes":""},"categories":[30],"tags":[11],"class_list":["post-86522","post","type-post","status-publish","format-standard","has-post-thumbnail","hentry","category-regionales","tag-mppee"],"_links":{"self":[{"href":"https:\/\/mppee.gob.ve\/index.php?rest_route=\/wp\/v2\/posts\/86522","targetHints":{"allow":["GET"]}}],"collection":[{"href":"https:\/\/mppee.gob.ve\/index.php?rest_route=\/wp\/v2\/posts"}],"about":[{"href":"https:\/\/mppee.gob.ve\/index.php?rest_route=\/wp\/v2\/types\/post"}],"author":[{"embeddable":true,"href":"https:\/\/mppee.gob.ve\/index.php?rest_route=\/wp\/v2\/users\/12"}],"replies":[{"embeddable":true,"href":"https:\/\/mppee.gob.ve\/index.php?rest_route=%2Fwp%2Fv2%2Fcomments&post=86522"}],"version-history":[{"count":1,"href":"https:\/\/mppee.gob.ve\/index.php?rest_route=\/wp\/v2\/posts\/86522\/revisions"}],"predecessor-version":[{"id":86530,"href":"https:\/\/mppee.gob.ve\/index.php?rest_route=\/wp\/v2\/posts\/86522\/revisions\/86530"}],"wp:featuredmedia":[{"embeddable":true,"href":"https:\/\/mppee.gob.ve\/index.php?rest_route=\/wp\/v2\/media\/86528"}],"wp:attachment":[{"href":"https:\/\/mppee.gob.ve\/index.php?rest_route=%2Fwp%2Fv2%2Fmedia&parent=86522"}],"wp:term":[{"taxonomy":"category","embeddable":true,"href":"https:\/\/mppee.gob.ve\/index.php?rest_route=%2Fwp%2Fv2%2Fcategories&post=86522"},{"taxonomy":"post_tag","embeddable":true,"href":"https:\/\/mppee.gob.ve\/index.php?rest_route=%2Fwp%2Fv2%2Ftags&post=86522"}],"curies":[{"name":"wp","href":"https:\/\/api.w.org\/{rel}","templated":true}]}}