{"id":86531,"date":"2022-03-19T13:41:00","date_gmt":"2022-03-19T13:41:00","guid":{"rendered":"http:\/\/10.200.87.50\/mppee\/?p=86531"},"modified":"2022-03-21T14:13:03","modified_gmt":"2022-03-21T14:13:03","slug":"gobierno-nacional-anuncia-plan-especial-de-generacion-de-energia-para-el-zulia","status":"publish","type":"post","link":"https:\/\/mppee.gob.ve\/?p=86531","title":{"rendered":"Gobierno nacional anuncia Plan Especial de Generaci\u00f3n de Energ\u00eda para el Zulia"},"content":{"rendered":"<p style=\"text-align: justify;\"><img loading=\"lazy\" decoding=\"async\" class=\"size-medium wp-image-86535 alignleft\" src=\"http:\/\/10.200.87.50\/mppee\/wp-content\/uploads\/2022\/03\/70328c70-56cb-4901-84f3-d1a4796e652a-300x187.jpg\" alt=\"\" width=\"300\" height=\"187\" srcset=\"https:\/\/mppee.gob.ve\/wp-content\/uploads\/2022\/03\/70328c70-56cb-4901-84f3-d1a4796e652a-300x187.jpg 300w, https:\/\/mppee.gob.ve\/wp-content\/uploads\/2022\/03\/70328c70-56cb-4901-84f3-d1a4796e652a-1024x637.jpg 1024w, https:\/\/mppee.gob.ve\/wp-content\/uploads\/2022\/03\/70328c70-56cb-4901-84f3-d1a4796e652a-768x478.jpg 768w, https:\/\/mppee.gob.ve\/wp-content\/uploads\/2022\/03\/70328c70-56cb-4901-84f3-d1a4796e652a.jpg 1080w\" sizes=\"auto, (max-width: 300px) 100vw, 300px\" \/>Este s\u00e1bado, el Gobierno nacional anunci\u00f3 un Plan Especial de Generaci\u00f3n de Energ\u00eda El\u00e9ctrica para el estado Zulia, que aumentar\u00e1 su capacidad a 750 megavatios, inform\u00f3 el vicepresidente Sectorial de Obras P\u00fablicas y Servicios, G\/J N\u00e9stor Reverol.<\/p>\n<p>Detall\u00f3 que el presidente de la Rep\u00fablica, Nicol\u00e1s Maduro, aprob\u00f3 recursos para poner en marcha una unidad adicional en el Complejo Termoel\u00e9ctrico G\/J Rafael Urdaneta (Termozulia), para tener 150 megavatios m\u00e1s en este semestre, y 75 megavatios adicionales para septiembre.<\/p>\n<p>Junto al Estado Mayor El\u00e9ctrico, el Vicepresidente Sectorial evalu\u00f3 el Plan de Administraci\u00f3n de Carga de emergencia, que se realiza en la entidad, motivado al mantenimiento en esta planta, para garantizar su vida \u00fatil.<\/p>\n<p><img loading=\"lazy\" decoding=\"async\" class=\"size-medium wp-image-86534 alignright\" src=\"http:\/\/10.200.87.50\/mppee\/wp-content\/uploads\/2022\/03\/36cf3e0c-5a39-4e1e-b90d-86833d1fdadd-300x160.jpg\" alt=\"\" width=\"300\" height=\"160\" srcset=\"https:\/\/mppee.gob.ve\/wp-content\/uploads\/2022\/03\/36cf3e0c-5a39-4e1e-b90d-86833d1fdadd-300x160.jpg 300w, https:\/\/mppee.gob.ve\/wp-content\/uploads\/2022\/03\/36cf3e0c-5a39-4e1e-b90d-86833d1fdadd-1024x546.jpg 1024w, https:\/\/mppee.gob.ve\/wp-content\/uploads\/2022\/03\/36cf3e0c-5a39-4e1e-b90d-86833d1fdadd-768x410.jpg 768w, https:\/\/mppee.gob.ve\/wp-content\/uploads\/2022\/03\/36cf3e0c-5a39-4e1e-b90d-86833d1fdadd.jpg 1080w\" sizes=\"auto, (max-width: 300px) 100vw, 300px\" \/>Igualmente, <strong>\u201cestamos atendiendo una situaci\u00f3n sobrevenida en otra unidad del mismo complejo, donde la fuerza trabajadora de Corpoelec, realiza maniobras en tres turnos para garantizar en corto tiempo la operatividad del sistema, por lo que se administran 300 megavatios para no exceder el l\u00edmite de importaci\u00f3n de la energ\u00eda que viene del Guri<\/strong>\u201d, explic\u00f3 el General en Jefe.<\/p>\n<p>En estos momentos, la administraci\u00f3n de carga se distribuye en los 238 circuitos en 5 bloques, con un promedio de 4 horas, que se pueden ver afectados ante otra eventualidad, como la que se present\u00f3 este viernes en horas de la noche con la ca\u00edda de un cable de guarda entre las torres 38 y 40 de la l\u00ednea de 400 kV que atraviesa el Lago de Maracaibo, y que la fuerza trabajadora corrigi\u00f3 en tiempo r\u00e9cord.<\/p>\n<p><strong>\u201cSeguimos al frente con el pueblo, comprometidos en el fortalecimiento del servicio el\u00e9ctrico del pa\u00eds, especialmente con mi tierra zuliana, estamos al frente de estas labores\u201d<\/strong>, agreg\u00f3.<\/p>\n<p><strong>Prensa Vsops<\/strong><\/p>\n<p><img loading=\"lazy\" decoding=\"async\" class=\"alignnone wp-image-86532 size-full\" src=\"http:\/\/10.200.87.50\/mppee\/wp-content\/uploads\/2022\/03\/1d762548-0892-42b1-b5c8-9eab7612d5fb.jpg\" alt=\"\" width=\"1080\" height=\"656\" srcset=\"https:\/\/mppee.gob.ve\/wp-content\/uploads\/2022\/03\/1d762548-0892-42b1-b5c8-9eab7612d5fb.jpg 1080w, https:\/\/mppee.gob.ve\/wp-content\/uploads\/2022\/03\/1d762548-0892-42b1-b5c8-9eab7612d5fb-300x182.jpg 300w, https:\/\/mppee.gob.ve\/wp-content\/uploads\/2022\/03\/1d762548-0892-42b1-b5c8-9eab7612d5fb-1024x622.jpg 1024w, https:\/\/mppee.gob.ve\/wp-content\/uploads\/2022\/03\/1d762548-0892-42b1-b5c8-9eab7612d5fb-768x466.jpg 768w\" sizes=\"auto, (max-width: 1080px) 100vw, 1080px\" \/><\/p>\n","protected":false},"excerpt":{"rendered":"<p>Este s\u00e1bado, el Gobierno nacional anunci\u00f3 un Plan Especial de Generaci\u00f3n de Energ\u00eda El\u00e9ctrica para el estado Zulia, que aumentar\u00e1<\/p>\n","protected":false},"author":12,"featured_media":86533,"comment_status":"open","ping_status":"open","sticky":false,"template":"","format":"standard","meta":{"footnotes":""},"categories":[30],"tags":[11,327],"class_list":["post-86531","post","type-post","status-publish","format-standard","has-post-thumbnail","hentry","category-regionales","tag-mppee","tag-vsops"],"_links":{"self":[{"href":"https:\/\/mppee.gob.ve\/index.php?rest_route=\/wp\/v2\/posts\/86531","targetHints":{"allow":["GET"]}}],"collection":[{"href":"https:\/\/mppee.gob.ve\/index.php?rest_route=\/wp\/v2\/posts"}],"about":[{"href":"https:\/\/mppee.gob.ve\/index.php?rest_route=\/wp\/v2\/types\/post"}],"author":[{"embeddable":true,"href":"https:\/\/mppee.gob.ve\/index.php?rest_route=\/wp\/v2\/users\/12"}],"replies":[{"embeddable":true,"href":"https:\/\/mppee.gob.ve\/index.php?rest_route=%2Fwp%2Fv2%2Fcomments&post=86531"}],"version-history":[{"count":2,"href":"https:\/\/mppee.gob.ve\/index.php?rest_route=\/wp\/v2\/posts\/86531\/revisions"}],"predecessor-version":[{"id":86544,"href":"https:\/\/mppee.gob.ve\/index.php?rest_route=\/wp\/v2\/posts\/86531\/revisions\/86544"}],"wp:featuredmedia":[{"embeddable":true,"href":"https:\/\/mppee.gob.ve\/index.php?rest_route=\/wp\/v2\/media\/86533"}],"wp:attachment":[{"href":"https:\/\/mppee.gob.ve\/index.php?rest_route=%2Fwp%2Fv2%2Fmedia&parent=86531"}],"wp:term":[{"taxonomy":"category","embeddable":true,"href":"https:\/\/mppee.gob.ve\/index.php?rest_route=%2Fwp%2Fv2%2Fcategories&post=86531"},{"taxonomy":"post_tag","embeddable":true,"href":"https:\/\/mppee.gob.ve\/index.php?rest_route=%2Fwp%2Fv2%2Ftags&post=86531"}],"curies":[{"name":"wp","href":"https:\/\/api.w.org\/{rel}","templated":true}]}}