{"id":86545,"date":"2022-03-21T13:37:00","date_gmt":"2022-03-21T13:37:00","guid":{"rendered":"http:\/\/10.200.87.50\/mppee\/?p=86545"},"modified":"2022-03-22T14:18:26","modified_gmt":"2022-03-22T14:18:26","slug":"en-70-avance-de-obras-del-complejo-termoelectrico-g-j-rafael-urdaneta-del-zulia","status":"publish","type":"post","link":"https:\/\/mppee.gob.ve\/?p=86545","title":{"rendered":"En 70% avance de obras del Complejo Termoel\u00e9ctrico G\/J Rafael Urdaneta del Zulia"},"content":{"rendered":"<p style=\"text-align: justify;\"><img loading=\"lazy\" decoding=\"async\" class=\"size-medium wp-image-86552 alignleft\" src=\"http:\/\/10.200.87.50\/mppee\/wp-content\/uploads\/2022\/03\/En-70-avance-de-obras-del-Complejo-Termoel\u00e9ctrico-GJ-Rafael-Urdaneta-del-Zulia-7-300x200.jpeg\" alt=\"\" width=\"300\" height=\"200\" srcset=\"https:\/\/mppee.gob.ve\/wp-content\/uploads\/2022\/03\/En-70-avance-de-obras-del-Complejo-Termoel\u00e9ctrico-GJ-Rafael-Urdaneta-del-Zulia-7-300x200.jpeg 300w, https:\/\/mppee.gob.ve\/wp-content\/uploads\/2022\/03\/En-70-avance-de-obras-del-Complejo-Termoel\u00e9ctrico-GJ-Rafael-Urdaneta-del-Zulia-7-1024x682.jpeg 1024w, https:\/\/mppee.gob.ve\/wp-content\/uploads\/2022\/03\/En-70-avance-de-obras-del-Complejo-Termoel\u00e9ctrico-GJ-Rafael-Urdaneta-del-Zulia-7-768x512.jpeg 768w, https:\/\/mppee.gob.ve\/wp-content\/uploads\/2022\/03\/En-70-avance-de-obras-del-Complejo-Termoel\u00e9ctrico-GJ-Rafael-Urdaneta-del-Zulia-7.jpeg 1280w\" sizes=\"auto, (max-width: 300px) 100vw, 300px\" \/>El vicepresidente Sectorial de Obras P\u00fablicas y Servicios, G\/J N\u00e9stor Reverol, realiz\u00f3 una inspecci\u00f3n completa para verificar los trabajos de reparaci\u00f3n en las unidades TZ \u2013 01, 02 y 07 del Complejo Termoel\u00e9ctrico G\/J Rafael Urdaneta, ubicado en el estado Zulia.<\/p>\n<p><strong>\u201cLa Unidad de Generaci\u00f3n N\u00b0 7, presenta un 70% de avance; estamos en la fase final, y su puesta en funcionamiento brindar\u00e1 150 megavatios para la entidad\u201d<\/strong>, asegur\u00f3 Reverol Torres.<\/p>\n<p>Manifest\u00f3 que las unidades 1 y 2, tienen un 60% de progreso, gracias a los esfuerzos de los hombres y mujeres de la Corporaci\u00f3n El\u00e9ctrica Nacional (Corpoelec), que laboran en tres turnos de trabajo para garantizar, entre las dos unidades, 300 megavatios m\u00e1s para el mes de abril, lo que representa un \u00a0total de 750 megavatios para la entidad zuliana.<\/p>\n<p><img loading=\"lazy\" decoding=\"async\" class=\"size-medium wp-image-86551 alignright\" src=\"http:\/\/10.200.87.50\/mppee\/wp-content\/uploads\/2022\/03\/En-70-avance-de-obras-del-Complejo-Termoel\u00e9ctrico-GJ-Rafael-Urdaneta-del-Zulia-6-300x201.jpeg\" alt=\"\" width=\"300\" height=\"201\" srcset=\"https:\/\/mppee.gob.ve\/wp-content\/uploads\/2022\/03\/En-70-avance-de-obras-del-Complejo-Termoel\u00e9ctrico-GJ-Rafael-Urdaneta-del-Zulia-6-300x201.jpeg 300w, https:\/\/mppee.gob.ve\/wp-content\/uploads\/2022\/03\/En-70-avance-de-obras-del-Complejo-Termoel\u00e9ctrico-GJ-Rafael-Urdaneta-del-Zulia-6-1024x686.jpeg 1024w, https:\/\/mppee.gob.ve\/wp-content\/uploads\/2022\/03\/En-70-avance-de-obras-del-Complejo-Termoel\u00e9ctrico-GJ-Rafael-Urdaneta-del-Zulia-6-768x514.jpeg 768w, https:\/\/mppee.gob.ve\/wp-content\/uploads\/2022\/03\/En-70-avance-de-obras-del-Complejo-Termoel\u00e9ctrico-GJ-Rafael-Urdaneta-del-Zulia-6.jpeg 1080w\" sizes=\"auto, (max-width: 300px) 100vw, 300px\" \/>Durante el recorrido estuvo en compa\u00f1\u00eda del presidente de la Corpoelec, Ing. Jos\u00e9 Luis Betancourt, el viceministro del Sector El\u00e9ctrico, M\/G Francisco Romero Figueroa y especialistas en generaci\u00f3n.<\/p>\n<p><strong>\u201cTenemos el compromiso de avanzar y \u00a0garantizar un servicio el\u00e9ctrico confiable y eficiente para el pueblo zuliano\u201d<\/strong>, puntualiz\u00f3.<\/p>\n<p><strong>Prensa Mppee<\/strong><\/p>\n<p><img loading=\"lazy\" decoding=\"async\" class=\"alignnone wp-image-86550 size-full\" src=\"http:\/\/10.200.87.50\/mppee\/wp-content\/uploads\/2022\/03\/En-70-avance-de-obras-del-Complejo-Termoel\u00e9ctrico-GJ-Rafael-Urdaneta-del-Zulia-5.jpeg\" alt=\"\" width=\"1280\" height=\"853\" srcset=\"https:\/\/mppee.gob.ve\/wp-content\/uploads\/2022\/03\/En-70-avance-de-obras-del-Complejo-Termoel\u00e9ctrico-GJ-Rafael-Urdaneta-del-Zulia-5.jpeg 1280w, https:\/\/mppee.gob.ve\/wp-content\/uploads\/2022\/03\/En-70-avance-de-obras-del-Complejo-Termoel\u00e9ctrico-GJ-Rafael-Urdaneta-del-Zulia-5-300x200.jpeg 300w, https:\/\/mppee.gob.ve\/wp-content\/uploads\/2022\/03\/En-70-avance-de-obras-del-Complejo-Termoel\u00e9ctrico-GJ-Rafael-Urdaneta-del-Zulia-5-1024x682.jpeg 1024w, https:\/\/mppee.gob.ve\/wp-content\/uploads\/2022\/03\/En-70-avance-de-obras-del-Complejo-Termoel\u00e9ctrico-GJ-Rafael-Urdaneta-del-Zulia-5-768x512.jpeg 768w\" sizes=\"auto, (max-width: 1280px) 100vw, 1280px\" \/> <img loading=\"lazy\" decoding=\"async\" class=\"alignnone wp-image-86549 size-full\" src=\"http:\/\/10.200.87.50\/mppee\/wp-content\/uploads\/2022\/03\/En-70-avance-de-obras-del-Complejo-Termoel\u00e9ctrico-GJ-Rafael-Urdaneta-del-Zulia-4.jpeg\" alt=\"\" width=\"1080\" height=\"719\" srcset=\"https:\/\/mppee.gob.ve\/wp-content\/uploads\/2022\/03\/En-70-avance-de-obras-del-Complejo-Termoel\u00e9ctrico-GJ-Rafael-Urdaneta-del-Zulia-4.jpeg 1080w, https:\/\/mppee.gob.ve\/wp-content\/uploads\/2022\/03\/En-70-avance-de-obras-del-Complejo-Termoel\u00e9ctrico-GJ-Rafael-Urdaneta-del-Zulia-4-300x200.jpeg 300w, https:\/\/mppee.gob.ve\/wp-content\/uploads\/2022\/03\/En-70-avance-de-obras-del-Complejo-Termoel\u00e9ctrico-GJ-Rafael-Urdaneta-del-Zulia-4-1024x682.jpeg 1024w, https:\/\/mppee.gob.ve\/wp-content\/uploads\/2022\/03\/En-70-avance-de-obras-del-Complejo-Termoel\u00e9ctrico-GJ-Rafael-Urdaneta-del-Zulia-4-768x511.jpeg 768w\" sizes=\"auto, (max-width: 1080px) 100vw, 1080px\" \/> <img loading=\"lazy\" decoding=\"async\" class=\"alignnone wp-image-86548 size-full\" src=\"http:\/\/10.200.87.50\/mppee\/wp-content\/uploads\/2022\/03\/En-70-avance-de-obras-del-Complejo-Termoel\u00e9ctrico-GJ-Rafael-Urdaneta-del-Zulia-3.jpeg\" alt=\"\" width=\"912\" height=\"512\" srcset=\"https:\/\/mppee.gob.ve\/wp-content\/uploads\/2022\/03\/En-70-avance-de-obras-del-Complejo-Termoel\u00e9ctrico-GJ-Rafael-Urdaneta-del-Zulia-3.jpeg 912w, https:\/\/mppee.gob.ve\/wp-content\/uploads\/2022\/03\/En-70-avance-de-obras-del-Complejo-Termoel\u00e9ctrico-GJ-Rafael-Urdaneta-del-Zulia-3-300x168.jpeg 300w, https:\/\/mppee.gob.ve\/wp-content\/uploads\/2022\/03\/En-70-avance-de-obras-del-Complejo-Termoel\u00e9ctrico-GJ-Rafael-Urdaneta-del-Zulia-3-768x431.jpeg 768w\" sizes=\"auto, (max-width: 912px) 100vw, 912px\" \/> <img loading=\"lazy\" decoding=\"async\" class=\"alignnone wp-image-86547 size-full\" src=\"http:\/\/10.200.87.50\/mppee\/wp-content\/uploads\/2022\/03\/En-70-avance-de-obras-del-Complejo-Termoel\u00e9ctrico-GJ-Rafael-Urdaneta-del-Zulia-2.jpeg\" alt=\"\" width=\"912\" height=\"608\" srcset=\"https:\/\/mppee.gob.ve\/wp-content\/uploads\/2022\/03\/En-70-avance-de-obras-del-Complejo-Termoel\u00e9ctrico-GJ-Rafael-Urdaneta-del-Zulia-2.jpeg 912w, https:\/\/mppee.gob.ve\/wp-content\/uploads\/2022\/03\/En-70-avance-de-obras-del-Complejo-Termoel\u00e9ctrico-GJ-Rafael-Urdaneta-del-Zulia-2-300x200.jpeg 300w, https:\/\/mppee.gob.ve\/wp-content\/uploads\/2022\/03\/En-70-avance-de-obras-del-Complejo-Termoel\u00e9ctrico-GJ-Rafael-Urdaneta-del-Zulia-2-768x512.jpeg 768w\" sizes=\"auto, (max-width: 912px) 100vw, 912px\" \/> <img loading=\"lazy\" decoding=\"async\" class=\"alignnone wp-image-86546 size-full\" src=\"http:\/\/10.200.87.50\/mppee\/wp-content\/uploads\/2022\/03\/En-70-avance-de-obras-del-Complejo-Termoel\u00e9ctrico-GJ-Rafael-Urdaneta-del-Zulia-1.jpeg\" alt=\"\" width=\"1080\" height=\"760\" srcset=\"https:\/\/mppee.gob.ve\/wp-content\/uploads\/2022\/03\/En-70-avance-de-obras-del-Complejo-Termoel\u00e9ctrico-GJ-Rafael-Urdaneta-del-Zulia-1.jpeg 1080w, https:\/\/mppee.gob.ve\/wp-content\/uploads\/2022\/03\/En-70-avance-de-obras-del-Complejo-Termoel\u00e9ctrico-GJ-Rafael-Urdaneta-del-Zulia-1-300x211.jpeg 300w, https:\/\/mppee.gob.ve\/wp-content\/uploads\/2022\/03\/En-70-avance-de-obras-del-Complejo-Termoel\u00e9ctrico-GJ-Rafael-Urdaneta-del-Zulia-1-1024x721.jpeg 1024w, https:\/\/mppee.gob.ve\/wp-content\/uploads\/2022\/03\/En-70-avance-de-obras-del-Complejo-Termoel\u00e9ctrico-GJ-Rafael-Urdaneta-del-Zulia-1-768x540.jpeg 768w, https:\/\/mppee.gob.ve\/wp-content\/uploads\/2022\/03\/En-70-avance-de-obras-del-Complejo-Termoel\u00e9ctrico-GJ-Rafael-Urdaneta-del-Zulia-1-130x90.jpeg 130w\" sizes=\"auto, (max-width: 1080px) 100vw, 1080px\" \/><\/p>\n","protected":false},"excerpt":{"rendered":"<p>El vicepresidente Sectorial de Obras P\u00fablicas y Servicios, G\/J N\u00e9stor Reverol, realiz\u00f3 una inspecci\u00f3n completa para verificar los trabajos de<\/p>\n","protected":false},"author":12,"featured_media":86553,"comment_status":"open","ping_status":"open","sticky":false,"template":"","format":"standard","meta":{"footnotes":""},"categories":[30],"tags":[11],"class_list":["post-86545","post","type-post","status-publish","format-standard","has-post-thumbnail","hentry","category-regionales","tag-mppee"],"_links":{"self":[{"href":"https:\/\/mppee.gob.ve\/index.php?rest_route=\/wp\/v2\/posts\/86545","targetHints":{"allow":["GET"]}}],"collection":[{"href":"https:\/\/mppee.gob.ve\/index.php?rest_route=\/wp\/v2\/posts"}],"about":[{"href":"https:\/\/mppee.gob.ve\/index.php?rest_route=\/wp\/v2\/types\/post"}],"author":[{"embeddable":true,"href":"https:\/\/mppee.gob.ve\/index.php?rest_route=\/wp\/v2\/users\/12"}],"replies":[{"embeddable":true,"href":"https:\/\/mppee.gob.ve\/index.php?rest_route=%2Fwp%2Fv2%2Fcomments&post=86545"}],"version-history":[{"count":1,"href":"https:\/\/mppee.gob.ve\/index.php?rest_route=\/wp\/v2\/posts\/86545\/revisions"}],"predecessor-version":[{"id":86554,"href":"https:\/\/mppee.gob.ve\/index.php?rest_route=\/wp\/v2\/posts\/86545\/revisions\/86554"}],"wp:featuredmedia":[{"embeddable":true,"href":"https:\/\/mppee.gob.ve\/index.php?rest_route=\/wp\/v2\/media\/86553"}],"wp:attachment":[{"href":"https:\/\/mppee.gob.ve\/index.php?rest_route=%2Fwp%2Fv2%2Fmedia&parent=86545"}],"wp:term":[{"taxonomy":"category","embeddable":true,"href":"https:\/\/mppee.gob.ve\/index.php?rest_route=%2Fwp%2Fv2%2Fcategories&post=86545"},{"taxonomy":"post_tag","embeddable":true,"href":"https:\/\/mppee.gob.ve\/index.php?rest_route=%2Fwp%2Fv2%2Ftags&post=86545"}],"curies":[{"name":"wp","href":"https:\/\/api.w.org\/{rel}","templated":true}]}}