{"id":86557,"date":"2022-03-23T20:40:28","date_gmt":"2022-03-23T20:40:28","guid":{"rendered":"http:\/\/10.200.87.50\/mppee\/?p=86557"},"modified":"2022-03-23T20:40:30","modified_gmt":"2022-03-23T20:40:30","slug":"fortalecen-suministro-de-agua-con-puesta-en-marcha-de-estacion-dos-cerritos-en-lara","status":"publish","type":"post","link":"https:\/\/mppee.gob.ve\/?p=86557","title":{"rendered":"Fortalecen suministro de agua con puesta en marcha de Estaci\u00f3n Dos Cerritos en Lara"},"content":{"rendered":"<p style=\"text-align: justify;\"><img loading=\"lazy\" decoding=\"async\" class=\"size-medium wp-image-86566 alignleft\" src=\"http:\/\/10.200.87.50\/mppee\/wp-content\/uploads\/2022\/03\/Fortalecen-suministro-de-agua-con-puesta-en-marcha-de-Estaci\u00f3n-Dos-Cerritos-en-Lara-9-300x200.jpeg\" alt=\"\" width=\"300\" height=\"200\" srcset=\"https:\/\/mppee.gob.ve\/wp-content\/uploads\/2022\/03\/Fortalecen-suministro-de-agua-con-puesta-en-marcha-de-Estaci\u00f3n-Dos-Cerritos-en-Lara-9-300x200.jpeg 300w, https:\/\/mppee.gob.ve\/wp-content\/uploads\/2022\/03\/Fortalecen-suministro-de-agua-con-puesta-en-marcha-de-Estaci\u00f3n-Dos-Cerritos-en-Lara-9-768x512.jpeg 768w, https:\/\/mppee.gob.ve\/wp-content\/uploads\/2022\/03\/Fortalecen-suministro-de-agua-con-puesta-en-marcha-de-Estaci\u00f3n-Dos-Cerritos-en-Lara-9.jpeg 912w\" sizes=\"auto, (max-width: 300px) 100vw, 300px\" \/>El vicepresidente Sectorial de Obras P\u00fablicas y Servicios, G\/J N\u00e9stor Reverol, anunci\u00f3 la puesta en marcha de la cuarta l\u00ednea de bombeo de la Estaci\u00f3n Dos Cerritos que aumentar\u00e1 la capacidad de distribuci\u00f3n de agua en 300 litros por segundo para la entidad.<\/p>\n<p><strong>\u201cEl cuarto motor est\u00e1 llegando el 15 de abril y su instalaci\u00f3n aumentar\u00e1 unos 300 litros por segundo m\u00e1s. Tambi\u00e9n nos estamos comprometiendo en la reparaci\u00f3n del quinto motor para optimizar este servicio\u201d<\/strong>, anunci\u00f3.<\/p>\n<p>Durante la instalaci\u00f3n del Congreso Nacional de Servicios P\u00fablicos, cap\u00edtulo Lara, precis\u00f3 que tambi\u00e9n entrar\u00e1n en funcionamiento \u00a0los pozos 8 y 9 del Sistema Macuto, que incrementar\u00e1 su producci\u00f3n a 150 litros de agua, para beneficiar a m\u00e1s de 60 mil habitantes del casco central de la ciudad de Barquisimeto.<\/p>\n<p><strong><img loading=\"lazy\" decoding=\"async\" class=\"size-medium wp-image-86565 alignright\" src=\"http:\/\/10.200.87.50\/mppee\/wp-content\/uploads\/2022\/03\/Fortalecen-suministro-de-agua-con-puesta-en-marcha-de-Estaci\u00f3n-Dos-Cerritos-en-Lara-8-300x200.jpeg\" alt=\"\" width=\"300\" height=\"200\" srcset=\"https:\/\/mppee.gob.ve\/wp-content\/uploads\/2022\/03\/Fortalecen-suministro-de-agua-con-puesta-en-marcha-de-Estaci\u00f3n-Dos-Cerritos-en-Lara-8-300x200.jpeg 300w, https:\/\/mppee.gob.ve\/wp-content\/uploads\/2022\/03\/Fortalecen-suministro-de-agua-con-puesta-en-marcha-de-Estaci\u00f3n-Dos-Cerritos-en-Lara-8-1024x682.jpeg 1024w, https:\/\/mppee.gob.ve\/wp-content\/uploads\/2022\/03\/Fortalecen-suministro-de-agua-con-puesta-en-marcha-de-Estaci\u00f3n-Dos-Cerritos-en-Lara-8-768x512.jpeg 768w, https:\/\/mppee.gob.ve\/wp-content\/uploads\/2022\/03\/Fortalecen-suministro-de-agua-con-puesta-en-marcha-de-Estaci\u00f3n-Dos-Cerritos-en-Lara-8.jpeg 1280w\" sizes=\"auto, (max-width: 300px) 100vw, 300px\" \/>\u201cHemos construido junto al pueblo el mapa de soluciones y la agenda concreta de acci\u00f3n del sistema h\u00eddrico del estado\u201d<\/strong>, dijo Reverol Torres, acompa\u00f1ado de los despachos que conforman la Vicepresidencia Sectorial de Obras P\u00fablicas y Servicios, as\u00ed como los diputados de la Asamblea Nacional.<\/p>\n<p>Indic\u00f3 que junto al Ministerio del Poder Popular de Obras P\u00fablicas, construir\u00e1n el muro amallantado del Monumento de Nuestra Divina Pastora, as\u00ed como la recuperaci\u00f3n de espacios p\u00fablicos.<\/p>\n<p>En el tema de telecomunicaciones, revel\u00f3 que la empresa socialista Cantv instalar\u00e1 un total de 6 mil 513 nuevos servicios de hogares, as\u00ed como en \u00a0empresas p\u00fablicas y privadas con la nueva tecnolog\u00eda red \u00f3ptica pasiva con capacidad de Gigabit (GPON, por sus siglas en ingl\u00e9s).<\/p>\n<p><strong><img loading=\"lazy\" decoding=\"async\" class=\"size-medium wp-image-86564 alignleft\" src=\"http:\/\/10.200.87.50\/mppee\/wp-content\/uploads\/2022\/03\/Fortalecen-suministro-de-agua-con-puesta-en-marcha-de-Estaci\u00f3n-Dos-Cerritos-en-Lara-7-300x200.jpeg\" alt=\"\" width=\"300\" height=\"200\" srcset=\"https:\/\/mppee.gob.ve\/wp-content\/uploads\/2022\/03\/Fortalecen-suministro-de-agua-con-puesta-en-marcha-de-Estaci\u00f3n-Dos-Cerritos-en-Lara-7-300x200.jpeg 300w, https:\/\/mppee.gob.ve\/wp-content\/uploads\/2022\/03\/Fortalecen-suministro-de-agua-con-puesta-en-marcha-de-Estaci\u00f3n-Dos-Cerritos-en-Lara-7-1024x682.jpeg 1024w, https:\/\/mppee.gob.ve\/wp-content\/uploads\/2022\/03\/Fortalecen-suministro-de-agua-con-puesta-en-marcha-de-Estaci\u00f3n-Dos-Cerritos-en-Lara-7-768x512.jpeg 768w, https:\/\/mppee.gob.ve\/wp-content\/uploads\/2022\/03\/Fortalecen-suministro-de-agua-con-puesta-en-marcha-de-Estaci\u00f3n-Dos-Cerritos-en-Lara-7.jpeg 1280w\" sizes=\"auto, (max-width: 300px) 100vw, 300px\" \/>\u201cTambi\u00e9n colocaremos fibra \u00f3ptica en todos los municipios del estado y sumaremos 219 \u201cEscuelas Conectadas\u201d, con servicio de Internet\u201d<\/strong>, expres\u00f3 el General en Jefe.<\/p>\n<p>En materia del Gas Licuado de Petr\u00f3leo (GLP), destac\u00f3 que se reducir\u00e1n los ciclos de distribuci\u00f3n de 18 a 15 d\u00edas en todos los municipios, y la aplicaci\u00f3n de un plan de saturaci\u00f3n en todas las comunidades larenses.<\/p>\n<p>Asegur\u00f3 que iniciar\u00e1n los vuelos internacionales en el Aeropuerto<strong> \u201cJacinto Lara\u201d<\/strong>, y se ejecutar\u00e1 el reordenamiento y recuperaci\u00f3n de autobuses yutong del transporte p\u00fablico en el estado.<\/p>\n<p>El Vicepresidente Sectorial destac\u00f3 que la entidad larense cuenta con una participaci\u00f3n activa de 3.615 consejos comunales, 290 comunas, lo que permitir\u00e1 fortalecer y optimizar los servicios p\u00fablicos en la entidad, finaliz\u00f3 el General en Jefe.<\/p>\n<p><strong>Prensa Vpsops<\/strong><\/p>\n<p><img loading=\"lazy\" decoding=\"async\" class=\"alignnone wp-image-86563 size-full\" src=\"http:\/\/10.200.87.50\/mppee\/wp-content\/uploads\/2022\/03\/Fortalecen-suministro-de-agua-con-puesta-en-marcha-de-Estaci\u00f3n-Dos-Cerritos-en-Lara-6.jpeg\" alt=\"\" width=\"1024\" height=\"667\" srcset=\"https:\/\/mppee.gob.ve\/wp-content\/uploads\/2022\/03\/Fortalecen-suministro-de-agua-con-puesta-en-marcha-de-Estaci\u00f3n-Dos-Cerritos-en-Lara-6.jpeg 1024w, https:\/\/mppee.gob.ve\/wp-content\/uploads\/2022\/03\/Fortalecen-suministro-de-agua-con-puesta-en-marcha-de-Estaci\u00f3n-Dos-Cerritos-en-Lara-6-300x195.jpeg 300w, https:\/\/mppee.gob.ve\/wp-content\/uploads\/2022\/03\/Fortalecen-suministro-de-agua-con-puesta-en-marcha-de-Estaci\u00f3n-Dos-Cerritos-en-Lara-6-768x500.jpeg 768w\" sizes=\"auto, (max-width: 1024px) 100vw, 1024px\" \/> <img loading=\"lazy\" decoding=\"async\" class=\"alignnone wp-image-86561 size-full\" src=\"http:\/\/10.200.87.50\/mppee\/wp-content\/uploads\/2022\/03\/Fortalecen-suministro-de-agua-con-puesta-en-marcha-de-Estaci\u00f3n-Dos-Cerritos-en-Lara-4.jpeg\" alt=\"\" width=\"1024\" height=\"683\" srcset=\"https:\/\/mppee.gob.ve\/wp-content\/uploads\/2022\/03\/Fortalecen-suministro-de-agua-con-puesta-en-marcha-de-Estaci\u00f3n-Dos-Cerritos-en-Lara-4.jpeg 1024w, https:\/\/mppee.gob.ve\/wp-content\/uploads\/2022\/03\/Fortalecen-suministro-de-agua-con-puesta-en-marcha-de-Estaci\u00f3n-Dos-Cerritos-en-Lara-4-300x200.jpeg 300w, https:\/\/mppee.gob.ve\/wp-content\/uploads\/2022\/03\/Fortalecen-suministro-de-agua-con-puesta-en-marcha-de-Estaci\u00f3n-Dos-Cerritos-en-Lara-4-768x512.jpeg 768w\" sizes=\"auto, (max-width: 1024px) 100vw, 1024px\" \/> <img loading=\"lazy\" decoding=\"async\" class=\"alignnone wp-image-86560 size-full\" src=\"http:\/\/10.200.87.50\/mppee\/wp-content\/uploads\/2022\/03\/Fortalecen-suministro-de-agua-con-puesta-en-marcha-de-Estaci\u00f3n-Dos-Cerritos-en-Lara-3.jpeg\" alt=\"\" width=\"1024\" height=\"825\" srcset=\"https:\/\/mppee.gob.ve\/wp-content\/uploads\/2022\/03\/Fortalecen-suministro-de-agua-con-puesta-en-marcha-de-Estaci\u00f3n-Dos-Cerritos-en-Lara-3.jpeg 1024w, https:\/\/mppee.gob.ve\/wp-content\/uploads\/2022\/03\/Fortalecen-suministro-de-agua-con-puesta-en-marcha-de-Estaci\u00f3n-Dos-Cerritos-en-Lara-3-300x242.jpeg 300w, https:\/\/mppee.gob.ve\/wp-content\/uploads\/2022\/03\/Fortalecen-suministro-de-agua-con-puesta-en-marcha-de-Estaci\u00f3n-Dos-Cerritos-en-Lara-3-768x619.jpeg 768w\" sizes=\"auto, (max-width: 1024px) 100vw, 1024px\" \/> <img loading=\"lazy\" decoding=\"async\" class=\"alignnone wp-image-86559 size-full\" src=\"http:\/\/10.200.87.50\/mppee\/wp-content\/uploads\/2022\/03\/Fortalecen-suministro-de-agua-con-puesta-en-marcha-de-Estaci\u00f3n-Dos-Cerritos-en-Lara-2.jpeg\" alt=\"\" width=\"1024\" height=\"756\" srcset=\"https:\/\/mppee.gob.ve\/wp-content\/uploads\/2022\/03\/Fortalecen-suministro-de-agua-con-puesta-en-marcha-de-Estaci\u00f3n-Dos-Cerritos-en-Lara-2.jpeg 1024w, https:\/\/mppee.gob.ve\/wp-content\/uploads\/2022\/03\/Fortalecen-suministro-de-agua-con-puesta-en-marcha-de-Estaci\u00f3n-Dos-Cerritos-en-Lara-2-300x221.jpeg 300w, https:\/\/mppee.gob.ve\/wp-content\/uploads\/2022\/03\/Fortalecen-suministro-de-agua-con-puesta-en-marcha-de-Estaci\u00f3n-Dos-Cerritos-en-Lara-2-768x567.jpeg 768w\" sizes=\"auto, (max-width: 1024px) 100vw, 1024px\" \/> <img loading=\"lazy\" decoding=\"async\" class=\"alignnone wp-image-86558 size-full\" src=\"http:\/\/10.200.87.50\/mppee\/wp-content\/uploads\/2022\/03\/Fortalecen-suministro-de-agua-con-puesta-en-marcha-de-Estaci\u00f3n-Dos-Cerritos-en-Lara-1.jpeg\" alt=\"\" width=\"1024\" height=\"683\" srcset=\"https:\/\/mppee.gob.ve\/wp-content\/uploads\/2022\/03\/Fortalecen-suministro-de-agua-con-puesta-en-marcha-de-Estaci\u00f3n-Dos-Cerritos-en-Lara-1.jpeg 1024w, https:\/\/mppee.gob.ve\/wp-content\/uploads\/2022\/03\/Fortalecen-suministro-de-agua-con-puesta-en-marcha-de-Estaci\u00f3n-Dos-Cerritos-en-Lara-1-300x200.jpeg 300w, https:\/\/mppee.gob.ve\/wp-content\/uploads\/2022\/03\/Fortalecen-suministro-de-agua-con-puesta-en-marcha-de-Estaci\u00f3n-Dos-Cerritos-en-Lara-1-768x512.jpeg 768w\" sizes=\"auto, (max-width: 1024px) 100vw, 1024px\" \/><\/p>\n","protected":false},"excerpt":{"rendered":"<p>El vicepresidente Sectorial de Obras P\u00fablicas y Servicios, G\/J N\u00e9stor Reverol, anunci\u00f3 la puesta en marcha de la cuarta l\u00ednea<\/p>\n","protected":false},"author":12,"featured_media":86562,"comment_status":"open","ping_status":"open","sticky":false,"template":"","format":"standard","meta":{"footnotes":""},"categories":[30],"tags":[11,327],"class_list":["post-86557","post","type-post","status-publish","format-standard","has-post-thumbnail","hentry","category-regionales","tag-mppee","tag-vsops"],"_links":{"self":[{"href":"https:\/\/mppee.gob.ve\/index.php?rest_route=\/wp\/v2\/posts\/86557","targetHints":{"allow":["GET"]}}],"collection":[{"href":"https:\/\/mppee.gob.ve\/index.php?rest_route=\/wp\/v2\/posts"}],"about":[{"href":"https:\/\/mppee.gob.ve\/index.php?rest_route=\/wp\/v2\/types\/post"}],"author":[{"embeddable":true,"href":"https:\/\/mppee.gob.ve\/index.php?rest_route=\/wp\/v2\/users\/12"}],"replies":[{"embeddable":true,"href":"https:\/\/mppee.gob.ve\/index.php?rest_route=%2Fwp%2Fv2%2Fcomments&post=86557"}],"version-history":[{"count":1,"href":"https:\/\/mppee.gob.ve\/index.php?rest_route=\/wp\/v2\/posts\/86557\/revisions"}],"predecessor-version":[{"id":86567,"href":"https:\/\/mppee.gob.ve\/index.php?rest_route=\/wp\/v2\/posts\/86557\/revisions\/86567"}],"wp:featuredmedia":[{"embeddable":true,"href":"https:\/\/mppee.gob.ve\/index.php?rest_route=\/wp\/v2\/media\/86562"}],"wp:attachment":[{"href":"https:\/\/mppee.gob.ve\/index.php?rest_route=%2Fwp%2Fv2%2Fmedia&parent=86557"}],"wp:term":[{"taxonomy":"category","embeddable":true,"href":"https:\/\/mppee.gob.ve\/index.php?rest_route=%2Fwp%2Fv2%2Fcategories&post=86557"},{"taxonomy":"post_tag","embeddable":true,"href":"https:\/\/mppee.gob.ve\/index.php?rest_route=%2Fwp%2Fv2%2Ftags&post=86557"}],"curies":[{"name":"wp","href":"https:\/\/api.w.org\/{rel}","templated":true}]}}