{"id":86568,"date":"2022-03-23T13:18:00","date_gmt":"2022-03-23T13:18:00","guid":{"rendered":"http:\/\/10.200.87.50\/mppee\/?p=86568"},"modified":"2022-03-24T13:29:40","modified_gmt":"2022-03-24T13:29:40","slug":"entregan-40-transformadores-para-fortalecer-servicio-electrico-en-lara","status":"publish","type":"post","link":"https:\/\/mppee.gob.ve\/?p=86568","title":{"rendered":"Entregan 40 transformadores para fortalecer servicio el\u00e9ctrico en Lara"},"content":{"rendered":"<p style=\"text-align: justify;\"><img loading=\"lazy\" decoding=\"async\" class=\"size-medium wp-image-86575 alignleft\" src=\"http:\/\/10.200.87.50\/mppee\/wp-content\/uploads\/2022\/03\/Entregan-40-transformadores-para-fortalecer-servicio-el\u00e9ctrico-en-Lara-7-300x221.jpg\" alt=\"\" width=\"300\" height=\"221\" srcset=\"https:\/\/mppee.gob.ve\/wp-content\/uploads\/2022\/03\/Entregan-40-transformadores-para-fortalecer-servicio-el\u00e9ctrico-en-Lara-7-300x221.jpg 300w, https:\/\/mppee.gob.ve\/wp-content\/uploads\/2022\/03\/Entregan-40-transformadores-para-fortalecer-servicio-el\u00e9ctrico-en-Lara-7-768x566.jpg 768w, https:\/\/mppee.gob.ve\/wp-content\/uploads\/2022\/03\/Entregan-40-transformadores-para-fortalecer-servicio-el\u00e9ctrico-en-Lara-7.jpg 1024w\" sizes=\"auto, (max-width: 300px) 100vw, 300px\" \/>Este mi\u00e9rcoles, el vicepresidente Sectorial de Obras P\u00fablicas y Servicios, G\/J N\u00e9stor Reverol, visit\u00f3 la Planta de Generaci\u00f3n Termoel\u00e9ctrica \u201cArgimiro Gabald\u00f3n\u201d, ubicada en el estado Lara, para inspeccionar su funcionamiento y entregar 40 transformadores que fortalecer\u00e1n el sistema el\u00e9ctrico en la entidad.<\/p>\n<p><strong>\u201cJunto a la fuerza trabajadora de Corpoelec realizamos la inspecci\u00f3n de esta planta; hemos podido romper el bloqueo para reparar y activar el sistema de control de la unidad n\u00famero 3, que va a generar 40 megavatios para el estado Lara\u201d<\/strong><\/p>\n<p><img loading=\"lazy\" decoding=\"async\" class=\"size-medium wp-image-86574 alignright\" src=\"http:\/\/10.200.87.50\/mppee\/wp-content\/uploads\/2022\/03\/Entregan-40-transformadores-para-fortalecer-servicio-el\u00e9ctrico-en-Lara-6-300x200.jpg\" alt=\"\" width=\"300\" height=\"200\" srcset=\"https:\/\/mppee.gob.ve\/wp-content\/uploads\/2022\/03\/Entregan-40-transformadores-para-fortalecer-servicio-el\u00e9ctrico-en-Lara-6-300x200.jpg 300w, https:\/\/mppee.gob.ve\/wp-content\/uploads\/2022\/03\/Entregan-40-transformadores-para-fortalecer-servicio-el\u00e9ctrico-en-Lara-6-768x512.jpg 768w, https:\/\/mppee.gob.ve\/wp-content\/uploads\/2022\/03\/Entregan-40-transformadores-para-fortalecer-servicio-el\u00e9ctrico-en-Lara-6.jpg 1024w\" sizes=\"auto, (max-width: 300px) 100vw, 300px\" \/>El tambi\u00e9n Ministro del Poder Popular para la Energ\u00eda El\u00e9ctrica, asegur\u00f3 que ser\u00e1 rehabilitada la planta Barquisimeto 3, <strong>\u201cvamos a recuperar la unidad 9 y 10, son 60 megavatios m\u00e1s para brindar un mejor servicio el\u00e9ctrico\u201d<\/strong>, dijo.<\/p>\n<p>Destac\u00f3 que la entrega de los transformadores de diferentes potencias, garantiza espacios iluminados, da respuestas oportunas a las comunidades y contin\u00faa con el proceso de estabilizaci\u00f3n del Sistema El\u00e9ctrico Nacional (SEN).<\/p>\n<p><img loading=\"lazy\" decoding=\"async\" class=\"size-medium wp-image-86572 alignleft\" src=\"http:\/\/10.200.87.50\/mppee\/wp-content\/uploads\/2022\/03\/Entregan-40-transformadores-para-fortalecer-servicio-el\u00e9ctrico-en-Lara-4-300x200.jpg\" alt=\"\" width=\"300\" height=\"200\" srcset=\"https:\/\/mppee.gob.ve\/wp-content\/uploads\/2022\/03\/Entregan-40-transformadores-para-fortalecer-servicio-el\u00e9ctrico-en-Lara-4-300x200.jpg 300w, https:\/\/mppee.gob.ve\/wp-content\/uploads\/2022\/03\/Entregan-40-transformadores-para-fortalecer-servicio-el\u00e9ctrico-en-Lara-4-768x512.jpg 768w, https:\/\/mppee.gob.ve\/wp-content\/uploads\/2022\/03\/Entregan-40-transformadores-para-fortalecer-servicio-el\u00e9ctrico-en-Lara-4.jpg 1024w\" sizes=\"auto, (max-width: 300px) 100vw, 300px\" \/>Adem\u00e1s, se\u00f1al\u00f3 que <strong>\u201cesta planta de generaci\u00f3n es pieza fundamental y con esta dotaci\u00f3n se fortalecer\u00e1 el servicio el\u00e9ctrico en nueve municipios larenses\u201d.<\/strong><\/p>\n<p>Durante el recorrido el General en Jefe, estuvo acompa\u00f1ado por el Gobernador del estado Lara, Adolfo Pereira, quien reconoci\u00f3 la labor de los trabajadores de la Estatal el\u00e9ctrica que <strong>\u201cponen de manifiesto las 3R.Nets establecidas por el Jefe del Estado, Nicol\u00e1s Maduro, para dar estabilidad al SEN\u201d<\/strong>, afirm\u00f3<\/p>\n<p><strong>Prensa Vpsops<\/strong><\/p>\n<figure id=\"attachment_86570\" aria-describedby=\"caption-attachment-86570\" style=\"width: 1024px\" class=\"wp-caption alignnone\"><img loading=\"lazy\" decoding=\"async\" class=\"wp-image-86570 size-full\" src=\"http:\/\/10.200.87.50\/mppee\/wp-content\/uploads\/2022\/03\/Entregan-40-transformadores-para-fortalecer-servicio-el\u00e9ctrico-en-Lara-2.jpg\" alt=\"\" width=\"1024\" height=\"683\" srcset=\"https:\/\/mppee.gob.ve\/wp-content\/uploads\/2022\/03\/Entregan-40-transformadores-para-fortalecer-servicio-el\u00e9ctrico-en-Lara-2.jpg 1024w, https:\/\/mppee.gob.ve\/wp-content\/uploads\/2022\/03\/Entregan-40-transformadores-para-fortalecer-servicio-el\u00e9ctrico-en-Lara-2-300x200.jpg 300w, https:\/\/mppee.gob.ve\/wp-content\/uploads\/2022\/03\/Entregan-40-transformadores-para-fortalecer-servicio-el\u00e9ctrico-en-Lara-2-768x512.jpg 768w\" sizes=\"auto, (max-width: 1024px) 100vw, 1024px\" \/><figcaption id=\"caption-attachment-86570\" class=\"wp-caption-text\">Vicepresidente Sectorial de Obras P\u00fablicas y Servicios; Ministro para la Energ\u00eda El\u00e9ctrica, G\/J N\u00e9stor Reverol<\/figcaption><\/figure>\n<p><img loading=\"lazy\" decoding=\"async\" class=\"alignnone wp-image-86571 size-full\" src=\"http:\/\/10.200.87.50\/mppee\/wp-content\/uploads\/2022\/03\/Entregan-40-transformadores-para-fortalecer-servicio-el\u00e9ctrico-en-Lara-3.jpg\" alt=\"\" width=\"1024\" height=\"683\" srcset=\"https:\/\/mppee.gob.ve\/wp-content\/uploads\/2022\/03\/Entregan-40-transformadores-para-fortalecer-servicio-el\u00e9ctrico-en-Lara-3.jpg 1024w, https:\/\/mppee.gob.ve\/wp-content\/uploads\/2022\/03\/Entregan-40-transformadores-para-fortalecer-servicio-el\u00e9ctrico-en-Lara-3-300x200.jpg 300w, https:\/\/mppee.gob.ve\/wp-content\/uploads\/2022\/03\/Entregan-40-transformadores-para-fortalecer-servicio-el\u00e9ctrico-en-Lara-3-768x512.jpg 768w\" sizes=\"auto, (max-width: 1024px) 100vw, 1024px\" \/> <img loading=\"lazy\" decoding=\"async\" class=\"alignnone wp-image-86569 size-full\" src=\"http:\/\/10.200.87.50\/mppee\/wp-content\/uploads\/2022\/03\/Entregan-40-transformadores-para-fortalecer-servicio-el\u00e9ctrico-en-Lara-1.jpg\" alt=\"\" width=\"1024\" height=\"683\" srcset=\"https:\/\/mppee.gob.ve\/wp-content\/uploads\/2022\/03\/Entregan-40-transformadores-para-fortalecer-servicio-el\u00e9ctrico-en-Lara-1.jpg 1024w, https:\/\/mppee.gob.ve\/wp-content\/uploads\/2022\/03\/Entregan-40-transformadores-para-fortalecer-servicio-el\u00e9ctrico-en-Lara-1-300x200.jpg 300w, https:\/\/mppee.gob.ve\/wp-content\/uploads\/2022\/03\/Entregan-40-transformadores-para-fortalecer-servicio-el\u00e9ctrico-en-Lara-1-768x512.jpg 768w\" sizes=\"auto, (max-width: 1024px) 100vw, 1024px\" \/><\/p>\n","protected":false},"excerpt":{"rendered":"<p>Este mi\u00e9rcoles, el vicepresidente Sectorial de Obras P\u00fablicas y Servicios, G\/J N\u00e9stor Reverol, visit\u00f3 la Planta de Generaci\u00f3n Termoel\u00e9ctrica \u201cArgimiro<\/p>\n","protected":false},"author":12,"featured_media":86573,"comment_status":"open","ping_status":"open","sticky":false,"template":"","format":"standard","meta":{"footnotes":""},"categories":[30],"tags":[11],"class_list":["post-86568","post","type-post","status-publish","format-standard","has-post-thumbnail","hentry","category-regionales","tag-mppee"],"_links":{"self":[{"href":"https:\/\/mppee.gob.ve\/index.php?rest_route=\/wp\/v2\/posts\/86568","targetHints":{"allow":["GET"]}}],"collection":[{"href":"https:\/\/mppee.gob.ve\/index.php?rest_route=\/wp\/v2\/posts"}],"about":[{"href":"https:\/\/mppee.gob.ve\/index.php?rest_route=\/wp\/v2\/types\/post"}],"author":[{"embeddable":true,"href":"https:\/\/mppee.gob.ve\/index.php?rest_route=\/wp\/v2\/users\/12"}],"replies":[{"embeddable":true,"href":"https:\/\/mppee.gob.ve\/index.php?rest_route=%2Fwp%2Fv2%2Fcomments&post=86568"}],"version-history":[{"count":1,"href":"https:\/\/mppee.gob.ve\/index.php?rest_route=\/wp\/v2\/posts\/86568\/revisions"}],"predecessor-version":[{"id":86576,"href":"https:\/\/mppee.gob.ve\/index.php?rest_route=\/wp\/v2\/posts\/86568\/revisions\/86576"}],"wp:featuredmedia":[{"embeddable":true,"href":"https:\/\/mppee.gob.ve\/index.php?rest_route=\/wp\/v2\/media\/86573"}],"wp:attachment":[{"href":"https:\/\/mppee.gob.ve\/index.php?rest_route=%2Fwp%2Fv2%2Fmedia&parent=86568"}],"wp:term":[{"taxonomy":"category","embeddable":true,"href":"https:\/\/mppee.gob.ve\/index.php?rest_route=%2Fwp%2Fv2%2Fcategories&post=86568"},{"taxonomy":"post_tag","embeddable":true,"href":"https:\/\/mppee.gob.ve\/index.php?rest_route=%2Fwp%2Fv2%2Ftags&post=86568"}],"curies":[{"name":"wp","href":"https:\/\/api.w.org\/{rel}","templated":true}]}}