{"id":86587,"date":"2022-03-25T21:00:22","date_gmt":"2022-03-25T21:00:22","guid":{"rendered":"http:\/\/10.200.87.50\/mppee\/?p=86587"},"modified":"2022-03-25T21:00:32","modified_gmt":"2022-03-25T21:00:32","slug":"reactivan-pozo-guanare-para-beneficiar-a-mas-de-6-mil-personas-de-portuguesa","status":"publish","type":"post","link":"https:\/\/mppee.gob.ve\/?p=86587","title":{"rendered":"Reactivan pozo Guanare para beneficiar a m\u00e1s de 6 mil personas de Portuguesa"},"content":{"rendered":"<p style=\"text-align: justify;\"><img loading=\"lazy\" decoding=\"async\" class=\"size-medium wp-image-86599 alignleft\" src=\"http:\/\/10.200.87.50\/mppee\/wp-content\/uploads\/2022\/03\/Reactivan-pozo-Guanare-para-beneficiar-a-m\u00e1s-de-6-mil-personas-de-Portuguesa-12-300x188.jpeg\" alt=\"\" width=\"300\" height=\"188\" srcset=\"https:\/\/mppee.gob.ve\/wp-content\/uploads\/2022\/03\/Reactivan-pozo-Guanare-para-beneficiar-a-m\u00e1s-de-6-mil-personas-de-Portuguesa-12-300x188.jpeg 300w, https:\/\/mppee.gob.ve\/wp-content\/uploads\/2022\/03\/Reactivan-pozo-Guanare-para-beneficiar-a-m\u00e1s-de-6-mil-personas-de-Portuguesa-12-1024x640.jpeg 1024w, https:\/\/mppee.gob.ve\/wp-content\/uploads\/2022\/03\/Reactivan-pozo-Guanare-para-beneficiar-a-m\u00e1s-de-6-mil-personas-de-Portuguesa-12-768x480.jpeg 768w, https:\/\/mppee.gob.ve\/wp-content\/uploads\/2022\/03\/Reactivan-pozo-Guanare-para-beneficiar-a-m\u00e1s-de-6-mil-personas-de-Portuguesa-12.jpeg 1080w\" sizes=\"auto, (max-width: 300px) 100vw, 300px\" \/>M\u00e1s de 6 mil 182 personas del estado Portuguesa, ser\u00e1n beneficiadas con la activaci\u00f3n del Pozo Guanare, como parte de las victorias tempranas obtenidas en el Congreso Nacional de Servicios P\u00fablicos, desarrollado este viernes en la entidad.<\/p>\n<p><strong>\u00abTambi\u00e9n, en el tema del agua, ser\u00e1n rehabilitados m\u00e1s de 100 pozos profundos, y se desplegar\u00e1 el plan regional para evitar tomas clandestinas que aumentar\u00e1 el n\u00famero de litros por segundos en el sistema de acueductos\u201d<\/strong>, inform\u00f3 el vicepresidente Sectorial de Obras P\u00fablicas y Servicios, G\/J N\u00e9stor Reverol.<\/p>\n<p>Asimismo, destac\u00f3 que se iniciar\u00e1n los vuelos comerciales para el mes de junio, en el Aeropuerto Nacional Batalla de Araure.<\/p>\n<p><strong><img loading=\"lazy\" decoding=\"async\" class=\"size-medium wp-image-86596 alignright\" src=\"http:\/\/10.200.87.50\/mppee\/wp-content\/uploads\/2022\/03\/Reactivan-pozo-Guanare-para-beneficiar-a-m\u00e1s-de-6-mil-personas-de-Portuguesa-9-300x200.jpeg\" alt=\"\" width=\"300\" height=\"200\" srcset=\"https:\/\/mppee.gob.ve\/wp-content\/uploads\/2022\/03\/Reactivan-pozo-Guanare-para-beneficiar-a-m\u00e1s-de-6-mil-personas-de-Portuguesa-9-300x200.jpeg 300w, https:\/\/mppee.gob.ve\/wp-content\/uploads\/2022\/03\/Reactivan-pozo-Guanare-para-beneficiar-a-m\u00e1s-de-6-mil-personas-de-Portuguesa-9-1024x682.jpeg 1024w, https:\/\/mppee.gob.ve\/wp-content\/uploads\/2022\/03\/Reactivan-pozo-Guanare-para-beneficiar-a-m\u00e1s-de-6-mil-personas-de-Portuguesa-9-768x512.jpeg 768w, https:\/\/mppee.gob.ve\/wp-content\/uploads\/2022\/03\/Reactivan-pozo-Guanare-para-beneficiar-a-m\u00e1s-de-6-mil-personas-de-Portuguesa-9.jpeg 1280w\" sizes=\"auto, (max-width: 300px) 100vw, 300px\" \/>\u201cIgualmente estamos haciendo un plan de recuperaci\u00f3n de la flota de transporte p\u00fablico conjuntamente con la empresa Yutong para mejorar el servicio en esta entidad\u201d<\/strong>, dijo Reverol Torres.<\/p>\n<p>Por otra parte, en materia de obras p\u00fablicas destac\u00f3 que junto a la Misi\u00f3n Barrio Nuevo Barrio Tricolor, se efectuar\u00e1 la rehabilitaci\u00f3n de canchas deportivas y la recuperaci\u00f3n de 24 Casas de Abuelos.<\/p>\n<p>El tambi\u00e9n titular de la cartera de Energ\u00eda El\u00e9ctrica, dijo, con respecto al Ecosocialismo que, <strong>\u201cestamos activando el Plan Portuguesa Recicla, y retomando nuevamente las Mesas T\u00e9cnicas de Reciclaje y Aseo (METRAS)\u201d.<\/strong><\/p>\n<p><img loading=\"lazy\" decoding=\"async\" class=\"size-medium wp-image-86597 alignleft\" src=\"http:\/\/10.200.87.50\/mppee\/wp-content\/uploads\/2022\/03\/Reactivan-pozo-Guanare-para-beneficiar-a-m\u00e1s-de-6-mil-personas-de-Portuguesa-10-300x200.jpeg\" alt=\"\" width=\"300\" height=\"200\" srcset=\"https:\/\/mppee.gob.ve\/wp-content\/uploads\/2022\/03\/Reactivan-pozo-Guanare-para-beneficiar-a-m\u00e1s-de-6-mil-personas-de-Portuguesa-10-300x200.jpeg 300w, https:\/\/mppee.gob.ve\/wp-content\/uploads\/2022\/03\/Reactivan-pozo-Guanare-para-beneficiar-a-m\u00e1s-de-6-mil-personas-de-Portuguesa-10-1024x682.jpeg 1024w, https:\/\/mppee.gob.ve\/wp-content\/uploads\/2022\/03\/Reactivan-pozo-Guanare-para-beneficiar-a-m\u00e1s-de-6-mil-personas-de-Portuguesa-10-768x512.jpeg 768w, https:\/\/mppee.gob.ve\/wp-content\/uploads\/2022\/03\/Reactivan-pozo-Guanare-para-beneficiar-a-m\u00e1s-de-6-mil-personas-de-Portuguesa-10.jpeg 1280w\" sizes=\"auto, (max-width: 300px) 100vw, 300px\" \/>Manifest\u00f3, en cuanto a las Telecomunicaciones, que la Estatal socialista, Cantv, <strong>\u00abinstalar\u00e1 2 mil 78 servicios en hogares, empresas p\u00fablicas y privadas, y la restituci\u00f3n de 4 mil 480 servicios para fortalecer el sistema en el estado\u201d.<\/strong><\/p>\n<p>El Vicepresidente de Servicios estuvo acompa\u00f1ado por el gobernador de la entidad Antonio Primitivo Cede\u00f1o, y representantes de los mil 894 consejos comunales, y 90 comunas, que permitir\u00e1 crear el mapa de soluciones y la agenda concreta de acci\u00f3n de los servicios p\u00fablicos.<\/p>\n<div style=\"text-align: justify;\"><\/div>\n<div style=\"text-align: justify;\"><strong>Prensa Vpsops<\/strong><\/div>\n<div><\/div>\n<div><img loading=\"lazy\" decoding=\"async\" class=\"alignnone wp-image-86595 size-full\" src=\"http:\/\/10.200.87.50\/mppee\/wp-content\/uploads\/2022\/03\/Reactivan-pozo-Guanare-para-beneficiar-a-m\u00e1s-de-6-mil-personas-de-Portuguesa-8.jpeg\" alt=\"\" width=\"1080\" height=\"729\" srcset=\"https:\/\/mppee.gob.ve\/wp-content\/uploads\/2022\/03\/Reactivan-pozo-Guanare-para-beneficiar-a-m\u00e1s-de-6-mil-personas-de-Portuguesa-8.jpeg 1080w, https:\/\/mppee.gob.ve\/wp-content\/uploads\/2022\/03\/Reactivan-pozo-Guanare-para-beneficiar-a-m\u00e1s-de-6-mil-personas-de-Portuguesa-8-300x203.jpeg 300w, https:\/\/mppee.gob.ve\/wp-content\/uploads\/2022\/03\/Reactivan-pozo-Guanare-para-beneficiar-a-m\u00e1s-de-6-mil-personas-de-Portuguesa-8-1024x691.jpeg 1024w, https:\/\/mppee.gob.ve\/wp-content\/uploads\/2022\/03\/Reactivan-pozo-Guanare-para-beneficiar-a-m\u00e1s-de-6-mil-personas-de-Portuguesa-8-768x518.jpeg 768w\" sizes=\"auto, (max-width: 1080px) 100vw, 1080px\" \/> <img loading=\"lazy\" decoding=\"async\" class=\"alignnone wp-image-86594 size-full\" src=\"http:\/\/10.200.87.50\/mppee\/wp-content\/uploads\/2022\/03\/Reactivan-pozo-Guanare-para-beneficiar-a-m\u00e1s-de-6-mil-personas-de-Portuguesa-7.jpeg\" alt=\"\" width=\"1280\" height=\"935\" srcset=\"https:\/\/mppee.gob.ve\/wp-content\/uploads\/2022\/03\/Reactivan-pozo-Guanare-para-beneficiar-a-m\u00e1s-de-6-mil-personas-de-Portuguesa-7.jpeg 1280w, https:\/\/mppee.gob.ve\/wp-content\/uploads\/2022\/03\/Reactivan-pozo-Guanare-para-beneficiar-a-m\u00e1s-de-6-mil-personas-de-Portuguesa-7-300x219.jpeg 300w, https:\/\/mppee.gob.ve\/wp-content\/uploads\/2022\/03\/Reactivan-pozo-Guanare-para-beneficiar-a-m\u00e1s-de-6-mil-personas-de-Portuguesa-7-1024x748.jpeg 1024w, https:\/\/mppee.gob.ve\/wp-content\/uploads\/2022\/03\/Reactivan-pozo-Guanare-para-beneficiar-a-m\u00e1s-de-6-mil-personas-de-Portuguesa-7-768x561.jpeg 768w\" sizes=\"auto, (max-width: 1280px) 100vw, 1280px\" \/> <img loading=\"lazy\" decoding=\"async\" class=\"alignnone wp-image-86593 size-full\" src=\"http:\/\/10.200.87.50\/mppee\/wp-content\/uploads\/2022\/03\/Reactivan-pozo-Guanare-para-beneficiar-a-m\u00e1s-de-6-mil-personas-de-Portuguesa-6.jpeg\" alt=\"\" width=\"1024\" height=\"683\" srcset=\"https:\/\/mppee.gob.ve\/wp-content\/uploads\/2022\/03\/Reactivan-pozo-Guanare-para-beneficiar-a-m\u00e1s-de-6-mil-personas-de-Portuguesa-6.jpeg 1024w, https:\/\/mppee.gob.ve\/wp-content\/uploads\/2022\/03\/Reactivan-pozo-Guanare-para-beneficiar-a-m\u00e1s-de-6-mil-personas-de-Portuguesa-6-300x200.jpeg 300w, https:\/\/mppee.gob.ve\/wp-content\/uploads\/2022\/03\/Reactivan-pozo-Guanare-para-beneficiar-a-m\u00e1s-de-6-mil-personas-de-Portuguesa-6-768x512.jpeg 768w\" sizes=\"auto, (max-width: 1024px) 100vw, 1024px\" \/> <img loading=\"lazy\" decoding=\"async\" class=\"alignnone wp-image-86591 size-full\" src=\"http:\/\/10.200.87.50\/mppee\/wp-content\/uploads\/2022\/03\/Reactivan-pozo-Guanare-para-beneficiar-a-m\u00e1s-de-6-mil-personas-de-Portuguesa-4.jpeg\" alt=\"\" width=\"1024\" height=\"683\" srcset=\"https:\/\/mppee.gob.ve\/wp-content\/uploads\/2022\/03\/Reactivan-pozo-Guanare-para-beneficiar-a-m\u00e1s-de-6-mil-personas-de-Portuguesa-4.jpeg 1024w, https:\/\/mppee.gob.ve\/wp-content\/uploads\/2022\/03\/Reactivan-pozo-Guanare-para-beneficiar-a-m\u00e1s-de-6-mil-personas-de-Portuguesa-4-300x200.jpeg 300w, https:\/\/mppee.gob.ve\/wp-content\/uploads\/2022\/03\/Reactivan-pozo-Guanare-para-beneficiar-a-m\u00e1s-de-6-mil-personas-de-Portuguesa-4-768x512.jpeg 768w\" sizes=\"auto, (max-width: 1024px) 100vw, 1024px\" \/><\/div>\n","protected":false},"excerpt":{"rendered":"<p>M\u00e1s de 6 mil 182 personas del estado Portuguesa, ser\u00e1n beneficiadas con la activaci\u00f3n del Pozo Guanare, como parte de<\/p>\n","protected":false},"author":12,"featured_media":86598,"comment_status":"open","ping_status":"open","sticky":false,"template":"","format":"standard","meta":{"footnotes":""},"categories":[30],"tags":[11,327],"class_list":["post-86587","post","type-post","status-publish","format-standard","has-post-thumbnail","hentry","category-regionales","tag-mppee","tag-vsops"],"_links":{"self":[{"href":"https:\/\/mppee.gob.ve\/index.php?rest_route=\/wp\/v2\/posts\/86587","targetHints":{"allow":["GET"]}}],"collection":[{"href":"https:\/\/mppee.gob.ve\/index.php?rest_route=\/wp\/v2\/posts"}],"about":[{"href":"https:\/\/mppee.gob.ve\/index.php?rest_route=\/wp\/v2\/types\/post"}],"author":[{"embeddable":true,"href":"https:\/\/mppee.gob.ve\/index.php?rest_route=\/wp\/v2\/users\/12"}],"replies":[{"embeddable":true,"href":"https:\/\/mppee.gob.ve\/index.php?rest_route=%2Fwp%2Fv2%2Fcomments&post=86587"}],"version-history":[{"count":1,"href":"https:\/\/mppee.gob.ve\/index.php?rest_route=\/wp\/v2\/posts\/86587\/revisions"}],"predecessor-version":[{"id":86600,"href":"https:\/\/mppee.gob.ve\/index.php?rest_route=\/wp\/v2\/posts\/86587\/revisions\/86600"}],"wp:featuredmedia":[{"embeddable":true,"href":"https:\/\/mppee.gob.ve\/index.php?rest_route=\/wp\/v2\/media\/86598"}],"wp:attachment":[{"href":"https:\/\/mppee.gob.ve\/index.php?rest_route=%2Fwp%2Fv2%2Fmedia&parent=86587"}],"wp:term":[{"taxonomy":"category","embeddable":true,"href":"https:\/\/mppee.gob.ve\/index.php?rest_route=%2Fwp%2Fv2%2Fcategories&post=86587"},{"taxonomy":"post_tag","embeddable":true,"href":"https:\/\/mppee.gob.ve\/index.php?rest_route=%2Fwp%2Fv2%2Ftags&post=86587"}],"curies":[{"name":"wp","href":"https:\/\/api.w.org\/{rel}","templated":true}]}}