{"id":86601,"date":"2022-03-25T14:07:00","date_gmt":"2022-03-25T14:07:00","guid":{"rendered":"http:\/\/10.200.87.50\/mppee\/?p=86601"},"modified":"2022-03-29T14:12:20","modified_gmt":"2022-03-29T14:12:20","slug":"reinauguran-subestacion-san-rafael-de-onoto-en-portuguesa","status":"publish","type":"post","link":"https:\/\/mppee.gob.ve\/?p=86601","title":{"rendered":"Reinauguran subestaci\u00f3n San Rafael de Onoto en Portuguesa"},"content":{"rendered":"<p style=\"text-align: justify;\"><img loading=\"lazy\" decoding=\"async\" class=\"size-medium wp-image-86618 alignleft\" src=\"http:\/\/10.200.87.50\/mppee\/wp-content\/uploads\/2022\/03\/Reinauguran-subestaci\u00f3n-San-Rafael-de-Onoto-en-Portuguesa-5-300x231.jpeg\" alt=\"\" width=\"300\" height=\"231\" srcset=\"https:\/\/mppee.gob.ve\/wp-content\/uploads\/2022\/03\/Reinauguran-subestaci\u00f3n-San-Rafael-de-Onoto-en-Portuguesa-5-300x231.jpeg 300w, https:\/\/mppee.gob.ve\/wp-content\/uploads\/2022\/03\/Reinauguran-subestaci\u00f3n-San-Rafael-de-Onoto-en-Portuguesa-5-768x592.jpeg 768w, https:\/\/mppee.gob.ve\/wp-content\/uploads\/2022\/03\/Reinauguran-subestaci\u00f3n-San-Rafael-de-Onoto-en-Portuguesa-5.jpeg 1024w\" sizes=\"auto, (max-width: 300px) 100vw, 300px\" \/>Este viernes, el vicepresidente Sectorial de Obras P\u00fablicas y Servicios, G\/J N\u00e9stor Reverol, reinaugur\u00f3 la Subestaci\u00f3n San Rafael de Onoto, que beneficia a m\u00e1s de 144 mil habitantes, comprendidos en tres municipios del estado Portuguesa y dos de Cojedes.<br \/>\n<strong>\u00a0<\/strong><br \/>\n<strong>\u201cEn cinco meses de trabajo recuperamos cuatro torres afectadas y ya las energizamos. Tambi\u00e9n trabajamos en la culminaci\u00f3n de la Subestaci\u00f3n Portuguesa 400 kV, que es de suma importancia para el estado y para el Sistema El\u00e9ctrico Nacional (SEN)\u201d<\/strong>, expres\u00f3 Reverol Torres.<\/p>\n<p style=\"text-align: justify;\"><img loading=\"lazy\" decoding=\"async\" class=\"size-medium wp-image-86617 alignright\" src=\"http:\/\/10.200.87.50\/mppee\/wp-content\/uploads\/2022\/03\/Reinauguran-subestaci\u00f3n-San-Rafael-de-Onoto-en-Portuguesa-4-300x200.jpeg\" alt=\"\" width=\"300\" height=\"200\" srcset=\"https:\/\/mppee.gob.ve\/wp-content\/uploads\/2022\/03\/Reinauguran-subestaci\u00f3n-San-Rafael-de-Onoto-en-Portuguesa-4-300x200.jpeg 300w, https:\/\/mppee.gob.ve\/wp-content\/uploads\/2022\/03\/Reinauguran-subestaci\u00f3n-San-Rafael-de-Onoto-en-Portuguesa-4-768x512.jpeg 768w, https:\/\/mppee.gob.ve\/wp-content\/uploads\/2022\/03\/Reinauguran-subestaci\u00f3n-San-Rafael-de-Onoto-en-Portuguesa-4.jpeg 1024w\" sizes=\"auto, (max-width: 300px) 100vw, 300px\" \/>Durante la jornada, entreg\u00f3 40 transformadores con el prop\u00f3sito de fortalecer el servicio de energ\u00eda y otorg\u00f3 500 uniformes para los hombres y mujeres de la Corporaci\u00f3n El\u00e9ctrica Nacional de la entidad.<\/p>\n<p style=\"text-align: justify;\">El tambi\u00e9n ministro del Poder Popular para la Energ\u00eda El\u00e9ctrica, inform\u00f3 que participar\u00e1 en la Fiesta de la Luz con el suministro de 100 mil bombillos tipo LED, que ser\u00e1n distribuidos en las comunidades organizadas y los centros de salud.<\/p>\n<p style=\"text-align: justify;\">Asimismo, el gobernador del estado, Antonio Primitivo Cede\u00f1o, inform\u00f3 que adquirieron 15 mil luminarias tipo LED y 12 mil bombillos para iluminar las v\u00edas expresas.<\/p>\n<p style=\"text-align: justify;\"><strong>Prensa Vpsops\u00a0<\/strong><\/p>\n<p><img loading=\"lazy\" decoding=\"async\" class=\"alignnone wp-image-86615 size-full\" src=\"http:\/\/10.200.87.50\/mppee\/wp-content\/uploads\/2022\/03\/Reinauguran-subestaci\u00f3n-San-Rafael-de-Onoto-en-Portuguesa-2.jpeg\" alt=\"\" width=\"1024\" height=\"795\" srcset=\"https:\/\/mppee.gob.ve\/wp-content\/uploads\/2022\/03\/Reinauguran-subestaci\u00f3n-San-Rafael-de-Onoto-en-Portuguesa-2.jpeg 1024w, https:\/\/mppee.gob.ve\/wp-content\/uploads\/2022\/03\/Reinauguran-subestaci\u00f3n-San-Rafael-de-Onoto-en-Portuguesa-2-300x233.jpeg 300w, https:\/\/mppee.gob.ve\/wp-content\/uploads\/2022\/03\/Reinauguran-subestaci\u00f3n-San-Rafael-de-Onoto-en-Portuguesa-2-768x596.jpeg 768w\" sizes=\"auto, (max-width: 1024px) 100vw, 1024px\" \/> <img loading=\"lazy\" decoding=\"async\" class=\"alignnone wp-image-86614 size-full\" src=\"http:\/\/10.200.87.50\/mppee\/wp-content\/uploads\/2022\/03\/Reinauguran-subestaci\u00f3n-San-Rafael-de-Onoto-en-Portuguesa-1.jpeg\" alt=\"\" width=\"1024\" height=\"713\" srcset=\"https:\/\/mppee.gob.ve\/wp-content\/uploads\/2022\/03\/Reinauguran-subestaci\u00f3n-San-Rafael-de-Onoto-en-Portuguesa-1.jpeg 1024w, https:\/\/mppee.gob.ve\/wp-content\/uploads\/2022\/03\/Reinauguran-subestaci\u00f3n-San-Rafael-de-Onoto-en-Portuguesa-1-300x209.jpeg 300w, https:\/\/mppee.gob.ve\/wp-content\/uploads\/2022\/03\/Reinauguran-subestaci\u00f3n-San-Rafael-de-Onoto-en-Portuguesa-1-768x535.jpeg 768w, https:\/\/mppee.gob.ve\/wp-content\/uploads\/2022\/03\/Reinauguran-subestaci\u00f3n-San-Rafael-de-Onoto-en-Portuguesa-1-392x272.jpeg 392w, https:\/\/mppee.gob.ve\/wp-content\/uploads\/2022\/03\/Reinauguran-subestaci\u00f3n-San-Rafael-de-Onoto-en-Portuguesa-1-130x90.jpeg 130w\" sizes=\"auto, (max-width: 1024px) 100vw, 1024px\" \/><\/p>\n","protected":false},"excerpt":{"rendered":"<p>Este viernes, el vicepresidente Sectorial de Obras P\u00fablicas y Servicios, G\/J N\u00e9stor Reverol, reinaugur\u00f3 la Subestaci\u00f3n San Rafael de Onoto,<\/p>\n","protected":false},"author":12,"featured_media":86616,"comment_status":"open","ping_status":"open","sticky":false,"template":"","format":"standard","meta":{"footnotes":""},"categories":[30],"tags":[11],"class_list":["post-86601","post","type-post","status-publish","format-standard","has-post-thumbnail","hentry","category-regionales","tag-mppee"],"_links":{"self":[{"href":"https:\/\/mppee.gob.ve\/index.php?rest_route=\/wp\/v2\/posts\/86601","targetHints":{"allow":["GET"]}}],"collection":[{"href":"https:\/\/mppee.gob.ve\/index.php?rest_route=\/wp\/v2\/posts"}],"about":[{"href":"https:\/\/mppee.gob.ve\/index.php?rest_route=\/wp\/v2\/types\/post"}],"author":[{"embeddable":true,"href":"https:\/\/mppee.gob.ve\/index.php?rest_route=\/wp\/v2\/users\/12"}],"replies":[{"embeddable":true,"href":"https:\/\/mppee.gob.ve\/index.php?rest_route=%2Fwp%2Fv2%2Fcomments&post=86601"}],"version-history":[{"count":1,"href":"https:\/\/mppee.gob.ve\/index.php?rest_route=\/wp\/v2\/posts\/86601\/revisions"}],"predecessor-version":[{"id":86619,"href":"https:\/\/mppee.gob.ve\/index.php?rest_route=\/wp\/v2\/posts\/86601\/revisions\/86619"}],"wp:featuredmedia":[{"embeddable":true,"href":"https:\/\/mppee.gob.ve\/index.php?rest_route=\/wp\/v2\/media\/86616"}],"wp:attachment":[{"href":"https:\/\/mppee.gob.ve\/index.php?rest_route=%2Fwp%2Fv2%2Fmedia&parent=86601"}],"wp:term":[{"taxonomy":"category","embeddable":true,"href":"https:\/\/mppee.gob.ve\/index.php?rest_route=%2Fwp%2Fv2%2Fcategories&post=86601"},{"taxonomy":"post_tag","embeddable":true,"href":"https:\/\/mppee.gob.ve\/index.php?rest_route=%2Fwp%2Fv2%2Ftags&post=86601"}],"curies":[{"name":"wp","href":"https:\/\/api.w.org\/{rel}","templated":true}]}}