{"id":86664,"date":"2022-03-31T15:42:15","date_gmt":"2022-03-31T15:42:15","guid":{"rendered":"http:\/\/10.200.87.50\/mppee\/?p=86664"},"modified":"2022-03-31T15:42:17","modified_gmt":"2022-03-31T15:42:17","slug":"entregados-transformadores-en-el-estado-guarico-para-fortalecer-servicio-electrico-en-las-comunidades","status":"publish","type":"post","link":"https:\/\/mppee.gob.ve\/?p=86664","title":{"rendered":"Entregados transformadores en el estado Gu\u00e1rico para fortalecer servicio el\u00e9ctrico en las comunidades"},"content":{"rendered":"<p style=\"font-weight: 400; text-align: justify;\"><img loading=\"lazy\" decoding=\"async\" class=\"size-medium wp-image-86670 alignleft\" src=\"http:\/\/10.200.87.50\/mppee\/wp-content\/uploads\/2022\/03\/Entregados-transformadores-en-el-estado-Gu\u00e1rico-6-300x200.jpg\" alt=\"\" width=\"300\" height=\"200\" srcset=\"https:\/\/mppee.gob.ve\/wp-content\/uploads\/2022\/03\/Entregados-transformadores-en-el-estado-Gu\u00e1rico-6-300x200.jpg 300w, https:\/\/mppee.gob.ve\/wp-content\/uploads\/2022\/03\/Entregados-transformadores-en-el-estado-Gu\u00e1rico-6-768x512.jpg 768w, https:\/\/mppee.gob.ve\/wp-content\/uploads\/2022\/03\/Entregados-transformadores-en-el-estado-Gu\u00e1rico-6.jpg 1024w\" sizes=\"auto, (max-width: 300px) 100vw, 300px\" \/>El estado Gu\u00e1rico contar\u00e1 para el mes de junio con 272 transformadores para fortalecer el servicio el\u00e9ctrico en las comunidades.<\/p>\n<p style=\"font-weight: 400; text-align: justify;\"><strong>\u00abHoy estamos entregando 40 transformadores, como parte de los compromisos adquiridos mensualmente, y de aqu\u00ed al mes de junio ser\u00e1n 272 transformadores para dar respuesta a las fallas que tenemos en la regi\u00f3n\u00bb<\/strong>, inform\u00f3 el vicepresidente Sectorial de Obras P\u00fablicas y Servicios, G\/J N\u00e9stor Reverol.<\/p>\n<p style=\"font-weight: 400; text-align: justify;\"><img loading=\"lazy\" decoding=\"async\" class=\"size-medium wp-image-86669 alignright\" src=\"http:\/\/10.200.87.50\/mppee\/wp-content\/uploads\/2022\/03\/Entregados-transformadores-en-el-estado-Gu\u00e1rico-5-300x205.jpg\" alt=\"\" width=\"300\" height=\"205\" srcset=\"https:\/\/mppee.gob.ve\/wp-content\/uploads\/2022\/03\/Entregados-transformadores-en-el-estado-Gu\u00e1rico-5-300x205.jpg 300w, https:\/\/mppee.gob.ve\/wp-content\/uploads\/2022\/03\/Entregados-transformadores-en-el-estado-Gu\u00e1rico-5-768x526.jpg 768w, https:\/\/mppee.gob.ve\/wp-content\/uploads\/2022\/03\/Entregados-transformadores-en-el-estado-Gu\u00e1rico-5-130x90.jpg 130w, https:\/\/mppee.gob.ve\/wp-content\/uploads\/2022\/03\/Entregados-transformadores-en-el-estado-Gu\u00e1rico-5.jpg 1024w\" sizes=\"auto, (max-width: 300px) 100vw, 300px\" \/>Durante un recorrido por la Subestaci\u00f3n Calabozo II, el General en Jefe tambi\u00e9n hizo entrega de uniformes (pantalones, camisas, botas, cascos y guantes) a los trabajadores de la Corporaci\u00f3n El\u00e9ctrica Nacional, dotaci\u00f3n asumida durante las visitas del Congreso Nacional de Servicios P\u00fablicos a las entidades.<\/p>\n<p style=\"font-weight: 400; text-align: justify;\"><strong>\u00abUstedes son el arma secreta de nuestra instituci\u00f3n, son la fuerza que mueve al Sistema El\u00e9ctrico Nacional\u00bb<\/strong>, destac\u00f3 Reverol Torres.<\/p>\n<p style=\"font-weight: 400; text-align: justify;\"><strong>Prensa Vpsops<\/strong><\/p>\n<p><img loading=\"lazy\" decoding=\"async\" class=\"alignnone wp-image-86668 size-full\" src=\"http:\/\/10.200.87.50\/mppee\/wp-content\/uploads\/2022\/03\/Entregados-transformadores-en-el-estado-Gu\u00e1rico-4.jpg\" alt=\"\" width=\"1024\" height=\"735\" srcset=\"https:\/\/mppee.gob.ve\/wp-content\/uploads\/2022\/03\/Entregados-transformadores-en-el-estado-Gu\u00e1rico-4.jpg 1024w, https:\/\/mppee.gob.ve\/wp-content\/uploads\/2022\/03\/Entregados-transformadores-en-el-estado-Gu\u00e1rico-4-300x215.jpg 300w, https:\/\/mppee.gob.ve\/wp-content\/uploads\/2022\/03\/Entregados-transformadores-en-el-estado-Gu\u00e1rico-4-768x551.jpg 768w\" sizes=\"auto, (max-width: 1024px) 100vw, 1024px\" \/> <img loading=\"lazy\" decoding=\"async\" class=\"alignnone wp-image-86667 size-full\" src=\"http:\/\/10.200.87.50\/mppee\/wp-content\/uploads\/2022\/03\/Entregados-transformadores-en-el-estado-Gu\u00e1rico-3.jpg\" alt=\"\" width=\"1024\" height=\"1013\" srcset=\"https:\/\/mppee.gob.ve\/wp-content\/uploads\/2022\/03\/Entregados-transformadores-en-el-estado-Gu\u00e1rico-3.jpg 1024w, https:\/\/mppee.gob.ve\/wp-content\/uploads\/2022\/03\/Entregados-transformadores-en-el-estado-Gu\u00e1rico-3-300x297.jpg 300w, https:\/\/mppee.gob.ve\/wp-content\/uploads\/2022\/03\/Entregados-transformadores-en-el-estado-Gu\u00e1rico-3-768x760.jpg 768w\" sizes=\"auto, (max-width: 1024px) 100vw, 1024px\" \/> <img loading=\"lazy\" decoding=\"async\" class=\"alignnone wp-image-86666 size-full\" src=\"http:\/\/10.200.87.50\/mppee\/wp-content\/uploads\/2022\/03\/Entregados-transformadores-en-el-estado-Gu\u00e1rico-2.jpg\" alt=\"\" width=\"1024\" height=\"1021\" srcset=\"https:\/\/mppee.gob.ve\/wp-content\/uploads\/2022\/03\/Entregados-transformadores-en-el-estado-Gu\u00e1rico-2.jpg 1024w, https:\/\/mppee.gob.ve\/wp-content\/uploads\/2022\/03\/Entregados-transformadores-en-el-estado-Gu\u00e1rico-2-300x300.jpg 300w, https:\/\/mppee.gob.ve\/wp-content\/uploads\/2022\/03\/Entregados-transformadores-en-el-estado-Gu\u00e1rico-2-150x150.jpg 150w, https:\/\/mppee.gob.ve\/wp-content\/uploads\/2022\/03\/Entregados-transformadores-en-el-estado-Gu\u00e1rico-2-768x766.jpg 768w\" sizes=\"auto, (max-width: 1024px) 100vw, 1024px\" \/> <img loading=\"lazy\" decoding=\"async\" class=\"alignnone wp-image-86665 size-full\" src=\"http:\/\/10.200.87.50\/mppee\/wp-content\/uploads\/2022\/03\/Entregados-transformadores-en-el-estado-Gu\u00e1rico-1.jpg\" alt=\"\" width=\"1024\" height=\"709\" srcset=\"https:\/\/mppee.gob.ve\/wp-content\/uploads\/2022\/03\/Entregados-transformadores-en-el-estado-Gu\u00e1rico-1.jpg 1024w, https:\/\/mppee.gob.ve\/wp-content\/uploads\/2022\/03\/Entregados-transformadores-en-el-estado-Gu\u00e1rico-1-300x208.jpg 300w, https:\/\/mppee.gob.ve\/wp-content\/uploads\/2022\/03\/Entregados-transformadores-en-el-estado-Gu\u00e1rico-1-768x532.jpg 768w, https:\/\/mppee.gob.ve\/wp-content\/uploads\/2022\/03\/Entregados-transformadores-en-el-estado-Gu\u00e1rico-1-392x272.jpg 392w, https:\/\/mppee.gob.ve\/wp-content\/uploads\/2022\/03\/Entregados-transformadores-en-el-estado-Gu\u00e1rico-1-130x90.jpg 130w\" sizes=\"auto, (max-width: 1024px) 100vw, 1024px\" \/><\/p>\n","protected":false},"excerpt":{"rendered":"<p>El estado Gu\u00e1rico contar\u00e1 para el mes de junio con 272 transformadores para fortalecer el servicio el\u00e9ctrico en las comunidades.<\/p>\n","protected":false},"author":12,"featured_media":86671,"comment_status":"open","ping_status":"open","sticky":false,"template":"","format":"standard","meta":{"footnotes":""},"categories":[30],"tags":[327],"class_list":["post-86664","post","type-post","status-publish","format-standard","has-post-thumbnail","hentry","category-regionales","tag-vsops"],"_links":{"self":[{"href":"https:\/\/mppee.gob.ve\/index.php?rest_route=\/wp\/v2\/posts\/86664","targetHints":{"allow":["GET"]}}],"collection":[{"href":"https:\/\/mppee.gob.ve\/index.php?rest_route=\/wp\/v2\/posts"}],"about":[{"href":"https:\/\/mppee.gob.ve\/index.php?rest_route=\/wp\/v2\/types\/post"}],"author":[{"embeddable":true,"href":"https:\/\/mppee.gob.ve\/index.php?rest_route=\/wp\/v2\/users\/12"}],"replies":[{"embeddable":true,"href":"https:\/\/mppee.gob.ve\/index.php?rest_route=%2Fwp%2Fv2%2Fcomments&post=86664"}],"version-history":[{"count":1,"href":"https:\/\/mppee.gob.ve\/index.php?rest_route=\/wp\/v2\/posts\/86664\/revisions"}],"predecessor-version":[{"id":86672,"href":"https:\/\/mppee.gob.ve\/index.php?rest_route=\/wp\/v2\/posts\/86664\/revisions\/86672"}],"wp:featuredmedia":[{"embeddable":true,"href":"https:\/\/mppee.gob.ve\/index.php?rest_route=\/wp\/v2\/media\/86671"}],"wp:attachment":[{"href":"https:\/\/mppee.gob.ve\/index.php?rest_route=%2Fwp%2Fv2%2Fmedia&parent=86664"}],"wp:term":[{"taxonomy":"category","embeddable":true,"href":"https:\/\/mppee.gob.ve\/index.php?rest_route=%2Fwp%2Fv2%2Fcategories&post=86664"},{"taxonomy":"post_tag","embeddable":true,"href":"https:\/\/mppee.gob.ve\/index.php?rest_route=%2Fwp%2Fv2%2Ftags&post=86664"}],"curies":[{"name":"wp","href":"https:\/\/api.w.org\/{rel}","templated":true}]}}