{"id":86698,"date":"2022-04-01T15:08:00","date_gmt":"2022-04-01T15:08:00","guid":{"rendered":"http:\/\/10.200.87.50\/mppee\/?p=86698"},"modified":"2022-04-05T15:22:10","modified_gmt":"2022-04-05T15:22:10","slug":"atendidos-cerca-de-20-mil-trabajadores-del-sen-en-jornada-nacional-de-salud","status":"publish","type":"post","link":"https:\/\/mppee.gob.ve\/?p=86698","title":{"rendered":"Atendidos cerca de 20 mil trabajadores del SEN en jornada nacional de salud"},"content":{"rendered":"<p style=\"text-align: justify;\"><img loading=\"lazy\" decoding=\"async\" class=\"size-medium wp-image-86691 alignleft\" src=\"http:\/\/10.200.87.50\/mppee\/wp-content\/uploads\/2022\/04\/Atendidos-cerca-de-20-mil-trabajadores-del-SEN-en-jornada-nacional-de-salud-5-300x225.jpeg\" alt=\"\" width=\"300\" height=\"225\" srcset=\"https:\/\/mppee.gob.ve\/wp-content\/uploads\/2022\/04\/Atendidos-cerca-de-20-mil-trabajadores-del-SEN-en-jornada-nacional-de-salud-5-300x225.jpeg 300w, https:\/\/mppee.gob.ve\/wp-content\/uploads\/2022\/04\/Atendidos-cerca-de-20-mil-trabajadores-del-SEN-en-jornada-nacional-de-salud-5-1024x767.jpeg 1024w, https:\/\/mppee.gob.ve\/wp-content\/uploads\/2022\/04\/Atendidos-cerca-de-20-mil-trabajadores-del-SEN-en-jornada-nacional-de-salud-5-768x575.jpeg 768w, https:\/\/mppee.gob.ve\/wp-content\/uploads\/2022\/04\/Atendidos-cerca-de-20-mil-trabajadores-del-SEN-en-jornada-nacional-de-salud-5.jpeg 1080w\" sizes=\"auto, (max-width: 300px) 100vw, 300px\" \/>El Fondo Autoadministrado de Salud del Ministerio del Poder Popular para la Energ\u00eda El\u00e9ctrica y entes adscritos (Fasmee), atendi\u00f3 este jueves a 20 mil &nbsp;hombres y mujeres de la fuerza trabajadora, &nbsp;en una Jornada Nacional de Atenci\u00f3n M\u00e9dica Integral.<\/p>\n<p>La actividad se desarroll\u00f3 en los 23 estados del pa\u00eds, y en el Distrito Capital, simult\u00e1neamente, donde se ofrecieron los servicios de Odontolog\u00eda, Oftalmolog\u00eda, Cardiolog\u00eda, &nbsp;Pediatr\u00eda, Ginecolog\u00eda, as\u00ed como Laboratorio, Electrocardiograma, Ecosonograma y RX.<\/p>\n<p>Adem\u00e1s, se entregaron medicamentos y ayudas t\u00e9cnicas, se realizaron ex\u00e1menes de laboratorio, y se establecieron puntos de vacunaci\u00f3n y refuerzos contra la Covid-19<\/p>\n<p><strong><img loading=\"lazy\" decoding=\"async\" class=\"size-medium wp-image-86690 alignright\" src=\"http:\/\/10.200.87.50\/mppee\/wp-content\/uploads\/2022\/04\/Atendidos-cerca-de-20-mil-trabajadores-del-SEN-en-jornada-nacional-de-salud-4-225x300.jpeg\" alt=\"\" width=\"225\" height=\"300\" srcset=\"https:\/\/mppee.gob.ve\/wp-content\/uploads\/2022\/04\/Atendidos-cerca-de-20-mil-trabajadores-del-SEN-en-jornada-nacional-de-salud-4-225x300.jpeg 225w, https:\/\/mppee.gob.ve\/wp-content\/uploads\/2022\/04\/Atendidos-cerca-de-20-mil-trabajadores-del-SEN-en-jornada-nacional-de-salud-4-767x1024.jpeg 767w, https:\/\/mppee.gob.ve\/wp-content\/uploads\/2022\/04\/Atendidos-cerca-de-20-mil-trabajadores-del-SEN-en-jornada-nacional-de-salud-4-768x1025.jpeg 768w, https:\/\/mppee.gob.ve\/wp-content\/uploads\/2022\/04\/Atendidos-cerca-de-20-mil-trabajadores-del-SEN-en-jornada-nacional-de-salud-4.jpeg 809w\" sizes=\"auto, (max-width: 225px) 100vw, 225px\" \/>\u201cEstamos muy agradecidos con las autoridades del Mppee y al equipo del Fasmee por esta &nbsp;valiosa Jornada de Salud\u201d<\/strong>, afirm\u00f3 Richard Amaro de Corpoelec Cojedes.<\/p>\n<p>Todas estas actividades est\u00e1n contempladas en el v\u00e9rtice 1 del Plan de Atenci\u00f3n<br \/>\nEstrat\u00e9gica que garantiza la protecci\u00f3n social de los trabajadores.<\/p>\n<p><strong>Prensa Corpoelec<\/strong><\/p>\n<p><img loading=\"lazy\" decoding=\"async\" class=\"alignnone wp-image-86689 size-full\" src=\"http:\/\/10.200.87.50\/mppee\/wp-content\/uploads\/2022\/04\/Atendidos-cerca-de-20-mil-trabajadores-del-SEN-en-jornada-nacional-de-salud-3.jpeg\" alt=\"\" width=\"809\" height=\"1080\" srcset=\"https:\/\/mppee.gob.ve\/wp-content\/uploads\/2022\/04\/Atendidos-cerca-de-20-mil-trabajadores-del-SEN-en-jornada-nacional-de-salud-3.jpeg 809w, https:\/\/mppee.gob.ve\/wp-content\/uploads\/2022\/04\/Atendidos-cerca-de-20-mil-trabajadores-del-SEN-en-jornada-nacional-de-salud-3-225x300.jpeg 225w, https:\/\/mppee.gob.ve\/wp-content\/uploads\/2022\/04\/Atendidos-cerca-de-20-mil-trabajadores-del-SEN-en-jornada-nacional-de-salud-3-767x1024.jpeg 767w, https:\/\/mppee.gob.ve\/wp-content\/uploads\/2022\/04\/Atendidos-cerca-de-20-mil-trabajadores-del-SEN-en-jornada-nacional-de-salud-3-768x1025.jpeg 768w\" sizes=\"auto, (max-width: 809px) 100vw, 809px\" \/> <img loading=\"lazy\" decoding=\"async\" class=\"alignnone wp-image-86688 size-full\" src=\"http:\/\/10.200.87.50\/mppee\/wp-content\/uploads\/2022\/04\/Atendidos-cerca-de-20-mil-trabajadores-del-SEN-en-jornada-nacional-de-salud-2.jpeg\" alt=\"\" width=\"1040\" height=\"468\" srcset=\"https:\/\/mppee.gob.ve\/wp-content\/uploads\/2022\/04\/Atendidos-cerca-de-20-mil-trabajadores-del-SEN-en-jornada-nacional-de-salud-2.jpeg 1040w, https:\/\/mppee.gob.ve\/wp-content\/uploads\/2022\/04\/Atendidos-cerca-de-20-mil-trabajadores-del-SEN-en-jornada-nacional-de-salud-2-300x135.jpeg 300w, https:\/\/mppee.gob.ve\/wp-content\/uploads\/2022\/04\/Atendidos-cerca-de-20-mil-trabajadores-del-SEN-en-jornada-nacional-de-salud-2-1024x461.jpeg 1024w, https:\/\/mppee.gob.ve\/wp-content\/uploads\/2022\/04\/Atendidos-cerca-de-20-mil-trabajadores-del-SEN-en-jornada-nacional-de-salud-2-768x346.jpeg 768w\" sizes=\"auto, (max-width: 1040px) 100vw, 1040px\" \/> <img loading=\"lazy\" decoding=\"async\" class=\"alignnone wp-image-86687 size-full\" src=\"http:\/\/10.200.87.50\/mppee\/wp-content\/uploads\/2022\/04\/Atendidos-cerca-de-20-mil-trabajadores-del-SEN-en-jornada-nacional-de-salud-1.jpeg\" alt=\"\" width=\"1080\" height=\"810\" srcset=\"https:\/\/mppee.gob.ve\/wp-content\/uploads\/2022\/04\/Atendidos-cerca-de-20-mil-trabajadores-del-SEN-en-jornada-nacional-de-salud-1.jpeg 1080w, https:\/\/mppee.gob.ve\/wp-content\/uploads\/2022\/04\/Atendidos-cerca-de-20-mil-trabajadores-del-SEN-en-jornada-nacional-de-salud-1-300x225.jpeg 300w, https:\/\/mppee.gob.ve\/wp-content\/uploads\/2022\/04\/Atendidos-cerca-de-20-mil-trabajadores-del-SEN-en-jornada-nacional-de-salud-1-1024x768.jpeg 1024w, https:\/\/mppee.gob.ve\/wp-content\/uploads\/2022\/04\/Atendidos-cerca-de-20-mil-trabajadores-del-SEN-en-jornada-nacional-de-salud-1-768x576.jpeg 768w\" sizes=\"auto, (max-width: 1080px) 100vw, 1080px\" \/><\/p>\n","protected":false},"excerpt":{"rendered":"<p>El Fondo Autoadministrado de Salud del Ministerio del Poder Popular para la Energ\u00eda El\u00e9ctrica y entes adscritos (Fasmee), atendi\u00f3 este<\/p>\n","protected":false},"author":12,"featured_media":86699,"comment_status":"open","ping_status":"open","sticky":false,"template":"","format":"standard","meta":{"footnotes":""},"categories":[15],"tags":[255,11],"class_list":["post-86698","post","type-post","status-publish","format-standard","has-post-thumbnail","hentry","category-nacionales","tag-fasmee","tag-mppee"],"_links":{"self":[{"href":"https:\/\/mppee.gob.ve\/index.php?rest_route=\/wp\/v2\/posts\/86698","targetHints":{"allow":["GET"]}}],"collection":[{"href":"https:\/\/mppee.gob.ve\/index.php?rest_route=\/wp\/v2\/posts"}],"about":[{"href":"https:\/\/mppee.gob.ve\/index.php?rest_route=\/wp\/v2\/types\/post"}],"author":[{"embeddable":true,"href":"https:\/\/mppee.gob.ve\/index.php?rest_route=\/wp\/v2\/users\/12"}],"replies":[{"embeddable":true,"href":"https:\/\/mppee.gob.ve\/index.php?rest_route=%2Fwp%2Fv2%2Fcomments&post=86698"}],"version-history":[{"count":2,"href":"https:\/\/mppee.gob.ve\/index.php?rest_route=\/wp\/v2\/posts\/86698\/revisions"}],"predecessor-version":[{"id":86701,"href":"https:\/\/mppee.gob.ve\/index.php?rest_route=\/wp\/v2\/posts\/86698\/revisions\/86701"}],"wp:featuredmedia":[{"embeddable":true,"href":"https:\/\/mppee.gob.ve\/index.php?rest_route=\/wp\/v2\/media\/86699"}],"wp:attachment":[{"href":"https:\/\/mppee.gob.ve\/index.php?rest_route=%2Fwp%2Fv2%2Fmedia&parent=86698"}],"wp:term":[{"taxonomy":"category","embeddable":true,"href":"https:\/\/mppee.gob.ve\/index.php?rest_route=%2Fwp%2Fv2%2Fcategories&post=86698"},{"taxonomy":"post_tag","embeddable":true,"href":"https:\/\/mppee.gob.ve\/index.php?rest_route=%2Fwp%2Fv2%2Ftags&post=86698"}],"curies":[{"name":"wp","href":"https:\/\/api.w.org\/{rel}","templated":true}]}}