{"id":86726,"date":"2022-04-06T11:53:00","date_gmt":"2022-04-06T11:53:00","guid":{"rendered":"http:\/\/10.200.87.50\/mppee\/?p=86726"},"modified":"2022-04-07T12:07:05","modified_gmt":"2022-04-07T12:07:05","slug":"inauguran-terminal-multimodal-jose-enrique-gaspar-en-el-estado-monagas","status":"publish","type":"post","link":"https:\/\/mppee.gob.ve\/?p=86726","title":{"rendered":"Inauguran terminal multimodal Jos\u00e9 Enrique Gaspar en el estado Monagas"},"content":{"rendered":"<p style=\"text-align: justify;\"><img loading=\"lazy\" decoding=\"async\" class=\"size-medium wp-image-86730 alignleft\" src=\"http:\/\/10.200.87.50\/mppee\/wp-content\/uploads\/2022\/04\/Inauguran-terminal-multimodal-Jos\u00e9-Enrique-Gaspar-en-el-estado-Monagas-5-282x300.jpeg\" alt=\"\" width=\"282\" height=\"300\" srcset=\"https:\/\/mppee.gob.ve\/wp-content\/uploads\/2022\/04\/Inauguran-terminal-multimodal-Jos\u00e9-Enrique-Gaspar-en-el-estado-Monagas-5-282x300.jpeg 282w, https:\/\/mppee.gob.ve\/wp-content\/uploads\/2022\/04\/Inauguran-terminal-multimodal-Jos\u00e9-Enrique-Gaspar-en-el-estado-Monagas-5-963x1024.jpeg 963w, https:\/\/mppee.gob.ve\/wp-content\/uploads\/2022\/04\/Inauguran-terminal-multimodal-Jos\u00e9-Enrique-Gaspar-en-el-estado-Monagas-5-768x816.jpeg 768w, https:\/\/mppee.gob.ve\/wp-content\/uploads\/2022\/04\/Inauguran-terminal-multimodal-Jos\u00e9-Enrique-Gaspar-en-el-estado-Monagas-5.jpeg 1016w\" sizes=\"auto, (max-width: 282px) 100vw, 282px\" \/>El vicepresidente Sectorial de Obras P\u00fablicas y Servicios, G\/J N\u00e9stor Reverol, inaugur\u00f3 el terminal multimodal <strong>\u201cJos\u00e9 Enrique Gaspar\u201d<\/strong>, ubicado en el municipio Bol\u00edvar del estado Monagas, junto al gobernador de la entidad, Ernesto Luna; el ministro del Poder Popular para el Transporte, Hip\u00f3lito Abreu; y el titular de la cartera de Obras P\u00fablicas, Ra\u00fal Paredes.<\/p>\n<p>Esta obra de infraestructura podr\u00e1 comunicar a trav\u00e9s del transporte urbano, suburbano e interurbano, a los habitantes de Caripito con los estados Sucre, Bol\u00edvar, Anzo\u00e1tegui, Delta Amacuro, al cubrir las rutas de todo el eje del r\u00edo San Juan y tambi\u00e9n tendr\u00e1 ruta para el Distrito Capital.<\/p>\n<p><strong>\u201cEste terminal, tambi\u00e9n estar\u00e1 conformado por un conjunto de locales comerciales, oficinas, m\u00e1s de 12 taquillas, movilizaci\u00f3n de aproximadamente 3 mil personas diarias y ha tenido alrededor de 800 importantes empleos directos e indirectos\u201d<\/strong>, indic\u00f3 el tambi\u00e9n ministro del Poder Popular para la Energ\u00eda El\u00e9ctrica.<\/p>\n<p><img loading=\"lazy\" decoding=\"async\" class=\"size-medium wp-image-86729 alignright\" src=\"http:\/\/10.200.87.50\/mppee\/wp-content\/uploads\/2022\/04\/Inauguran-terminal-multimodal-Jos\u00e9-Enrique-Gaspar-en-el-estado-Monagas-4-300x163.jpeg\" alt=\"\" width=\"300\" height=\"163\" srcset=\"https:\/\/mppee.gob.ve\/wp-content\/uploads\/2022\/04\/Inauguran-terminal-multimodal-Jos\u00e9-Enrique-Gaspar-en-el-estado-Monagas-4-300x163.jpeg 300w, https:\/\/mppee.gob.ve\/wp-content\/uploads\/2022\/04\/Inauguran-terminal-multimodal-Jos\u00e9-Enrique-Gaspar-en-el-estado-Monagas-4-1024x557.jpeg 1024w, https:\/\/mppee.gob.ve\/wp-content\/uploads\/2022\/04\/Inauguran-terminal-multimodal-Jos\u00e9-Enrique-Gaspar-en-el-estado-Monagas-4-768x417.jpeg 768w, https:\/\/mppee.gob.ve\/wp-content\/uploads\/2022\/04\/Inauguran-terminal-multimodal-Jos\u00e9-Enrique-Gaspar-en-el-estado-Monagas-4.jpeg 1080w\" sizes=\"auto, (max-width: 300px) 100vw, 300px\" \/>El General en Jefe detall\u00f3 que desde el mes de septiembre iniciaron los trabajos para materializar esta iniciativa, que responde al nombre del compa\u00f1ero que entreg\u00f3 su vida al servicio de este sector, donde actualmente se encuentran \u00a033 l\u00edneas de transporte instaladas.<\/p>\n<p>Por su parte, el mandatario regional, Ernesto Luna, resalt\u00f3 que Caripito, sale adelante en medio de las dificultades. Adem\u00e1s, agradeci\u00f3 a las autoridades nacionales por hacer posible este tipo de labores, dado que esta fue ejecutada casi en tiempo r\u00e9cord.<\/p>\n<p>Finalmente, precis\u00f3 que dicho proyecto cuenta con m\u00e1s de 3 mil metros de construcci\u00f3n y con 30 emprendedores que dinamizar\u00e1n la pol\u00edtica econ\u00f3mica, ya que tendr\u00e1n acceso al ca\u00f1o San Juan y al Atl\u00e1ntico, debido a su ruta fluvial.<\/p>\n<p><strong>Prensa Vpsops\u00a0<\/strong><\/p>\n<p><img loading=\"lazy\" decoding=\"async\" class=\"alignnone wp-image-86727 size-full\" src=\"http:\/\/10.200.87.50\/mppee\/wp-content\/uploads\/2022\/04\/Inauguran-terminal-multimodal-Jos\u00e9-Enrique-Gaspar-en-el-estado-Monagas-2.jpeg\" alt=\"\" width=\"1000\" height=\"750\" srcset=\"https:\/\/mppee.gob.ve\/wp-content\/uploads\/2022\/04\/Inauguran-terminal-multimodal-Jos\u00e9-Enrique-Gaspar-en-el-estado-Monagas-2.jpeg 1000w, https:\/\/mppee.gob.ve\/wp-content\/uploads\/2022\/04\/Inauguran-terminal-multimodal-Jos\u00e9-Enrique-Gaspar-en-el-estado-Monagas-2-300x225.jpeg 300w, https:\/\/mppee.gob.ve\/wp-content\/uploads\/2022\/04\/Inauguran-terminal-multimodal-Jos\u00e9-Enrique-Gaspar-en-el-estado-Monagas-2-768x576.jpeg 768w\" sizes=\"auto, (max-width: 1000px) 100vw, 1000px\" \/><\/p>\n","protected":false},"excerpt":{"rendered":"<p>El vicepresidente Sectorial de Obras P\u00fablicas y Servicios, G\/J N\u00e9stor Reverol, inaugur\u00f3 el terminal multimodal \u201cJos\u00e9 Enrique Gaspar\u201d, ubicado en<\/p>\n","protected":false},"author":12,"featured_media":86731,"comment_status":"open","ping_status":"open","sticky":false,"template":"","format":"standard","meta":{"footnotes":""},"categories":[30],"tags":[327],"class_list":["post-86726","post","type-post","status-publish","format-standard","has-post-thumbnail","hentry","category-regionales","tag-vsops"],"_links":{"self":[{"href":"https:\/\/mppee.gob.ve\/index.php?rest_route=\/wp\/v2\/posts\/86726","targetHints":{"allow":["GET"]}}],"collection":[{"href":"https:\/\/mppee.gob.ve\/index.php?rest_route=\/wp\/v2\/posts"}],"about":[{"href":"https:\/\/mppee.gob.ve\/index.php?rest_route=\/wp\/v2\/types\/post"}],"author":[{"embeddable":true,"href":"https:\/\/mppee.gob.ve\/index.php?rest_route=\/wp\/v2\/users\/12"}],"replies":[{"embeddable":true,"href":"https:\/\/mppee.gob.ve\/index.php?rest_route=%2Fwp%2Fv2%2Fcomments&post=86726"}],"version-history":[{"count":1,"href":"https:\/\/mppee.gob.ve\/index.php?rest_route=\/wp\/v2\/posts\/86726\/revisions"}],"predecessor-version":[{"id":86732,"href":"https:\/\/mppee.gob.ve\/index.php?rest_route=\/wp\/v2\/posts\/86726\/revisions\/86732"}],"wp:featuredmedia":[{"embeddable":true,"href":"https:\/\/mppee.gob.ve\/index.php?rest_route=\/wp\/v2\/media\/86731"}],"wp:attachment":[{"href":"https:\/\/mppee.gob.ve\/index.php?rest_route=%2Fwp%2Fv2%2Fmedia&parent=86726"}],"wp:term":[{"taxonomy":"category","embeddable":true,"href":"https:\/\/mppee.gob.ve\/index.php?rest_route=%2Fwp%2Fv2%2Fcategories&post=86726"},{"taxonomy":"post_tag","embeddable":true,"href":"https:\/\/mppee.gob.ve\/index.php?rest_route=%2Fwp%2Fv2%2Ftags&post=86726"}],"curies":[{"name":"wp","href":"https:\/\/api.w.org\/{rel}","templated":true}]}}