{"id":86764,"date":"2022-04-09T14:08:00","date_gmt":"2022-04-09T14:08:00","guid":{"rendered":"http:\/\/10.200.87.50\/mppee\/?p=86764"},"modified":"2022-04-12T14:21:02","modified_gmt":"2022-04-12T14:21:02","slug":"comuna-por-amor-a-chavez-establece-agenda-concreta-de-accion-en-materia-de-servicios-publicos","status":"publish","type":"post","link":"https:\/\/mppee.gob.ve\/?p=86764","title":{"rendered":"Comuna Por Amor a Ch\u00e1vez establece agenda concreta de acci\u00f3n en materia de servicios p\u00fablicos"},"content":{"rendered":"<p style=\"text-align: justify;\"><img loading=\"lazy\" decoding=\"async\" class=\"size-medium wp-image-86770 alignleft\" src=\"http:\/\/10.200.87.50\/mppee\/wp-content\/uploads\/2022\/04\/Comuna-Por-Amor-a-Ch\u00e1vez-establece-agenda-concreta-de-acci\u00f3n-en-materia-de-servicios-p\u00fablicos-6-300x225.jpeg\" alt=\"\" width=\"300\" height=\"225\" srcset=\"https:\/\/mppee.gob.ve\/wp-content\/uploads\/2022\/04\/Comuna-Por-Amor-a-Ch\u00e1vez-establece-agenda-concreta-de-acci\u00f3n-en-materia-de-servicios-p\u00fablicos-6-300x225.jpeg 300w, https:\/\/mppee.gob.ve\/wp-content\/uploads\/2022\/04\/Comuna-Por-Amor-a-Ch\u00e1vez-establece-agenda-concreta-de-acci\u00f3n-en-materia-de-servicios-p\u00fablicos-6-1024x768.jpeg 1024w, https:\/\/mppee.gob.ve\/wp-content\/uploads\/2022\/04\/Comuna-Por-Amor-a-Ch\u00e1vez-establece-agenda-concreta-de-acci\u00f3n-en-materia-de-servicios-p\u00fablicos-6-768x576.jpeg 768w, https:\/\/mppee.gob.ve\/wp-content\/uploads\/2022\/04\/Comuna-Por-Amor-a-Ch\u00e1vez-establece-agenda-concreta-de-acci\u00f3n-en-materia-de-servicios-p\u00fablicos-6.jpeg 1080w\" sizes=\"auto, (max-width: 300px) 100vw, 300px\" \/>La viceministra para la Articulaci\u00f3n y Participaci\u00f3n Social del Servicio El\u00e9ctrico, Nuris Perozo, se reuni\u00f3 con los representantes de la Comuna <strong>\u201cPor Amor a Ch\u00e1vez\u201d,<\/strong> ubicada en la parroquia Pozuelos del municipio Sotillo en el estado Anzo\u00e1tegui, para establecer el mapa de soluciones y la agenda concreta de acciones que fortalezcan los servicios p\u00fablicos en esa comunidad.<\/p>\n<p><strong>\u201cEstamos aqu\u00ed porque continuamos desplegados en la entidad como parte del Congreso Nacional de Servicios P\u00fablicos, para dar respuesta oportuna a las necesidades del pueblo, y ustedes son la vitrina para garantizar, en corto tiempo, el 100% de los servicios en esta comuna\u201d<\/strong>, afirm\u00f3 Perozo.<\/p>\n<p><img loading=\"lazy\" decoding=\"async\" class=\"size-medium wp-image-86771 alignright\" src=\"http:\/\/10.200.87.50\/mppee\/wp-content\/uploads\/2022\/04\/Comuna-Por-Amor-a-Ch\u00e1vez-establece-agenda-concreta-de-acci\u00f3n-en-materia-de-servicios-p\u00fablicos-7-300x225.jpeg\" alt=\"\" width=\"300\" height=\"225\" srcset=\"https:\/\/mppee.gob.ve\/wp-content\/uploads\/2022\/04\/Comuna-Por-Amor-a-Ch\u00e1vez-establece-agenda-concreta-de-acci\u00f3n-en-materia-de-servicios-p\u00fablicos-7-300x225.jpeg 300w, https:\/\/mppee.gob.ve\/wp-content\/uploads\/2022\/04\/Comuna-Por-Amor-a-Ch\u00e1vez-establece-agenda-concreta-de-acci\u00f3n-en-materia-de-servicios-p\u00fablicos-7-1024x768.jpeg 1024w, https:\/\/mppee.gob.ve\/wp-content\/uploads\/2022\/04\/Comuna-Por-Amor-a-Ch\u00e1vez-establece-agenda-concreta-de-acci\u00f3n-en-materia-de-servicios-p\u00fablicos-7-768x576.jpeg 768w, https:\/\/mppee.gob.ve\/wp-content\/uploads\/2022\/04\/Comuna-Por-Amor-a-Ch\u00e1vez-establece-agenda-concreta-de-acci\u00f3n-en-materia-de-servicios-p\u00fablicos-7.jpeg 1080w\" sizes=\"auto, (max-width: 300px) 100vw, 300px\" \/>Destac\u00f3 la importancia de articular entre las autoridades nacionales, regionales y comunidades para lograr el empoderamiento del Poder Popular y as\u00ed realizar la supervisi\u00f3n, mantenimiento y control de los servicios p\u00fablicos.<\/p>\n<p><strong>\u201cLas pol\u00edticas emanadas por nuestro presidente de la Rep\u00fablica, Nicol\u00e1s Maduro, como el 1&#215;10 del Buen Gobierno que se convertir\u00e1 en una aplicaci\u00f3n, estar\u00e1 al alcance de las UBCh para reportar en tiempo real, toda las incidencias que puedan generarse en materia de agua, electricidad, transporte, seguridad, entre otros\u201d<\/strong>, puntualiz\u00f3 Perozo.<\/p>\n<p><img loading=\"lazy\" decoding=\"async\" class=\"size-medium wp-image-86769 alignleft\" src=\"http:\/\/10.200.87.50\/mppee\/wp-content\/uploads\/2022\/04\/Comuna-Por-Amor-a-Ch\u00e1vez-establece-agenda-concreta-de-acci\u00f3n-en-materia-de-servicios-p\u00fablicos-5-300x225.jpeg\" alt=\"\" width=\"300\" height=\"225\" srcset=\"https:\/\/mppee.gob.ve\/wp-content\/uploads\/2022\/04\/Comuna-Por-Amor-a-Ch\u00e1vez-establece-agenda-concreta-de-acci\u00f3n-en-materia-de-servicios-p\u00fablicos-5-300x225.jpeg 300w, https:\/\/mppee.gob.ve\/wp-content\/uploads\/2022\/04\/Comuna-Por-Amor-a-Ch\u00e1vez-establece-agenda-concreta-de-acci\u00f3n-en-materia-de-servicios-p\u00fablicos-5-1024x768.jpeg 1024w, https:\/\/mppee.gob.ve\/wp-content\/uploads\/2022\/04\/Comuna-Por-Amor-a-Ch\u00e1vez-establece-agenda-concreta-de-acci\u00f3n-en-materia-de-servicios-p\u00fablicos-5-768x576.jpeg 768w, https:\/\/mppee.gob.ve\/wp-content\/uploads\/2022\/04\/Comuna-Por-Amor-a-Ch\u00e1vez-establece-agenda-concreta-de-acci\u00f3n-en-materia-de-servicios-p\u00fablicos-5.jpeg 1080w\" sizes=\"auto, (max-width: 300px) 100vw, 300px\" \/>La Viceministra para la Articulaci\u00f3n y Participaci\u00f3n Social del Servicio El\u00e9ctrico estuvo acompa\u00f1ada por el alcalde del municipio Sotillo, Nelson Moreno, la secretaria de Gobierno, Yolimar Ledezma, la Diputada a la Asamblea Nacional, Carmen M\u00e1rquez, representantes de la Guardia del Pueblo, Polic\u00eda Municipal y el Poder Popular.<\/p>\n<p><strong>Prensa Mppee.<\/strong><\/p>\n<p style=\"text-align: justify;\"><strong><br \/>\n<img loading=\"lazy\" decoding=\"async\" class=\"alignleft wp-image-86768 size-full\" src=\"http:\/\/10.200.87.50\/mppee\/wp-content\/uploads\/2022\/04\/Comuna-Por-Amor-a-Ch\u00e1vez-establece-agenda-concreta-de-acci\u00f3n-en-materia-de-servicios-p\u00fablicos-4.jpeg\" alt=\"\" width=\"912\" height=\"608\" srcset=\"https:\/\/mppee.gob.ve\/wp-content\/uploads\/2022\/04\/Comuna-Por-Amor-a-Ch\u00e1vez-establece-agenda-concreta-de-acci\u00f3n-en-materia-de-servicios-p\u00fablicos-4.jpeg 912w, https:\/\/mppee.gob.ve\/wp-content\/uploads\/2022\/04\/Comuna-Por-Amor-a-Ch\u00e1vez-establece-agenda-concreta-de-acci\u00f3n-en-materia-de-servicios-p\u00fablicos-4-300x200.jpeg 300w, https:\/\/mppee.gob.ve\/wp-content\/uploads\/2022\/04\/Comuna-Por-Amor-a-Ch\u00e1vez-establece-agenda-concreta-de-acci\u00f3n-en-materia-de-servicios-p\u00fablicos-4-768x512.jpeg 768w\" sizes=\"auto, (max-width: 912px) 100vw, 912px\" \/> <img loading=\"lazy\" decoding=\"async\" class=\"alignnone wp-image-86767 size-full\" src=\"http:\/\/10.200.87.50\/mppee\/wp-content\/uploads\/2022\/04\/Comuna-Por-Amor-a-Ch\u00e1vez-establece-agenda-concreta-de-acci\u00f3n-en-materia-de-servicios-p\u00fablicos-3.jpeg\" alt=\"\" width=\"912\" height=\"608\" srcset=\"https:\/\/mppee.gob.ve\/wp-content\/uploads\/2022\/04\/Comuna-Por-Amor-a-Ch\u00e1vez-establece-agenda-concreta-de-acci\u00f3n-en-materia-de-servicios-p\u00fablicos-3.jpeg 912w, https:\/\/mppee.gob.ve\/wp-content\/uploads\/2022\/04\/Comuna-Por-Amor-a-Ch\u00e1vez-establece-agenda-concreta-de-acci\u00f3n-en-materia-de-servicios-p\u00fablicos-3-300x200.jpeg 300w, https:\/\/mppee.gob.ve\/wp-content\/uploads\/2022\/04\/Comuna-Por-Amor-a-Ch\u00e1vez-establece-agenda-concreta-de-acci\u00f3n-en-materia-de-servicios-p\u00fablicos-3-768x512.jpeg 768w\" sizes=\"auto, (max-width: 912px) 100vw, 912px\" \/> <img loading=\"lazy\" decoding=\"async\" class=\"alignnone wp-image-86766 size-full\" src=\"http:\/\/10.200.87.50\/mppee\/wp-content\/uploads\/2022\/04\/Comuna-Por-Amor-a-Ch\u00e1vez-establece-agenda-concreta-de-acci\u00f3n-en-materia-de-servicios-p\u00fablicos-2.jpeg\" alt=\"\" width=\"912\" height=\"608\" srcset=\"https:\/\/mppee.gob.ve\/wp-content\/uploads\/2022\/04\/Comuna-Por-Amor-a-Ch\u00e1vez-establece-agenda-concreta-de-acci\u00f3n-en-materia-de-servicios-p\u00fablicos-2.jpeg 912w, https:\/\/mppee.gob.ve\/wp-content\/uploads\/2022\/04\/Comuna-Por-Amor-a-Ch\u00e1vez-establece-agenda-concreta-de-acci\u00f3n-en-materia-de-servicios-p\u00fablicos-2-300x200.jpeg 300w, https:\/\/mppee.gob.ve\/wp-content\/uploads\/2022\/04\/Comuna-Por-Amor-a-Ch\u00e1vez-establece-agenda-concreta-de-acci\u00f3n-en-materia-de-servicios-p\u00fablicos-2-768x512.jpeg 768w\" sizes=\"auto, (max-width: 912px) 100vw, 912px\" \/> <img loading=\"lazy\" decoding=\"async\" class=\"alignnone wp-image-86765 size-full\" src=\"http:\/\/10.200.87.50\/mppee\/wp-content\/uploads\/2022\/04\/Comuna-Por-Amor-a-Ch\u00e1vez-establece-agenda-concreta-de-acci\u00f3n-en-materia-de-servicios-p\u00fablicos-1.jpeg\" alt=\"\" width=\"1080\" height=\"810\" srcset=\"https:\/\/mppee.gob.ve\/wp-content\/uploads\/2022\/04\/Comuna-Por-Amor-a-Ch\u00e1vez-establece-agenda-concreta-de-acci\u00f3n-en-materia-de-servicios-p\u00fablicos-1.jpeg 1080w, https:\/\/mppee.gob.ve\/wp-content\/uploads\/2022\/04\/Comuna-Por-Amor-a-Ch\u00e1vez-establece-agenda-concreta-de-acci\u00f3n-en-materia-de-servicios-p\u00fablicos-1-300x225.jpeg 300w, https:\/\/mppee.gob.ve\/wp-content\/uploads\/2022\/04\/Comuna-Por-Amor-a-Ch\u00e1vez-establece-agenda-concreta-de-acci\u00f3n-en-materia-de-servicios-p\u00fablicos-1-1024x768.jpeg 1024w, https:\/\/mppee.gob.ve\/wp-content\/uploads\/2022\/04\/Comuna-Por-Amor-a-Ch\u00e1vez-establece-agenda-concreta-de-acci\u00f3n-en-materia-de-servicios-p\u00fablicos-1-768x576.jpeg 768w\" sizes=\"auto, (max-width: 1080px) 100vw, 1080px\" \/><\/strong><\/p>\n","protected":false},"excerpt":{"rendered":"<p>La viceministra para la Articulaci\u00f3n y Participaci\u00f3n Social del Servicio El\u00e9ctrico, Nuris Perozo, se reuni\u00f3 con los representantes de la<\/p>\n","protected":false},"author":12,"featured_media":86768,"comment_status":"open","ping_status":"open","sticky":false,"template":"","format":"standard","meta":{"footnotes":""},"categories":[15],"tags":[11,327],"class_list":["post-86764","post","type-post","status-publish","format-standard","has-post-thumbnail","hentry","category-nacionales","tag-mppee","tag-vsops"],"_links":{"self":[{"href":"https:\/\/mppee.gob.ve\/index.php?rest_route=\/wp\/v2\/posts\/86764","targetHints":{"allow":["GET"]}}],"collection":[{"href":"https:\/\/mppee.gob.ve\/index.php?rest_route=\/wp\/v2\/posts"}],"about":[{"href":"https:\/\/mppee.gob.ve\/index.php?rest_route=\/wp\/v2\/types\/post"}],"author":[{"embeddable":true,"href":"https:\/\/mppee.gob.ve\/index.php?rest_route=\/wp\/v2\/users\/12"}],"replies":[{"embeddable":true,"href":"https:\/\/mppee.gob.ve\/index.php?rest_route=%2Fwp%2Fv2%2Fcomments&post=86764"}],"version-history":[{"count":1,"href":"https:\/\/mppee.gob.ve\/index.php?rest_route=\/wp\/v2\/posts\/86764\/revisions"}],"predecessor-version":[{"id":86772,"href":"https:\/\/mppee.gob.ve\/index.php?rest_route=\/wp\/v2\/posts\/86764\/revisions\/86772"}],"wp:featuredmedia":[{"embeddable":true,"href":"https:\/\/mppee.gob.ve\/index.php?rest_route=\/wp\/v2\/media\/86768"}],"wp:attachment":[{"href":"https:\/\/mppee.gob.ve\/index.php?rest_route=%2Fwp%2Fv2%2Fmedia&parent=86764"}],"wp:term":[{"taxonomy":"category","embeddable":true,"href":"https:\/\/mppee.gob.ve\/index.php?rest_route=%2Fwp%2Fv2%2Fcategories&post=86764"},{"taxonomy":"post_tag","embeddable":true,"href":"https:\/\/mppee.gob.ve\/index.php?rest_route=%2Fwp%2Fv2%2Ftags&post=86764"}],"curies":[{"name":"wp","href":"https:\/\/api.w.org\/{rel}","templated":true}]}}