{"id":86773,"date":"2022-04-11T14:21:00","date_gmt":"2022-04-11T14:21:00","guid":{"rendered":"http:\/\/10.200.87.50\/mppee\/?p=86773"},"modified":"2022-04-12T14:30:46","modified_gmt":"2022-04-12T14:30:46","slug":"instalan-luminarias-y-70-mil-metros-de-cableado-electrico-en-merida","status":"publish","type":"post","link":"https:\/\/mppee.gob.ve\/?p=86773","title":{"rendered":"Instalan luminarias y 70 mil metros de cableado el\u00e9ctrico en M\u00e9rida"},"content":{"rendered":"<p style=\"font-weight: 400; text-align: justify;\"><img loading=\"lazy\" decoding=\"async\" class=\"size-medium wp-image-86777 alignleft\" src=\"http:\/\/10.200.87.50\/mppee\/wp-content\/uploads\/2022\/04\/Instalan-luminarias-y-70-mil-metros-de-cableado-el\u00e9ctrico-en-M\u00e9rida-4-300x200.jpg\" alt=\"\" width=\"300\" height=\"200\" srcset=\"https:\/\/mppee.gob.ve\/wp-content\/uploads\/2022\/04\/Instalan-luminarias-y-70-mil-metros-de-cableado-el\u00e9ctrico-en-M\u00e9rida-4-300x200.jpg 300w, https:\/\/mppee.gob.ve\/wp-content\/uploads\/2022\/04\/Instalan-luminarias-y-70-mil-metros-de-cableado-el\u00e9ctrico-en-M\u00e9rida-4-768x512.jpg 768w, https:\/\/mppee.gob.ve\/wp-content\/uploads\/2022\/04\/Instalan-luminarias-y-70-mil-metros-de-cableado-el\u00e9ctrico-en-M\u00e9rida-4.jpg 912w\" sizes=\"auto, (max-width: 300px) 100vw, 300px\" \/>La fuerza trabajadora de la Corporaci\u00f3n El\u00e9ctrica Nacional (Corpoelec) en el estado M\u00e9rida, instal\u00f3 800 nuevas luminarias y 70 mil metros de cableado en los t\u00faneles Estanques, Ca\u00f1a Brava y Santa Teresa, como parte de las victorias tempranas obtenidas durante el Congreso Nacional de Servicios P\u00fablicos en la entidad.<\/p>\n<p style=\"font-weight: 400; text-align: justify;\">As\u00ed lo inform\u00f3 el vicepresidente Sectorial de Obras P\u00fablicas y Servicios, G\/J N\u00e9stor Reverol, mediante una publicaci\u00f3n en su cuenta en la red social Instagram, donde destac\u00f3 que luego de la colocaci\u00f3n de este alumbrando p\u00fablico, en los pr\u00f3ximos d\u00edas ser\u00e1n sustituidas otras 800 l\u00e1mparas para un total de 1.600.<\/p>\n<p style=\"font-weight: 400; text-align: justify;\"><strong><img loading=\"lazy\" decoding=\"async\" class=\"size-medium wp-image-86776 alignright\" src=\"http:\/\/10.200.87.50\/mppee\/wp-content\/uploads\/2022\/04\/Instalan-luminarias-y-70-mil-metros-de-cableado-el\u00e9ctrico-en-M\u00e9rida-3-300x167.jpg\" alt=\"\" width=\"300\" height=\"167\" srcset=\"https:\/\/mppee.gob.ve\/wp-content\/uploads\/2022\/04\/Instalan-luminarias-y-70-mil-metros-de-cableado-el\u00e9ctrico-en-M\u00e9rida-3-300x167.jpg 300w, https:\/\/mppee.gob.ve\/wp-content\/uploads\/2022\/04\/Instalan-luminarias-y-70-mil-metros-de-cableado-el\u00e9ctrico-en-M\u00e9rida-3-1024x570.jpg 1024w, https:\/\/mppee.gob.ve\/wp-content\/uploads\/2022\/04\/Instalan-luminarias-y-70-mil-metros-de-cableado-el\u00e9ctrico-en-M\u00e9rida-3-768x427.jpg 768w, https:\/\/mppee.gob.ve\/wp-content\/uploads\/2022\/04\/Instalan-luminarias-y-70-mil-metros-de-cableado-el\u00e9ctrico-en-M\u00e9rida-3-800x445.jpg 800w, https:\/\/mppee.gob.ve\/wp-content\/uploads\/2022\/04\/Instalan-luminarias-y-70-mil-metros-de-cableado-el\u00e9ctrico-en-M\u00e9rida-3.jpg 1039w\" sizes=\"auto, (max-width: 300px) 100vw, 300px\" \/>\u201cEsto ha sido un compromiso adquirido durante la instalaci\u00f3n del Congreso Nacional de Servicios P\u00fablicos en la entidad andina. Adem\u00e1s, rehabilitaremos el manto asf\u00e1ltico, demarcaci\u00f3n vial, desmalezamiento de vegetaci\u00f3n y recuperaci\u00f3n de extractores de mon\u00f3xido de carbono\u201d<\/strong>, precis\u00f3 el tambi\u00e9n Ministro del Poder Popular para la Energ\u00eda El\u00e9ctrica.<\/p>\n<p style=\"font-weight: 400; text-align: justify;\">Finalmente, destac\u00f3 que desde la Vicepresidencia Sectorial de Obras P\u00fablicas y Servicios junto al gobierno regional, continuar\u00e1n las acciones para fortalecer la seguridad de los conductores en los 4,5 kil\u00f3metros de tan popular v\u00eda de acceso entre las ciudades de M\u00e9rida y El Vig\u00eda.<\/p>\n<p style=\"font-weight: 400; text-align: justify;\"><strong>Prensa Vpsops<\/strong><\/p>\n<p><img loading=\"lazy\" decoding=\"async\" class=\"alignnone wp-image-86775 size-full\" src=\"http:\/\/10.200.87.50\/mppee\/wp-content\/uploads\/2022\/04\/Instalan-luminarias-y-70-mil-metros-de-cableado-el\u00e9ctrico-en-M\u00e9rida-2.jpg\" alt=\"\" width=\"958\" height=\"546\" srcset=\"https:\/\/mppee.gob.ve\/wp-content\/uploads\/2022\/04\/Instalan-luminarias-y-70-mil-metros-de-cableado-el\u00e9ctrico-en-M\u00e9rida-2.jpg 958w, https:\/\/mppee.gob.ve\/wp-content\/uploads\/2022\/04\/Instalan-luminarias-y-70-mil-metros-de-cableado-el\u00e9ctrico-en-M\u00e9rida-2-300x171.jpg 300w, https:\/\/mppee.gob.ve\/wp-content\/uploads\/2022\/04\/Instalan-luminarias-y-70-mil-metros-de-cableado-el\u00e9ctrico-en-M\u00e9rida-2-768x438.jpg 768w\" sizes=\"auto, (max-width: 958px) 100vw, 958px\" \/> <img loading=\"lazy\" decoding=\"async\" class=\"alignnone wp-image-86774 size-full\" src=\"http:\/\/10.200.87.50\/mppee\/wp-content\/uploads\/2022\/04\/Instalan-luminarias-y-70-mil-metros-de-cableado-el\u00e9ctrico-en-M\u00e9rida-1.jpg\" alt=\"\" width=\"1080\" height=\"860\" srcset=\"https:\/\/mppee.gob.ve\/wp-content\/uploads\/2022\/04\/Instalan-luminarias-y-70-mil-metros-de-cableado-el\u00e9ctrico-en-M\u00e9rida-1.jpg 1080w, https:\/\/mppee.gob.ve\/wp-content\/uploads\/2022\/04\/Instalan-luminarias-y-70-mil-metros-de-cableado-el\u00e9ctrico-en-M\u00e9rida-1-300x239.jpg 300w, https:\/\/mppee.gob.ve\/wp-content\/uploads\/2022\/04\/Instalan-luminarias-y-70-mil-metros-de-cableado-el\u00e9ctrico-en-M\u00e9rida-1-1024x815.jpg 1024w, https:\/\/mppee.gob.ve\/wp-content\/uploads\/2022\/04\/Instalan-luminarias-y-70-mil-metros-de-cableado-el\u00e9ctrico-en-M\u00e9rida-1-768x612.jpg 768w\" sizes=\"auto, (max-width: 1080px) 100vw, 1080px\" \/><\/p>\n","protected":false},"excerpt":{"rendered":"<p>La fuerza trabajadora de la Corporaci\u00f3n El\u00e9ctrica Nacional (Corpoelec) en el estado M\u00e9rida, instal\u00f3 800 nuevas luminarias y 70 mil<\/p>\n","protected":false},"author":12,"featured_media":86778,"comment_status":"open","ping_status":"open","sticky":false,"template":"","format":"standard","meta":{"footnotes":""},"categories":[30],"tags":[327],"class_list":["post-86773","post","type-post","status-publish","format-standard","has-post-thumbnail","hentry","category-regionales","tag-vsops"],"_links":{"self":[{"href":"https:\/\/mppee.gob.ve\/index.php?rest_route=\/wp\/v2\/posts\/86773","targetHints":{"allow":["GET"]}}],"collection":[{"href":"https:\/\/mppee.gob.ve\/index.php?rest_route=\/wp\/v2\/posts"}],"about":[{"href":"https:\/\/mppee.gob.ve\/index.php?rest_route=\/wp\/v2\/types\/post"}],"author":[{"embeddable":true,"href":"https:\/\/mppee.gob.ve\/index.php?rest_route=\/wp\/v2\/users\/12"}],"replies":[{"embeddable":true,"href":"https:\/\/mppee.gob.ve\/index.php?rest_route=%2Fwp%2Fv2%2Fcomments&post=86773"}],"version-history":[{"count":1,"href":"https:\/\/mppee.gob.ve\/index.php?rest_route=\/wp\/v2\/posts\/86773\/revisions"}],"predecessor-version":[{"id":86779,"href":"https:\/\/mppee.gob.ve\/index.php?rest_route=\/wp\/v2\/posts\/86773\/revisions\/86779"}],"wp:featuredmedia":[{"embeddable":true,"href":"https:\/\/mppee.gob.ve\/index.php?rest_route=\/wp\/v2\/media\/86778"}],"wp:attachment":[{"href":"https:\/\/mppee.gob.ve\/index.php?rest_route=%2Fwp%2Fv2%2Fmedia&parent=86773"}],"wp:term":[{"taxonomy":"category","embeddable":true,"href":"https:\/\/mppee.gob.ve\/index.php?rest_route=%2Fwp%2Fv2%2Fcategories&post=86773"},{"taxonomy":"post_tag","embeddable":true,"href":"https:\/\/mppee.gob.ve\/index.php?rest_route=%2Fwp%2Fv2%2Ftags&post=86773"}],"curies":[{"name":"wp","href":"https:\/\/api.w.org\/{rel}","templated":true}]}}