{"id":86780,"date":"2022-04-09T14:31:00","date_gmt":"2022-04-09T14:31:00","guid":{"rendered":"http:\/\/10.200.87.50\/mppee\/?p=86780"},"modified":"2022-04-12T14:35:58","modified_gmt":"2022-04-12T14:35:58","slug":"imparten-taller-de-prevencion-para-volar-papagayos-cerca-del-tendido-electrico","status":"publish","type":"post","link":"https:\/\/mppee.gob.ve\/?p=86780","title":{"rendered":"Imparten taller de prevenci\u00f3n para volar papagayos cerca del tendido el\u00e9ctrico"},"content":{"rendered":"<p style=\"text-align: justify;\"><img loading=\"lazy\" decoding=\"async\" class=\"size-medium wp-image-86784 alignleft\" src=\"http:\/\/10.200.87.50\/mppee\/wp-content\/uploads\/2022\/04\/WhatsApp-Image-2022-04-09-at-2.48.48-PM-300x225.jpeg\" alt=\"\" width=\"300\" height=\"225\" srcset=\"https:\/\/mppee.gob.ve\/wp-content\/uploads\/2022\/04\/WhatsApp-Image-2022-04-09-at-2.48.48-PM-300x225.jpeg 300w, https:\/\/mppee.gob.ve\/wp-content\/uploads\/2022\/04\/WhatsApp-Image-2022-04-09-at-2.48.48-PM-1024x768.jpeg 1024w, https:\/\/mppee.gob.ve\/wp-content\/uploads\/2022\/04\/WhatsApp-Image-2022-04-09-at-2.48.48-PM-768x576.jpeg 768w, https:\/\/mppee.gob.ve\/wp-content\/uploads\/2022\/04\/WhatsApp-Image-2022-04-09-at-2.48.48-PM.jpeg 1080w\" sizes=\"auto, (max-width: 300px) 100vw, 300px\" \/>M\u00e1s de 80 ni\u00f1os y ni\u00f1as de la Unidad Educativa Pedro Emilio Coll, en la parroquia Coche de Caracas, participaron el taller <strong>\u00abC\u00f3mo elevar el papagayo de forma segura\u00bb<\/strong>, impartido por el personal de la Oficina de Atenci\u00f3n al Ciudadano (OAC), del Ministerio del Poder Popular para la Energ\u00eda El\u00e9ctrica.<\/p>\n<p style=\"text-align: justify;\">Durante la actividad, los trabajadores explicaron qu\u00e9 son los tendidos el\u00e9ctricos, y la importancia de no elevar los papagayos en terrazas, balcones o techos de casas, que est\u00e9n cerca de las l\u00edneas de alta tensi\u00f3n, ya que se pueden enredar entre ellas, y el peque\u00f1o puede sufrir heridas graves y tener una consecuencia mayor.<\/p>\n<p style=\"text-align: justify;\"><strong><img loading=\"lazy\" decoding=\"async\" class=\"size-medium wp-image-86782 alignright\" src=\"http:\/\/10.200.87.50\/mppee\/wp-content\/uploads\/2022\/04\/WhatsApp-Image-2022-04-09-at-2.48.46-PM-300x225.jpeg\" alt=\"\" width=\"300\" height=\"225\" srcset=\"https:\/\/mppee.gob.ve\/wp-content\/uploads\/2022\/04\/WhatsApp-Image-2022-04-09-at-2.48.46-PM-300x225.jpeg 300w, https:\/\/mppee.gob.ve\/wp-content\/uploads\/2022\/04\/WhatsApp-Image-2022-04-09-at-2.48.46-PM-1024x768.jpeg 1024w, https:\/\/mppee.gob.ve\/wp-content\/uploads\/2022\/04\/WhatsApp-Image-2022-04-09-at-2.48.46-PM-768x576.jpeg 768w, https:\/\/mppee.gob.ve\/wp-content\/uploads\/2022\/04\/WhatsApp-Image-2022-04-09-at-2.48.46-PM.jpeg 1080w\" sizes=\"auto, (max-width: 300px) 100vw, 300px\" \/>\u201cSi un papagayo se enreda en un tendido el\u00e9ctrico no se debe tratar de recuperar. No volar papagayo si llueve o hay mal clima, tambi\u00e9n se aconseja el resguardo ante rayos el\u00e9ctricos; el cuidado de nuestros hijos depende de nosotros\u201d<\/strong>, manifest\u00f3 la Generala Rosaura Navas, directora de la OAC.<\/p>\n<p style=\"text-align: justify;\">Por su parte, la sub secretaria de Misiones y Grandes Misiones del Distrito Capital, Julia Rada, destac\u00f3 la importancia de que se dicten estos tipos de talleres para que el pueblo venezolano, y sobre todo los ni\u00f1os adquieran conocimientos de qu\u00e9 hacer cuando suceda este tipo de accidentes.<\/p>\n<p style=\"text-align: justify;\"><strong>Prensa Mppee<\/strong><\/p>\n<p><img loading=\"lazy\" decoding=\"async\" class=\"aligncenter wp-image-86783 size-full\" src=\"http:\/\/10.200.87.50\/mppee\/wp-content\/uploads\/2022\/04\/WhatsApp-Image-2022-04-09-at-2.48.47-PM.jpeg\" alt=\"\" width=\"1080\" height=\"810\" srcset=\"https:\/\/mppee.gob.ve\/wp-content\/uploads\/2022\/04\/WhatsApp-Image-2022-04-09-at-2.48.47-PM.jpeg 1080w, https:\/\/mppee.gob.ve\/wp-content\/uploads\/2022\/04\/WhatsApp-Image-2022-04-09-at-2.48.47-PM-300x225.jpeg 300w, https:\/\/mppee.gob.ve\/wp-content\/uploads\/2022\/04\/WhatsApp-Image-2022-04-09-at-2.48.47-PM-1024x768.jpeg 1024w, https:\/\/mppee.gob.ve\/wp-content\/uploads\/2022\/04\/WhatsApp-Image-2022-04-09-at-2.48.47-PM-768x576.jpeg 768w\" sizes=\"auto, (max-width: 1080px) 100vw, 1080px\" \/><\/p>\n","protected":false},"excerpt":{"rendered":"<p>M\u00e1s de 80 ni\u00f1os y ni\u00f1as de la Unidad Educativa Pedro Emilio Coll, en la parroquia Coche de Caracas, participaron<\/p>\n","protected":false},"author":12,"featured_media":86781,"comment_status":"open","ping_status":"open","sticky":false,"template":"","format":"standard","meta":{"footnotes":""},"categories":[15],"tags":[11],"class_list":["post-86780","post","type-post","status-publish","format-standard","has-post-thumbnail","hentry","category-nacionales","tag-mppee"],"_links":{"self":[{"href":"https:\/\/mppee.gob.ve\/index.php?rest_route=\/wp\/v2\/posts\/86780","targetHints":{"allow":["GET"]}}],"collection":[{"href":"https:\/\/mppee.gob.ve\/index.php?rest_route=\/wp\/v2\/posts"}],"about":[{"href":"https:\/\/mppee.gob.ve\/index.php?rest_route=\/wp\/v2\/types\/post"}],"author":[{"embeddable":true,"href":"https:\/\/mppee.gob.ve\/index.php?rest_route=\/wp\/v2\/users\/12"}],"replies":[{"embeddable":true,"href":"https:\/\/mppee.gob.ve\/index.php?rest_route=%2Fwp%2Fv2%2Fcomments&post=86780"}],"version-history":[{"count":1,"href":"https:\/\/mppee.gob.ve\/index.php?rest_route=\/wp\/v2\/posts\/86780\/revisions"}],"predecessor-version":[{"id":86785,"href":"https:\/\/mppee.gob.ve\/index.php?rest_route=\/wp\/v2\/posts\/86780\/revisions\/86785"}],"wp:featuredmedia":[{"embeddable":true,"href":"https:\/\/mppee.gob.ve\/index.php?rest_route=\/wp\/v2\/media\/86781"}],"wp:attachment":[{"href":"https:\/\/mppee.gob.ve\/index.php?rest_route=%2Fwp%2Fv2%2Fmedia&parent=86780"}],"wp:term":[{"taxonomy":"category","embeddable":true,"href":"https:\/\/mppee.gob.ve\/index.php?rest_route=%2Fwp%2Fv2%2Fcategories&post=86780"},{"taxonomy":"post_tag","embeddable":true,"href":"https:\/\/mppee.gob.ve\/index.php?rest_route=%2Fwp%2Fv2%2Ftags&post=86780"}],"curies":[{"name":"wp","href":"https:\/\/api.w.org\/{rel}","templated":true}]}}