{"id":86788,"date":"2022-04-16T00:18:35","date_gmt":"2022-04-16T00:18:35","guid":{"rendered":"http:\/\/10.200.87.50\/mppee\/?p=86788"},"modified":"2022-04-16T00:18:37","modified_gmt":"2022-04-16T00:18:37","slug":"autoridades-del-sen-establecen-acciones-para-garantizar-proteccion-al-parque-eolico-de-paraguana","status":"publish","type":"post","link":"https:\/\/mppee.gob.ve\/?p=86788","title":{"rendered":"Autoridades del SEN establecen acciones para garantizar protecci\u00f3n al Parque E\u00f3lico de Paraguan\u00e1"},"content":{"rendered":"<p style=\"text-align: justify;\"><img loading=\"lazy\" decoding=\"async\" class=\"size-medium wp-image-86792 alignleft\" src=\"http:\/\/10.200.87.50\/mppee\/wp-content\/uploads\/2022\/04\/WhatsApp-Image-2022-04-15-at-6.50.26-PM-225x300.jpeg\" alt=\"\" width=\"225\" height=\"300\" srcset=\"https:\/\/mppee.gob.ve\/wp-content\/uploads\/2022\/04\/WhatsApp-Image-2022-04-15-at-6.50.26-PM-225x300.jpeg 225w, https:\/\/mppee.gob.ve\/wp-content\/uploads\/2022\/04\/WhatsApp-Image-2022-04-15-at-6.50.26-PM-768x1024.jpeg 768w, https:\/\/mppee.gob.ve\/wp-content\/uploads\/2022\/04\/WhatsApp-Image-2022-04-15-at-6.50.26-PM.jpeg 780w\" sizes=\"auto, (max-width: 225px) 100vw, 225px\" \/>Autoridades del Ministerio del Poder Popular para la Energ\u00eda El\u00e9ctrica (Mppee) y de la Corporaci\u00f3n El\u00e9ctrica Nacional (Corpoelec), garantizan la continuidad en la prestaci\u00f3n del servicio en el Parque<br \/>\nE\u00f3lico Paraguan\u00e1, ubicado en el estado Falc\u00f3n.<\/p>\n<p style=\"text-align: justify;\">Tras un diagn\u00f3stico se acord\u00f3 la instalaci\u00f3n de un sistema de alumbrado con alimentaci\u00f3n fotovoltaica en cada una de las torres de Aerogeneradores.<\/p>\n<p style=\"text-align: justify;\">Igualmente, se efectuar\u00e1 la sectorizaci\u00f3n del Parque E\u00f3lico en tres \u00e1reas que ser\u00e1n resguardadas por los organismos de seguridad del Estado y una dotaci\u00f3n de motos a las instituciones para realizar recorridos constantes en las instalaciones.<\/p>\n<p style=\"text-align: justify;\"><img loading=\"lazy\" decoding=\"async\" class=\"size-medium wp-image-86791 alignright\" src=\"http:\/\/10.200.87.50\/mppee\/wp-content\/uploads\/2022\/04\/WhatsApp-Image-2022-04-15-at-6.50.26-PM1-300x224.jpeg\" alt=\"\" width=\"300\" height=\"224\" srcset=\"https:\/\/mppee.gob.ve\/wp-content\/uploads\/2022\/04\/WhatsApp-Image-2022-04-15-at-6.50.26-PM1-300x224.jpeg 300w, https:\/\/mppee.gob.ve\/wp-content\/uploads\/2022\/04\/WhatsApp-Image-2022-04-15-at-6.50.26-PM1-768x574.jpeg 768w, https:\/\/mppee.gob.ve\/wp-content\/uploads\/2022\/04\/WhatsApp-Image-2022-04-15-at-6.50.26-PM1.jpeg 1008w\" sizes=\"auto, (max-width: 300px) 100vw, 300px\" \/>As\u00ed lo se\u00f1alaron la viceministra para Nuevas Fuentes y Uso Racional de la Energ\u00eda El\u00e9ctrica del Mppee, Tania Masea, y el presidente de Corpoelec Industrial, G\/D Juan Ram\u00f3n Rodr\u00edguez Navarro, a trav\u00e9s de las redes sociales, cuyo objetivo es atender la eventualidad suscitada el pasado domingo cuando un grupo de personas hurt\u00f3 importante material estrat\u00e9gico, delito estipulado en la Ley Contra la Delincuencia Organizada y Financiamiento al Terrorismo.<\/p>\n<p style=\"text-align: justify;\"><img loading=\"lazy\" decoding=\"async\" class=\"size-medium wp-image-86789 alignleft\" src=\"http:\/\/10.200.87.50\/mppee\/wp-content\/uploads\/2022\/04\/WhatsApp-Image-2022-04-15-at-6.50.27-PM1-225x300.jpeg\" alt=\"\" width=\"225\" height=\"300\" srcset=\"https:\/\/mppee.gob.ve\/wp-content\/uploads\/2022\/04\/WhatsApp-Image-2022-04-15-at-6.50.27-PM1-225x300.jpeg 225w, https:\/\/mppee.gob.ve\/wp-content\/uploads\/2022\/04\/WhatsApp-Image-2022-04-15-at-6.50.27-PM1-768x1024.jpeg 768w, https:\/\/mppee.gob.ve\/wp-content\/uploads\/2022\/04\/WhatsApp-Image-2022-04-15-at-6.50.27-PM1.jpeg 810w\" sizes=\"auto, (max-width: 225px) 100vw, 225px\" \/>Por consiguiente, fueron aprehendidos: Edgar Alexander Reyes L\u00f3pez (31); Edgluis Jos\u00e9 Mar\u00edn G\u00f3mez (32); Mailon Leonel D\u00edaz Guti\u00e9rrez (25); Jos\u00e9 Daniel A\u00f1ez Colina (18); y un adolescente (16), quienes conformaban la denominada banda Los E\u00f3licos.<\/p>\n<p style=\"text-align: justify;\">Estas acciones constituyen soluciones efectivas ante los ataques presentados al Sistema El\u00e9ctrico Nacional (SEN) y garantizan la protecci\u00f3n de la soberan\u00eda el\u00e9ctrica de los venezolanos.<\/p>\n<p style=\"text-align: justify;\"><strong>Prensa Mppee<\/strong><\/p>\n","protected":false},"excerpt":{"rendered":"<p>Autoridades del Ministerio del Poder Popular para la Energ\u00eda El\u00e9ctrica (Mppee) y de la Corporaci\u00f3n El\u00e9ctrica Nacional (Corpoelec), garantizan la<\/p>\n","protected":false},"author":12,"featured_media":86790,"comment_status":"open","ping_status":"open","sticky":false,"template":"","format":"standard","meta":{"footnotes":""},"categories":[15],"tags":[11],"class_list":["post-86788","post","type-post","status-publish","format-standard","has-post-thumbnail","hentry","category-nacionales","tag-mppee"],"_links":{"self":[{"href":"https:\/\/mppee.gob.ve\/index.php?rest_route=\/wp\/v2\/posts\/86788","targetHints":{"allow":["GET"]}}],"collection":[{"href":"https:\/\/mppee.gob.ve\/index.php?rest_route=\/wp\/v2\/posts"}],"about":[{"href":"https:\/\/mppee.gob.ve\/index.php?rest_route=\/wp\/v2\/types\/post"}],"author":[{"embeddable":true,"href":"https:\/\/mppee.gob.ve\/index.php?rest_route=\/wp\/v2\/users\/12"}],"replies":[{"embeddable":true,"href":"https:\/\/mppee.gob.ve\/index.php?rest_route=%2Fwp%2Fv2%2Fcomments&post=86788"}],"version-history":[{"count":1,"href":"https:\/\/mppee.gob.ve\/index.php?rest_route=\/wp\/v2\/posts\/86788\/revisions"}],"predecessor-version":[{"id":86793,"href":"https:\/\/mppee.gob.ve\/index.php?rest_route=\/wp\/v2\/posts\/86788\/revisions\/86793"}],"wp:featuredmedia":[{"embeddable":true,"href":"https:\/\/mppee.gob.ve\/index.php?rest_route=\/wp\/v2\/media\/86790"}],"wp:attachment":[{"href":"https:\/\/mppee.gob.ve\/index.php?rest_route=%2Fwp%2Fv2%2Fmedia&parent=86788"}],"wp:term":[{"taxonomy":"category","embeddable":true,"href":"https:\/\/mppee.gob.ve\/index.php?rest_route=%2Fwp%2Fv2%2Fcategories&post=86788"},{"taxonomy":"post_tag","embeddable":true,"href":"https:\/\/mppee.gob.ve\/index.php?rest_route=%2Fwp%2Fv2%2Ftags&post=86788"}],"curies":[{"name":"wp","href":"https:\/\/api.w.org\/{rel}","templated":true}]}}