{"id":86794,"date":"2022-04-12T13:14:00","date_gmt":"2022-04-12T13:14:00","guid":{"rendered":"http:\/\/10.200.87.50\/mppee\/?p=86794"},"modified":"2022-04-18T13:22:16","modified_gmt":"2022-04-18T13:22:16","slug":"instalan-mesa-de-trabajo-para-el-desarrollo-industrial-del-sector-electrico","status":"publish","type":"post","link":"https:\/\/mppee.gob.ve\/?p=86794","title":{"rendered":"Instalan mesa de trabajo para el Desarrollo Industrial del Sector El\u00e9ctrico"},"content":{"rendered":"<p style=\"text-align: justify;\"><img loading=\"lazy\" decoding=\"async\" class=\"size-medium wp-image-86804 alignleft\" src=\"http:\/\/10.200.87.50\/mppee\/wp-content\/uploads\/2022\/04\/Instalan-mesa-de-trabajo-para-el-Desarrollo-Industrial-del-Sector-El\u00e9ctrico-10-300x181.jpeg\" alt=\"\" width=\"300\" height=\"181\" srcset=\"https:\/\/mppee.gob.ve\/wp-content\/uploads\/2022\/04\/Instalan-mesa-de-trabajo-para-el-Desarrollo-Industrial-del-Sector-El\u00e9ctrico-10-300x181.jpeg 300w, https:\/\/mppee.gob.ve\/wp-content\/uploads\/2022\/04\/Instalan-mesa-de-trabajo-para-el-Desarrollo-Industrial-del-Sector-El\u00e9ctrico-10-1024x618.jpeg 1024w, https:\/\/mppee.gob.ve\/wp-content\/uploads\/2022\/04\/Instalan-mesa-de-trabajo-para-el-Desarrollo-Industrial-del-Sector-El\u00e9ctrico-10-768x464.jpeg 768w, https:\/\/mppee.gob.ve\/wp-content\/uploads\/2022\/04\/Instalan-mesa-de-trabajo-para-el-Desarrollo-Industrial-del-Sector-El\u00e9ctrico-10.jpeg 1080w\" sizes=\"auto, (max-width: 300px) 100vw, 300px\" \/>Autoridades del Ministerio del Poder Popular para la Energ\u00eda El\u00e9ctrica, y del Ministerio del Poder Popular de Industrias y Producci\u00f3n Nacional, instalaron mesas de trabajo, con el objetivo de articular mecanismos para el desarrollo de partes y piezas para la industria el\u00e9ctrica.<br \/><br \/>La viceministra para Nuevas Fuentes y Uso Responsable de la Energ\u00eda El\u00e9ctrica, Tania Masea, asegur\u00f3 que<strong> \u201ccon la instalaci\u00f3n de esta mesa y los convenios determinados avanzaremos e iremos materializando las pol\u00edticas de Estado que nos ha orientado el Presidente Nicol\u00e1s Maduro\u201d.<\/strong><br \/><br \/>Entre los acuerdos establecidos est\u00e1n las visitas a f\u00e1bricas de transformadores, generadores, paneles solares; as\u00ed como tambi\u00e9n, desarrollar formularios que se necesitan para hacer el levantamiento de diagn\u00f3sticos de las necesidades de fabricaci\u00f3n de piezas en el sector el\u00e9ctrico.<br \/><br \/><img loading=\"lazy\" decoding=\"async\" class=\"size-medium wp-image-86803 alignright\" src=\"http:\/\/10.200.87.50\/mppee\/wp-content\/uploads\/2022\/04\/Instalan-mesa-de-trabajo-para-el-Desarrollo-Industrial-del-Sector-El\u00e9ctrico-9-300x145.jpeg\" alt=\"\" width=\"300\" height=\"145\" srcset=\"https:\/\/mppee.gob.ve\/wp-content\/uploads\/2022\/04\/Instalan-mesa-de-trabajo-para-el-Desarrollo-Industrial-del-Sector-El\u00e9ctrico-9-300x145.jpeg 300w, https:\/\/mppee.gob.ve\/wp-content\/uploads\/2022\/04\/Instalan-mesa-de-trabajo-para-el-Desarrollo-Industrial-del-Sector-El\u00e9ctrico-9-1024x496.jpeg 1024w, https:\/\/mppee.gob.ve\/wp-content\/uploads\/2022\/04\/Instalan-mesa-de-trabajo-para-el-Desarrollo-Industrial-del-Sector-El\u00e9ctrico-9-768x372.jpeg 768w, https:\/\/mppee.gob.ve\/wp-content\/uploads\/2022\/04\/Instalan-mesa-de-trabajo-para-el-Desarrollo-Industrial-del-Sector-El\u00e9ctrico-9.jpeg 1080w\" sizes=\"auto, (max-width: 300px) 100vw, 300px\" \/>La viceministra para la Peque\u00f1a y Mediana Industria y Nuevas Formas Productivas, Diana Castillo, precis\u00f3 que <strong>\u201cesta alianza nos va a permitir avanzar hacia la sustituci\u00f3n de importaciones de partes y piezas en la industria nacional\u201d.<\/strong><br \/><br \/>Asimismo, durante la reuni\u00f3n se instituy\u00f3 fabricar junto con las industrias Invepal, algunas partes o materiales que se necesitan para transformadores, y con Oximetal para la creaci\u00f3n de postes de alumbrado p\u00fablico.<br \/><br \/>Igualmente, desarrollar la metodolog\u00eda de encadenamiento productivo para que se pueda mantener el mantenimiento de las piezas adquiridas.<br \/><br \/>Todas estas acciones articuladas entre ambos Ministerios del pa\u00eds, fortalecen el Sistema El\u00e9ctrico Nacional.<br \/><br \/><strong>Prensa Mppee<\/strong><\/p>\n<p><img loading=\"lazy\" decoding=\"async\" class=\"alignnone wp-image-86802 size-full\" src=\"http:\/\/10.200.87.50\/mppee\/wp-content\/uploads\/2022\/04\/Instalan-mesa-de-trabajo-para-el-Desarrollo-Industrial-del-Sector-El\u00e9ctrico-8.jpeg\" alt=\"\" width=\"914\" height=\"350\" srcset=\"https:\/\/mppee.gob.ve\/wp-content\/uploads\/2022\/04\/Instalan-mesa-de-trabajo-para-el-Desarrollo-Industrial-del-Sector-El\u00e9ctrico-8.jpeg 914w, https:\/\/mppee.gob.ve\/wp-content\/uploads\/2022\/04\/Instalan-mesa-de-trabajo-para-el-Desarrollo-Industrial-del-Sector-El\u00e9ctrico-8-300x115.jpeg 300w, https:\/\/mppee.gob.ve\/wp-content\/uploads\/2022\/04\/Instalan-mesa-de-trabajo-para-el-Desarrollo-Industrial-del-Sector-El\u00e9ctrico-8-768x294.jpeg 768w\" sizes=\"auto, (max-width: 914px) 100vw, 914px\" \/> <img loading=\"lazy\" decoding=\"async\" class=\"alignnone wp-image-86799 size-full\" src=\"http:\/\/10.200.87.50\/mppee\/wp-content\/uploads\/2022\/04\/Instalan-mesa-de-trabajo-para-el-Desarrollo-Industrial-del-Sector-El\u00e9ctrico-5.jpeg\" alt=\"\" width=\"1001\" height=\"700\" srcset=\"https:\/\/mppee.gob.ve\/wp-content\/uploads\/2022\/04\/Instalan-mesa-de-trabajo-para-el-Desarrollo-Industrial-del-Sector-El\u00e9ctrico-5.jpeg 1001w, https:\/\/mppee.gob.ve\/wp-content\/uploads\/2022\/04\/Instalan-mesa-de-trabajo-para-el-Desarrollo-Industrial-del-Sector-El\u00e9ctrico-5-300x210.jpeg 300w, https:\/\/mppee.gob.ve\/wp-content\/uploads\/2022\/04\/Instalan-mesa-de-trabajo-para-el-Desarrollo-Industrial-del-Sector-El\u00e9ctrico-5-768x537.jpeg 768w, https:\/\/mppee.gob.ve\/wp-content\/uploads\/2022\/04\/Instalan-mesa-de-trabajo-para-el-Desarrollo-Industrial-del-Sector-El\u00e9ctrico-5-130x90.jpeg 130w\" sizes=\"auto, (max-width: 1001px) 100vw, 1001px\" \/> <img loading=\"lazy\" decoding=\"async\" class=\"alignnone wp-image-86798 size-full\" src=\"http:\/\/10.200.87.50\/mppee\/wp-content\/uploads\/2022\/04\/Instalan-mesa-de-trabajo-para-el-Desarrollo-Industrial-del-Sector-El\u00e9ctrico-4.jpeg\" alt=\"\" width=\"1080\" height=\"612\" srcset=\"https:\/\/mppee.gob.ve\/wp-content\/uploads\/2022\/04\/Instalan-mesa-de-trabajo-para-el-Desarrollo-Industrial-del-Sector-El\u00e9ctrico-4.jpeg 1080w, https:\/\/mppee.gob.ve\/wp-content\/uploads\/2022\/04\/Instalan-mesa-de-trabajo-para-el-Desarrollo-Industrial-del-Sector-El\u00e9ctrico-4-300x170.jpeg 300w, https:\/\/mppee.gob.ve\/wp-content\/uploads\/2022\/04\/Instalan-mesa-de-trabajo-para-el-Desarrollo-Industrial-del-Sector-El\u00e9ctrico-4-1024x580.jpeg 1024w, https:\/\/mppee.gob.ve\/wp-content\/uploads\/2022\/04\/Instalan-mesa-de-trabajo-para-el-Desarrollo-Industrial-del-Sector-El\u00e9ctrico-4-768x435.jpeg 768w\" sizes=\"auto, (max-width: 1080px) 100vw, 1080px\" \/> <img loading=\"lazy\" decoding=\"async\" class=\"alignnone wp-image-86797 size-full\" src=\"http:\/\/10.200.87.50\/mppee\/wp-content\/uploads\/2022\/04\/Instalan-mesa-de-trabajo-para-el-Desarrollo-Industrial-del-Sector-El\u00e9ctrico-3.jpeg\" alt=\"\" width=\"1080\" height=\"661\" srcset=\"https:\/\/mppee.gob.ve\/wp-content\/uploads\/2022\/04\/Instalan-mesa-de-trabajo-para-el-Desarrollo-Industrial-del-Sector-El\u00e9ctrico-3.jpeg 1080w, https:\/\/mppee.gob.ve\/wp-content\/uploads\/2022\/04\/Instalan-mesa-de-trabajo-para-el-Desarrollo-Industrial-del-Sector-El\u00e9ctrico-3-300x184.jpeg 300w, https:\/\/mppee.gob.ve\/wp-content\/uploads\/2022\/04\/Instalan-mesa-de-trabajo-para-el-Desarrollo-Industrial-del-Sector-El\u00e9ctrico-3-1024x627.jpeg 1024w, https:\/\/mppee.gob.ve\/wp-content\/uploads\/2022\/04\/Instalan-mesa-de-trabajo-para-el-Desarrollo-Industrial-del-Sector-El\u00e9ctrico-3-768x470.jpeg 768w\" sizes=\"auto, (max-width: 1080px) 100vw, 1080px\" \/> <img loading=\"lazy\" decoding=\"async\" class=\"alignnone wp-image-86796 size-full\" src=\"http:\/\/10.200.87.50\/mppee\/wp-content\/uploads\/2022\/04\/Instalan-mesa-de-trabajo-para-el-Desarrollo-Industrial-del-Sector-El\u00e9ctrico-2.jpeg\" alt=\"\" width=\"923\" height=\"700\" srcset=\"https:\/\/mppee.gob.ve\/wp-content\/uploads\/2022\/04\/Instalan-mesa-de-trabajo-para-el-Desarrollo-Industrial-del-Sector-El\u00e9ctrico-2.jpeg 923w, https:\/\/mppee.gob.ve\/wp-content\/uploads\/2022\/04\/Instalan-mesa-de-trabajo-para-el-Desarrollo-Industrial-del-Sector-El\u00e9ctrico-2-300x228.jpeg 300w, https:\/\/mppee.gob.ve\/wp-content\/uploads\/2022\/04\/Instalan-mesa-de-trabajo-para-el-Desarrollo-Industrial-del-Sector-El\u00e9ctrico-2-768x582.jpeg 768w\" sizes=\"auto, (max-width: 923px) 100vw, 923px\" \/> <img loading=\"lazy\" decoding=\"async\" class=\"alignnone wp-image-86795 size-full\" src=\"http:\/\/10.200.87.50\/mppee\/wp-content\/uploads\/2022\/04\/Instalan-mesa-de-trabajo-para-el-Desarrollo-Industrial-del-Sector-El\u00e9ctrico-1.jpeg\" alt=\"\" width=\"917\" height=\"700\" srcset=\"https:\/\/mppee.gob.ve\/wp-content\/uploads\/2022\/04\/Instalan-mesa-de-trabajo-para-el-Desarrollo-Industrial-del-Sector-El\u00e9ctrico-1.jpeg 917w, https:\/\/mppee.gob.ve\/wp-content\/uploads\/2022\/04\/Instalan-mesa-de-trabajo-para-el-Desarrollo-Industrial-del-Sector-El\u00e9ctrico-1-300x229.jpeg 300w, https:\/\/mppee.gob.ve\/wp-content\/uploads\/2022\/04\/Instalan-mesa-de-trabajo-para-el-Desarrollo-Industrial-del-Sector-El\u00e9ctrico-1-768x586.jpeg 768w\" sizes=\"auto, (max-width: 917px) 100vw, 917px\" \/><\/p>\n\n\n<p><\/p>\n","protected":false},"excerpt":{"rendered":"<p>Autoridades del Ministerio del Poder Popular para la Energ\u00eda El\u00e9ctrica, y del Ministerio del Poder Popular de Industrias y Producci\u00f3n<\/p>\n","protected":false},"author":12,"featured_media":86801,"comment_status":"open","ping_status":"open","sticky":false,"template":"","format":"standard","meta":{"footnotes":""},"categories":[15],"tags":[11],"class_list":["post-86794","post","type-post","status-publish","format-standard","has-post-thumbnail","hentry","category-nacionales","tag-mppee"],"_links":{"self":[{"href":"https:\/\/mppee.gob.ve\/index.php?rest_route=\/wp\/v2\/posts\/86794","targetHints":{"allow":["GET"]}}],"collection":[{"href":"https:\/\/mppee.gob.ve\/index.php?rest_route=\/wp\/v2\/posts"}],"about":[{"href":"https:\/\/mppee.gob.ve\/index.php?rest_route=\/wp\/v2\/types\/post"}],"author":[{"embeddable":true,"href":"https:\/\/mppee.gob.ve\/index.php?rest_route=\/wp\/v2\/users\/12"}],"replies":[{"embeddable":true,"href":"https:\/\/mppee.gob.ve\/index.php?rest_route=%2Fwp%2Fv2%2Fcomments&post=86794"}],"version-history":[{"count":1,"href":"https:\/\/mppee.gob.ve\/index.php?rest_route=\/wp\/v2\/posts\/86794\/revisions"}],"predecessor-version":[{"id":86805,"href":"https:\/\/mppee.gob.ve\/index.php?rest_route=\/wp\/v2\/posts\/86794\/revisions\/86805"}],"wp:featuredmedia":[{"embeddable":true,"href":"https:\/\/mppee.gob.ve\/index.php?rest_route=\/wp\/v2\/media\/86801"}],"wp:attachment":[{"href":"https:\/\/mppee.gob.ve\/index.php?rest_route=%2Fwp%2Fv2%2Fmedia&parent=86794"}],"wp:term":[{"taxonomy":"category","embeddable":true,"href":"https:\/\/mppee.gob.ve\/index.php?rest_route=%2Fwp%2Fv2%2Fcategories&post=86794"},{"taxonomy":"post_tag","embeddable":true,"href":"https:\/\/mppee.gob.ve\/index.php?rest_route=%2Fwp%2Fv2%2Ftags&post=86794"}],"curies":[{"name":"wp","href":"https:\/\/api.w.org\/{rel}","templated":true}]}}