{"id":86807,"date":"2022-04-20T13:13:00","date_gmt":"2022-04-20T13:13:00","guid":{"rendered":"http:\/\/10.200.87.50\/mppee\/?p=86807"},"modified":"2022-04-21T13:18:48","modified_gmt":"2022-04-21T13:18:48","slug":"analizan-avances-del-plan-estrategico-del-sen-2022","status":"publish","type":"post","link":"https:\/\/mppee.gob.ve\/?p=86807","title":{"rendered":"Analizan avances del Plan Estrat\u00e9gico del SEN 2022"},"content":{"rendered":"<p style=\"text-align: justify;\"><img loading=\"lazy\" decoding=\"async\" class=\"size-medium wp-image-86811 alignleft\" src=\"http:\/\/10.200.87.50\/mppee\/wp-content\/uploads\/2022\/04\/Analizan-avances-del-Plan-Estrat\u00e9gico-del-SEN-2022-4-300x207.jpg\" alt=\"\" width=\"300\" height=\"207\" srcset=\"https:\/\/mppee.gob.ve\/wp-content\/uploads\/2022\/04\/Analizan-avances-del-Plan-Estrat\u00e9gico-del-SEN-2022-4-300x207.jpg 300w, https:\/\/mppee.gob.ve\/wp-content\/uploads\/2022\/04\/Analizan-avances-del-Plan-Estrat\u00e9gico-del-SEN-2022-4-768x530.jpg 768w, https:\/\/mppee.gob.ve\/wp-content\/uploads\/2022\/04\/Analizan-avances-del-Plan-Estrat\u00e9gico-del-SEN-2022-4-392x272.jpg 392w, https:\/\/mppee.gob.ve\/wp-content\/uploads\/2022\/04\/Analizan-avances-del-Plan-Estrat\u00e9gico-del-SEN-2022-4-130x90.jpg 130w, https:\/\/mppee.gob.ve\/wp-content\/uploads\/2022\/04\/Analizan-avances-del-Plan-Estrat\u00e9gico-del-SEN-2022-4.jpg 1014w\" sizes=\"auto, (max-width: 300px) 100vw, 300px\" \/>El vicepresidente Sectorial de Obras P\u00fablicas y Servicios, G\/J N\u00e9stor Reverol, encabez\u00f3 una videoconferencia para evaluar los avances del Plan Estrat\u00e9gico del SEN 2022, con la finalidad de\u00a0 garantizar la confiabilidad y optimizaci\u00f3n del servicio el\u00e9ctrico en el pa\u00eds.<\/p>\n<p>Mediante una publicaci\u00f3n en la red social Instagram @reverolnestor explic\u00f3 que <strong>\u201centre los temas abordados revisamos las acciones que venimos ejecutando para el impulso en las \u00e1reas de comercializaci\u00f3n de Corpoelec, el mantenimiento correctivo y preventivo en las infraestructuras el\u00e9ctricas y el bienestar laboral y social de nuestra fuerza trabajadora\u201d.<\/strong><\/p>\n<p><img loading=\"lazy\" decoding=\"async\" class=\"size-medium wp-image-86810 alignright\" src=\"http:\/\/10.200.87.50\/mppee\/wp-content\/uploads\/2022\/04\/Analizan-avances-del-Plan-Estrat\u00e9gico-del-SEN-2022-3-300x137.jpg\" alt=\"\" width=\"300\" height=\"137\" srcset=\"https:\/\/mppee.gob.ve\/wp-content\/uploads\/2022\/04\/Analizan-avances-del-Plan-Estrat\u00e9gico-del-SEN-2022-3-300x137.jpg 300w, https:\/\/mppee.gob.ve\/wp-content\/uploads\/2022\/04\/Analizan-avances-del-Plan-Estrat\u00e9gico-del-SEN-2022-3-1024x466.jpg 1024w, https:\/\/mppee.gob.ve\/wp-content\/uploads\/2022\/04\/Analizan-avances-del-Plan-Estrat\u00e9gico-del-SEN-2022-3-768x350.jpg 768w, https:\/\/mppee.gob.ve\/wp-content\/uploads\/2022\/04\/Analizan-avances-del-Plan-Estrat\u00e9gico-del-SEN-2022-3.jpg 1080w\" sizes=\"auto, (max-width: 300px) 100vw, 300px\" \/>El tambi\u00e9n titular del Ministerio del Poder Popular para la Energ\u00eda El\u00e9ctrica, asegur\u00f3 que con la implementaci\u00f3n de esta estrategia y la experiencia de la fuerza trabajadora de la Corporaci\u00f3n Nacional El\u00e9ctrica, se demuestra el compromiso con el pueblo venezolano.<\/p>\n<p>\u201cContinuaremos con los proyectos necesarios que nos permitan seguir llevando la energ\u00eda a cada hogar venezolano\u201d, puntualiz\u00f3 Reverol Torres.<\/p>\n<p><strong>Prensa Vpsops<\/strong><\/p>\n<p><img loading=\"lazy\" decoding=\"async\" class=\"alignnone wp-image-86809 size-full\" src=\"http:\/\/10.200.87.50\/mppee\/wp-content\/uploads\/2022\/04\/Analizan-avances-del-Plan-Estrat\u00e9gico-del-SEN-2022-2.jpg\" alt=\"\" width=\"1014\" height=\"700\" srcset=\"https:\/\/mppee.gob.ve\/wp-content\/uploads\/2022\/04\/Analizan-avances-del-Plan-Estrat\u00e9gico-del-SEN-2022-2.jpg 1014w, https:\/\/mppee.gob.ve\/wp-content\/uploads\/2022\/04\/Analizan-avances-del-Plan-Estrat\u00e9gico-del-SEN-2022-2-300x207.jpg 300w, https:\/\/mppee.gob.ve\/wp-content\/uploads\/2022\/04\/Analizan-avances-del-Plan-Estrat\u00e9gico-del-SEN-2022-2-768x530.jpg 768w, https:\/\/mppee.gob.ve\/wp-content\/uploads\/2022\/04\/Analizan-avances-del-Plan-Estrat\u00e9gico-del-SEN-2022-2-392x272.jpg 392w, https:\/\/mppee.gob.ve\/wp-content\/uploads\/2022\/04\/Analizan-avances-del-Plan-Estrat\u00e9gico-del-SEN-2022-2-130x90.jpg 130w\" sizes=\"auto, (max-width: 1014px) 100vw, 1014px\" \/><\/p>\n","protected":false},"excerpt":{"rendered":"<p>El vicepresidente Sectorial de Obras P\u00fablicas y Servicios, G\/J N\u00e9stor Reverol, encabez\u00f3 una videoconferencia para evaluar los avances del Plan<\/p>\n","protected":false},"author":12,"featured_media":86808,"comment_status":"open","ping_status":"open","sticky":false,"template":"","format":"standard","meta":{"footnotes":""},"categories":[15],"tags":[11,327],"class_list":["post-86807","post","type-post","status-publish","format-standard","has-post-thumbnail","hentry","category-nacionales","tag-mppee","tag-vsops"],"_links":{"self":[{"href":"https:\/\/mppee.gob.ve\/index.php?rest_route=\/wp\/v2\/posts\/86807","targetHints":{"allow":["GET"]}}],"collection":[{"href":"https:\/\/mppee.gob.ve\/index.php?rest_route=\/wp\/v2\/posts"}],"about":[{"href":"https:\/\/mppee.gob.ve\/index.php?rest_route=\/wp\/v2\/types\/post"}],"author":[{"embeddable":true,"href":"https:\/\/mppee.gob.ve\/index.php?rest_route=\/wp\/v2\/users\/12"}],"replies":[{"embeddable":true,"href":"https:\/\/mppee.gob.ve\/index.php?rest_route=%2Fwp%2Fv2%2Fcomments&post=86807"}],"version-history":[{"count":1,"href":"https:\/\/mppee.gob.ve\/index.php?rest_route=\/wp\/v2\/posts\/86807\/revisions"}],"predecessor-version":[{"id":86812,"href":"https:\/\/mppee.gob.ve\/index.php?rest_route=\/wp\/v2\/posts\/86807\/revisions\/86812"}],"wp:featuredmedia":[{"embeddable":true,"href":"https:\/\/mppee.gob.ve\/index.php?rest_route=\/wp\/v2\/media\/86808"}],"wp:attachment":[{"href":"https:\/\/mppee.gob.ve\/index.php?rest_route=%2Fwp%2Fv2%2Fmedia&parent=86807"}],"wp:term":[{"taxonomy":"category","embeddable":true,"href":"https:\/\/mppee.gob.ve\/index.php?rest_route=%2Fwp%2Fv2%2Fcategories&post=86807"},{"taxonomy":"post_tag","embeddable":true,"href":"https:\/\/mppee.gob.ve\/index.php?rest_route=%2Fwp%2Fv2%2Ftags&post=86807"}],"curies":[{"name":"wp","href":"https:\/\/api.w.org\/{rel}","templated":true}]}}