{"id":86813,"date":"2022-04-22T13:30:00","date_gmt":"2022-04-22T13:30:00","guid":{"rendered":"http:\/\/10.200.87.50\/mppee\/?p=86813"},"modified":"2022-04-25T13:39:17","modified_gmt":"2022-04-25T13:39:17","slug":"rehabilitan-area-de-emergencia-del-hospital-universitario-antonio-patricio-alcala-en-cumana","status":"publish","type":"post","link":"https:\/\/mppee.gob.ve\/?p=86813","title":{"rendered":"Rehabilitan \u00e1rea de emergencia del Hospital Universitario \u201cAntonio Patricio Alcal\u00e1\u201d en Cuman\u00e1"},"content":{"rendered":"<p style=\"text-align: justify;\"><img loading=\"lazy\" decoding=\"async\" class=\"size-medium wp-image-86820 alignleft\" src=\"http:\/\/10.200.87.50\/mppee\/wp-content\/uploads\/2022\/04\/Rehabilitan-\u00e1rea-de-emergencia-del-Hospital-Universitario-\u201cAntonio-Patricio-Alcal\u00e1\u201d-en-Cuman\u00e1-7-300x200.jpg\" alt=\"\" width=\"300\" height=\"200\" srcset=\"https:\/\/mppee.gob.ve\/wp-content\/uploads\/2022\/04\/Rehabilitan-\u00e1rea-de-emergencia-del-Hospital-Universitario-\u201cAntonio-Patricio-Alcal\u00e1\u201d-en-Cuman\u00e1-7-300x200.jpg 300w, https:\/\/mppee.gob.ve\/wp-content\/uploads\/2022\/04\/Rehabilitan-\u00e1rea-de-emergencia-del-Hospital-Universitario-\u201cAntonio-Patricio-Alcal\u00e1\u201d-en-Cuman\u00e1-7-768x512.jpg 768w, https:\/\/mppee.gob.ve\/wp-content\/uploads\/2022\/04\/Rehabilitan-\u00e1rea-de-emergencia-del-Hospital-Universitario-\u201cAntonio-Patricio-Alcal\u00e1\u201d-en-Cuman\u00e1-7.jpg 1024w\" sizes=\"auto, (max-width: 300px) 100vw, 300px\" \/>El vicepresidente Sectorial de Obras P\u00fablicas y Servicios, G\/J N\u00e9stor Reverol, anunci\u00f3 la rehabilitaci\u00f3n del \u00e1rea de emergencia del Hospital Universitario <strong>\u201cAntonio Patricio Alcal\u00e1\u201d<\/strong> en Cuman\u00e1, durante la instalaci\u00f3n del Congreso Nacional de Servicios P\u00fablicos, cap\u00edtulo Sucre.<\/p>\n<p>Acompa\u00f1ado del gobernador Gilberto Pinto y representantes de la Asamblea Nacional, se\u00f1al\u00f3 que desarrollan el plan de mantenimiento preventivo a las quebradas, r\u00edos, torrentes, as\u00ed como en la recuperaci\u00f3n de la avenida Universidad de Cuman\u00e1 y de 15 canchas deportivas. Igualmente, el plan de mitigaci\u00f3n de riesgo en la quebrada \u201cBoca de Sabana\u201d, obra que incluye limpieza, saneamiento y recolecci\u00f3n de sedimentos.<\/p>\n<p><img loading=\"lazy\" decoding=\"async\" class=\"size-medium wp-image-86819 alignright\" src=\"http:\/\/10.200.87.50\/mppee\/wp-content\/uploads\/2022\/04\/Rehabilitan-\u00e1rea-de-emergencia-del-Hospital-Universitario-\u201cAntonio-Patricio-Alcal\u00e1\u201d-en-Cuman\u00e1-6-300x200.jpg\" alt=\"\" width=\"300\" height=\"200\" srcset=\"https:\/\/mppee.gob.ve\/wp-content\/uploads\/2022\/04\/Rehabilitan-\u00e1rea-de-emergencia-del-Hospital-Universitario-\u201cAntonio-Patricio-Alcal\u00e1\u201d-en-Cuman\u00e1-6-300x200.jpg 300w, https:\/\/mppee.gob.ve\/wp-content\/uploads\/2022\/04\/Rehabilitan-\u00e1rea-de-emergencia-del-Hospital-Universitario-\u201cAntonio-Patricio-Alcal\u00e1\u201d-en-Cuman\u00e1-6-768x512.jpg 768w, https:\/\/mppee.gob.ve\/wp-content\/uploads\/2022\/04\/Rehabilitan-\u00e1rea-de-emergencia-del-Hospital-Universitario-\u201cAntonio-Patricio-Alcal\u00e1\u201d-en-Cuman\u00e1-6.jpg 1024w\" sizes=\"auto, (max-width: 300px) 100vw, 300px\" \/>Destac\u00f3 que se est\u00e1 rehabilitando la Planta de Aguas Servidas El Guapo, la recuperaci\u00f3n del Sistema Cancarumere y del acueducto El Chuare. <strong>\u201cAsimismo, entregaremos 1.500 metros de tuber\u00eda para la aducci\u00f3n de fugas al sistema El Carupanero, as\u00ed como, la recuperaci\u00f3n de la Planta Potabilizadora El Cord\u00f3n de Cariaco y de la estaci\u00f3n de bombeo Turimiquire\u201d<\/strong>, asegur\u00f3 el General en Jefe.<\/p>\n<p>El Vicepresidente de Servicios indic\u00f3 que se otorgar\u00e1n 1.500 nuevos cilindros de gas dom\u00e9stico, para ser distribuidos en las zonas priorizadas, y se conectaron m\u00e1s de 170 familias a las tuber\u00edas de gas directo.<\/p>\n<p><strong>\u201cEn el tema de transporte, estamos activando las taquillas de pasaje automatizado en los municipios Bol\u00edvar, Mej\u00eda, Berm\u00fadez y Sucre. Trabajamos para el reordenamiento del transporte p\u00fablico, adem\u00e1s de las jornadas de servicios para transportistas VeTicket\u201d,<\/strong> explic\u00f3.<\/p>\n<p><img loading=\"lazy\" decoding=\"async\" class=\"size-medium wp-image-86817 alignleft\" src=\"http:\/\/10.200.87.50\/mppee\/wp-content\/uploads\/2022\/04\/Rehabilitan-\u00e1rea-de-emergencia-del-Hospital-Universitario-\u201cAntonio-Patricio-Alcal\u00e1\u201d-en-Cuman\u00e1-4-300x200.jpg\" alt=\"\" width=\"300\" height=\"200\" srcset=\"https:\/\/mppee.gob.ve\/wp-content\/uploads\/2022\/04\/Rehabilitan-\u00e1rea-de-emergencia-del-Hospital-Universitario-\u201cAntonio-Patricio-Alcal\u00e1\u201d-en-Cuman\u00e1-4-300x200.jpg 300w, https:\/\/mppee.gob.ve\/wp-content\/uploads\/2022\/04\/Rehabilitan-\u00e1rea-de-emergencia-del-Hospital-Universitario-\u201cAntonio-Patricio-Alcal\u00e1\u201d-en-Cuman\u00e1-4-768x512.jpg 768w, https:\/\/mppee.gob.ve\/wp-content\/uploads\/2022\/04\/Rehabilitan-\u00e1rea-de-emergencia-del-Hospital-Universitario-\u201cAntonio-Patricio-Alcal\u00e1\u201d-en-Cuman\u00e1-4.jpg 1024w\" sizes=\"auto, (max-width: 300px) 100vw, 300px\" \/>Tambi\u00e9n en coordinaci\u00f3n de Hidrocaribe y con la gobernaci\u00f3n del estado se han iniciado los trabajos de rehabilitaci\u00f3n para corregir las fallas de borde en las v\u00edas Santa Fe &#8211; El Turimiquire, de la parroquia Ra\u00fal Leoni.<\/p>\n<p>Igualmente, en la regi\u00f3n se activar\u00e1 el Plan Recicla para tener un cronograma de reciclaje que lleva el Ministerio del Poder Popular para el Ecosocialismo, al igual que el Plan Nacional de Reforestaci\u00f3n con m\u00e1s de 346 mil tipos de plantas, y la conformaci\u00f3n de las Mesas T\u00e9cnicas de Reciclaje y Aseo (Metras).<\/p>\n<p><strong>\u201cAdecuaremos los cuatro vertederos, y llevaremos proyectos al Consejo Federal de Gobierno para la recuperaci\u00f3n de los camiones compactadores de basura\u201d<\/strong>, dijo Reverol.<\/p>\n<p><img loading=\"lazy\" decoding=\"async\" class=\"size-medium wp-image-86816 alignright\" src=\"http:\/\/10.200.87.50\/mppee\/wp-content\/uploads\/2022\/04\/Rehabilitan-\u00e1rea-de-emergencia-del-Hospital-Universitario-\u201cAntonio-Patricio-Alcal\u00e1\u201d-en-Cuman\u00e1-3-300x200.jpg\" alt=\"\" width=\"300\" height=\"200\" srcset=\"https:\/\/mppee.gob.ve\/wp-content\/uploads\/2022\/04\/Rehabilitan-\u00e1rea-de-emergencia-del-Hospital-Universitario-\u201cAntonio-Patricio-Alcal\u00e1\u201d-en-Cuman\u00e1-3-300x200.jpg 300w, https:\/\/mppee.gob.ve\/wp-content\/uploads\/2022\/04\/Rehabilitan-\u00e1rea-de-emergencia-del-Hospital-Universitario-\u201cAntonio-Patricio-Alcal\u00e1\u201d-en-Cuman\u00e1-3-768x512.jpg 768w, https:\/\/mppee.gob.ve\/wp-content\/uploads\/2022\/04\/Rehabilitan-\u00e1rea-de-emergencia-del-Hospital-Universitario-\u201cAntonio-Patricio-Alcal\u00e1\u201d-en-Cuman\u00e1-3.jpg 1024w\" sizes=\"auto, (max-width: 300px) 100vw, 300px\" \/>Finalmente, en el tema de telecomunicaciones anunci\u00f3 que 306 instituciones educativas formar\u00e1n parte del programa \u201cEscuelas Conectadas\u201d de Cantv, que contar\u00e1n con servicio de Internet; y la nueva inclusi\u00f3n de 1.499 servicios de voz y datos a hogares, empresas p\u00fablicas y privadas.<\/p>\n<p><strong>Prensa Vpsops<\/strong><\/p>\n<p><img loading=\"lazy\" decoding=\"async\" class=\"alignnone wp-image-86815 size-full\" src=\"http:\/\/10.200.87.50\/mppee\/wp-content\/uploads\/2022\/04\/Rehabilitan-\u00e1rea-de-emergencia-del-Hospital-Universitario-\u201cAntonio-Patricio-Alcal\u00e1\u201d-en-Cuman\u00e1-2.jpg\" alt=\"\" width=\"1024\" height=\"683\" srcset=\"https:\/\/mppee.gob.ve\/wp-content\/uploads\/2022\/04\/Rehabilitan-\u00e1rea-de-emergencia-del-Hospital-Universitario-\u201cAntonio-Patricio-Alcal\u00e1\u201d-en-Cuman\u00e1-2.jpg 1024w, https:\/\/mppee.gob.ve\/wp-content\/uploads\/2022\/04\/Rehabilitan-\u00e1rea-de-emergencia-del-Hospital-Universitario-\u201cAntonio-Patricio-Alcal\u00e1\u201d-en-Cuman\u00e1-2-300x200.jpg 300w, https:\/\/mppee.gob.ve\/wp-content\/uploads\/2022\/04\/Rehabilitan-\u00e1rea-de-emergencia-del-Hospital-Universitario-\u201cAntonio-Patricio-Alcal\u00e1\u201d-en-Cuman\u00e1-2-768x512.jpg 768w\" sizes=\"auto, (max-width: 1024px) 100vw, 1024px\" \/> <img loading=\"lazy\" decoding=\"async\" class=\"alignnone wp-image-86814 size-full\" src=\"http:\/\/10.200.87.50\/mppee\/wp-content\/uploads\/2022\/04\/Rehabilitan-\u00e1rea-de-emergencia-del-Hospital-Universitario-\u201cAntonio-Patricio-Alcal\u00e1\u201d-en-Cuman\u00e1-1.jpg\" alt=\"\" width=\"1024\" height=\"683\" srcset=\"https:\/\/mppee.gob.ve\/wp-content\/uploads\/2022\/04\/Rehabilitan-\u00e1rea-de-emergencia-del-Hospital-Universitario-\u201cAntonio-Patricio-Alcal\u00e1\u201d-en-Cuman\u00e1-1.jpg 1024w, https:\/\/mppee.gob.ve\/wp-content\/uploads\/2022\/04\/Rehabilitan-\u00e1rea-de-emergencia-del-Hospital-Universitario-\u201cAntonio-Patricio-Alcal\u00e1\u201d-en-Cuman\u00e1-1-300x200.jpg 300w, https:\/\/mppee.gob.ve\/wp-content\/uploads\/2022\/04\/Rehabilitan-\u00e1rea-de-emergencia-del-Hospital-Universitario-\u201cAntonio-Patricio-Alcal\u00e1\u201d-en-Cuman\u00e1-1-768x512.jpg 768w\" sizes=\"auto, (max-width: 1024px) 100vw, 1024px\" \/><\/p>\n","protected":false},"excerpt":{"rendered":"<p>El vicepresidente Sectorial de Obras P\u00fablicas y Servicios, G\/J N\u00e9stor Reverol, anunci\u00f3 la rehabilitaci\u00f3n del \u00e1rea de emergencia del Hospital<\/p>\n","protected":false},"author":12,"featured_media":86818,"comment_status":"open","ping_status":"open","sticky":false,"template":"","format":"standard","meta":{"footnotes":""},"categories":[30],"tags":[327],"class_list":["post-86813","post","type-post","status-publish","format-standard","has-post-thumbnail","hentry","category-regionales","tag-vsops"],"_links":{"self":[{"href":"https:\/\/mppee.gob.ve\/index.php?rest_route=\/wp\/v2\/posts\/86813","targetHints":{"allow":["GET"]}}],"collection":[{"href":"https:\/\/mppee.gob.ve\/index.php?rest_route=\/wp\/v2\/posts"}],"about":[{"href":"https:\/\/mppee.gob.ve\/index.php?rest_route=\/wp\/v2\/types\/post"}],"author":[{"embeddable":true,"href":"https:\/\/mppee.gob.ve\/index.php?rest_route=\/wp\/v2\/users\/12"}],"replies":[{"embeddable":true,"href":"https:\/\/mppee.gob.ve\/index.php?rest_route=%2Fwp%2Fv2%2Fcomments&post=86813"}],"version-history":[{"count":1,"href":"https:\/\/mppee.gob.ve\/index.php?rest_route=\/wp\/v2\/posts\/86813\/revisions"}],"predecessor-version":[{"id":86821,"href":"https:\/\/mppee.gob.ve\/index.php?rest_route=\/wp\/v2\/posts\/86813\/revisions\/86821"}],"wp:featuredmedia":[{"embeddable":true,"href":"https:\/\/mppee.gob.ve\/index.php?rest_route=\/wp\/v2\/media\/86818"}],"wp:attachment":[{"href":"https:\/\/mppee.gob.ve\/index.php?rest_route=%2Fwp%2Fv2%2Fmedia&parent=86813"}],"wp:term":[{"taxonomy":"category","embeddable":true,"href":"https:\/\/mppee.gob.ve\/index.php?rest_route=%2Fwp%2Fv2%2Fcategories&post=86813"},{"taxonomy":"post_tag","embeddable":true,"href":"https:\/\/mppee.gob.ve\/index.php?rest_route=%2Fwp%2Fv2%2Ftags&post=86813"}],"curies":[{"name":"wp","href":"https:\/\/api.w.org\/{rel}","templated":true}]}}