{"id":86867,"date":"2022-04-29T13:46:00","date_gmt":"2022-04-29T13:46:00","guid":{"rendered":"http:\/\/10.200.87.50\/mppee\/?p=86867"},"modified":"2022-05-02T13:53:07","modified_gmt":"2022-05-02T13:53:07","slug":"instalan-mini-planta-de-gas-licuado-de-petroleo-en-santa-elena-de-uairen","status":"publish","type":"post","link":"https:\/\/mppee.gob.ve\/?p=86867","title":{"rendered":"Instalan mini Planta de Gas Licuado de Petr\u00f3leo en Santa Elena de Uair\u00e9n"},"content":{"rendered":"<p style=\"text-align: justify;\"><img loading=\"lazy\" decoding=\"async\" class=\"size-medium wp-image-86876 alignleft\" src=\"http:\/\/10.200.87.50\/mppee\/wp-content\/uploads\/2022\/05\/Congreso-Nacional-de-Servicios-P\u00fablicos-cap\u00edtulo-Bol\u00edvar-9-300x168.jpg\" alt=\"\" width=\"300\" height=\"168\" srcset=\"https:\/\/mppee.gob.ve\/wp-content\/uploads\/2022\/05\/Congreso-Nacional-de-Servicios-P\u00fablicos-cap\u00edtulo-Bol\u00edvar-9-300x168.jpg 300w, https:\/\/mppee.gob.ve\/wp-content\/uploads\/2022\/05\/Congreso-Nacional-de-Servicios-P\u00fablicos-cap\u00edtulo-Bol\u00edvar-9-768x431.jpg 768w, https:\/\/mppee.gob.ve\/wp-content\/uploads\/2022\/05\/Congreso-Nacional-de-Servicios-P\u00fablicos-cap\u00edtulo-Bol\u00edvar-9-800x445.jpg 800w, https:\/\/mppee.gob.ve\/wp-content\/uploads\/2022\/05\/Congreso-Nacional-de-Servicios-P\u00fablicos-cap\u00edtulo-Bol\u00edvar-9.jpg 1024w\" sizes=\"auto, (max-width: 300px) 100vw, 300px\" \/>El vicepresidente Sectorial de Obras P\u00fablicas y Servicios, G\/J N\u00e9stor Reverol, anunci\u00f3 la puesta en marcha de una mini Planta de Gas Licuado de Petr\u00f3leo en Santa Elena de Uair\u00e9n, estado Bol\u00edvar, como parte de las victorias tempranas obtenidas durante la instalaci\u00f3n del Congreso Nacional de Servicios P\u00fablicos en la entidad.<\/p>\n<p><strong>\u201cUn total de 1.100 cilindros de Gas Licuado de Petr\u00f3leo hemos entregado a Gas Bol\u00edvar, junto a una Unidad M\u00f3vil que suministrar\u00e1 el llenado de 2 mil bombonas por d\u00eda, \u00a0para ser distribuidas de manera itinerante en las comunidades for\u00e1neas\u201d<\/strong>, inform\u00f3.<\/p>\n<p>Asimismo, destac\u00f3 que se dar\u00e1 inicio al plan de recuperaci\u00f3n de la flota primaria y secundaria, as\u00ed como el mantenimiento de los centros de suministros de este servicio.<\/p>\n<p><img loading=\"lazy\" decoding=\"async\" class=\"size-medium wp-image-86875 alignright\" src=\"http:\/\/10.200.87.50\/mppee\/wp-content\/uploads\/2022\/05\/Congreso-Nacional-de-Servicios-P\u00fablicos-cap\u00edtulo-Bol\u00edvar-8-300x200.jpg\" alt=\"\" width=\"300\" height=\"200\" srcset=\"https:\/\/mppee.gob.ve\/wp-content\/uploads\/2022\/05\/Congreso-Nacional-de-Servicios-P\u00fablicos-cap\u00edtulo-Bol\u00edvar-8-300x200.jpg 300w, https:\/\/mppee.gob.ve\/wp-content\/uploads\/2022\/05\/Congreso-Nacional-de-Servicios-P\u00fablicos-cap\u00edtulo-Bol\u00edvar-8-768x512.jpg 768w, https:\/\/mppee.gob.ve\/wp-content\/uploads\/2022\/05\/Congreso-Nacional-de-Servicios-P\u00fablicos-cap\u00edtulo-Bol\u00edvar-8.jpg 1024w\" sizes=\"auto, (max-width: 300px) 100vw, 300px\" \/>En materia de agua, el General en Jefe, detall\u00f3 que trabajan en la interconexi\u00f3n del acueducto suroeste-Puerto Ordaz, e inform\u00f3 que <strong>\u00a0\u201cestamos entregando 50 motores y bombas, para la rehabilitaci\u00f3n de pozos profundos en los 11 municipios del estado, adem\u00e1s de un plan de eliminaci\u00f3n de tomas ilegales y correcci\u00f3n de fugas para la estabilizaci\u00f3n de los sistemas de acueductos\u201d<\/strong>, afirm\u00f3.<\/p>\n<p>En el tema de transporte, inform\u00f3 la recuperaci\u00f3n de 59 unidades de transporte p\u00fablico, y la \u00a0apertura de una nueva ruta a\u00e9rea, a fin de fomentar los vuelos nacionales e internacionales.<\/p>\n<p>Reverol Torres, inform\u00f3 acerca de los trabajos de \u00a0recuperaci\u00f3n en \u00a0la \u00a0Troncal N\u00b0 10, la cual conecta diversos municipios del estado Bol\u00edvar, as\u00ed como la rehabilitaci\u00f3n de 15 canchas deportivas.<\/p>\n<p><img loading=\"lazy\" decoding=\"async\" class=\"size-medium wp-image-86874 alignleft\" src=\"http:\/\/10.200.87.50\/mppee\/wp-content\/uploads\/2022\/05\/Congreso-Nacional-de-Servicios-P\u00fablicos-cap\u00edtulo-Bol\u00edvar-7-300x221.jpg\" alt=\"\" width=\"300\" height=\"221\" srcset=\"https:\/\/mppee.gob.ve\/wp-content\/uploads\/2022\/05\/Congreso-Nacional-de-Servicios-P\u00fablicos-cap\u00edtulo-Bol\u00edvar-7-300x221.jpg 300w, https:\/\/mppee.gob.ve\/wp-content\/uploads\/2022\/05\/Congreso-Nacional-de-Servicios-P\u00fablicos-cap\u00edtulo-Bol\u00edvar-7-768x567.jpg 768w, https:\/\/mppee.gob.ve\/wp-content\/uploads\/2022\/05\/Congreso-Nacional-de-Servicios-P\u00fablicos-cap\u00edtulo-Bol\u00edvar-7.jpg 1024w\" sizes=\"auto, (max-width: 300px) 100vw, 300px\" \/>Con relaci\u00f3n al tema de Ecosocialismo, inform\u00f3 sobre la conformaci\u00f3n de Mesas T\u00e9cnicas de Reciclaje y Aseo (Metras); al igual que el mantenimiento de 11 rellenos sanitarios y la revisi\u00f3n de los vertederos de desechos s\u00f3lidos.<\/p>\n<p>Anunci\u00f3 tambi\u00e9n <strong>\u201cla atenci\u00f3n de 33 mil aver\u00edas y la conexi\u00f3n a Internet de 300 centros educativos con el programa Escuelas Conectadas\u201d.<\/strong><\/p>\n<p>Durante el desarrollo del Congreso de Servicios P\u00fablicos, cap\u00edtulo Bol\u00edvar, el General en Jefe, N\u00e9stor Reverol, est\u00e1 acompa\u00f1ado de 52 funcionarios y funcionarias de la Vicepresidencia de Obras P\u00fablicas y Servicios y de 16 diputados de la Comisi\u00f3n de Administraci\u00f3n y Servicios de la Asamblea Nacional, quienes debaten la agenda de acci\u00f3n concreta y las victorias tempranas en materia de servicios b\u00e1sicos, junto al gobernador de la entidad, \u00c1ngel Marcano, los 11 alcaldes y representantes de los 2 mil 505 consejos comunales.<\/p>\n<p><strong>Prensa Vsops<\/strong><\/p>\n<figure id=\"attachment_86871\" aria-describedby=\"caption-attachment-86871\" style=\"width: 1024px\" class=\"wp-caption alignnone\"><img loading=\"lazy\" decoding=\"async\" class=\"wp-image-86871 size-full\" src=\"http:\/\/10.200.87.50\/mppee\/wp-content\/uploads\/2022\/05\/Congreso-Nacional-de-Servicios-P\u00fablicos-cap\u00edtulo-Bol\u00edvar-4.jpg\" alt=\"\" width=\"1024\" height=\"683\" srcset=\"https:\/\/mppee.gob.ve\/wp-content\/uploads\/2022\/05\/Congreso-Nacional-de-Servicios-P\u00fablicos-cap\u00edtulo-Bol\u00edvar-4.jpg 1024w, https:\/\/mppee.gob.ve\/wp-content\/uploads\/2022\/05\/Congreso-Nacional-de-Servicios-P\u00fablicos-cap\u00edtulo-Bol\u00edvar-4-300x200.jpg 300w, https:\/\/mppee.gob.ve\/wp-content\/uploads\/2022\/05\/Congreso-Nacional-de-Servicios-P\u00fablicos-cap\u00edtulo-Bol\u00edvar-4-768x512.jpg 768w\" sizes=\"auto, (max-width: 1024px) 100vw, 1024px\" \/><figcaption id=\"caption-attachment-86871\" class=\"wp-caption-text\">Vicepresidente Sectorial de Obras P\u00fablicas y Servicios, G\/J N\u00e9stor Reverol<\/figcaption><\/figure>\n<p><img loading=\"lazy\" decoding=\"async\" class=\"alignnone wp-image-86869 size-full\" src=\"http:\/\/10.200.87.50\/mppee\/wp-content\/uploads\/2022\/05\/Congreso-Nacional-de-Servicios-P\u00fablicos-cap\u00edtulo-Bol\u00edvar-2.jpg\" alt=\"\" width=\"1024\" height=\"683\" srcset=\"https:\/\/mppee.gob.ve\/wp-content\/uploads\/2022\/05\/Congreso-Nacional-de-Servicios-P\u00fablicos-cap\u00edtulo-Bol\u00edvar-2.jpg 1024w, https:\/\/mppee.gob.ve\/wp-content\/uploads\/2022\/05\/Congreso-Nacional-de-Servicios-P\u00fablicos-cap\u00edtulo-Bol\u00edvar-2-300x200.jpg 300w, https:\/\/mppee.gob.ve\/wp-content\/uploads\/2022\/05\/Congreso-Nacional-de-Servicios-P\u00fablicos-cap\u00edtulo-Bol\u00edvar-2-768x512.jpg 768w\" sizes=\"auto, (max-width: 1024px) 100vw, 1024px\" \/> <img loading=\"lazy\" decoding=\"async\" class=\"alignnone wp-image-86868 size-full\" src=\"http:\/\/10.200.87.50\/mppee\/wp-content\/uploads\/2022\/05\/Congreso-Nacional-de-Servicios-P\u00fablicos-cap\u00edtulo-Bol\u00edvar-1.jpg\" alt=\"\" width=\"1024\" height=\"575\" srcset=\"https:\/\/mppee.gob.ve\/wp-content\/uploads\/2022\/05\/Congreso-Nacional-de-Servicios-P\u00fablicos-cap\u00edtulo-Bol\u00edvar-1.jpg 1024w, https:\/\/mppee.gob.ve\/wp-content\/uploads\/2022\/05\/Congreso-Nacional-de-Servicios-P\u00fablicos-cap\u00edtulo-Bol\u00edvar-1-300x168.jpg 300w, https:\/\/mppee.gob.ve\/wp-content\/uploads\/2022\/05\/Congreso-Nacional-de-Servicios-P\u00fablicos-cap\u00edtulo-Bol\u00edvar-1-768x431.jpg 768w\" sizes=\"auto, (max-width: 1024px) 100vw, 1024px\" \/><\/p>\n","protected":false},"excerpt":{"rendered":"<p>El vicepresidente Sectorial de Obras P\u00fablicas y Servicios, G\/J N\u00e9stor Reverol, anunci\u00f3 la puesta en marcha de una mini Planta<\/p>\n","protected":false},"author":12,"featured_media":86872,"comment_status":"open","ping_status":"open","sticky":false,"template":"","format":"standard","meta":{"footnotes":""},"categories":[30],"tags":[],"class_list":["post-86867","post","type-post","status-publish","format-standard","has-post-thumbnail","hentry","category-regionales"],"_links":{"self":[{"href":"https:\/\/mppee.gob.ve\/index.php?rest_route=\/wp\/v2\/posts\/86867","targetHints":{"allow":["GET"]}}],"collection":[{"href":"https:\/\/mppee.gob.ve\/index.php?rest_route=\/wp\/v2\/posts"}],"about":[{"href":"https:\/\/mppee.gob.ve\/index.php?rest_route=\/wp\/v2\/types\/post"}],"author":[{"embeddable":true,"href":"https:\/\/mppee.gob.ve\/index.php?rest_route=\/wp\/v2\/users\/12"}],"replies":[{"embeddable":true,"href":"https:\/\/mppee.gob.ve\/index.php?rest_route=%2Fwp%2Fv2%2Fcomments&post=86867"}],"version-history":[{"count":1,"href":"https:\/\/mppee.gob.ve\/index.php?rest_route=\/wp\/v2\/posts\/86867\/revisions"}],"predecessor-version":[{"id":86877,"href":"https:\/\/mppee.gob.ve\/index.php?rest_route=\/wp\/v2\/posts\/86867\/revisions\/86877"}],"wp:featuredmedia":[{"embeddable":true,"href":"https:\/\/mppee.gob.ve\/index.php?rest_route=\/wp\/v2\/media\/86872"}],"wp:attachment":[{"href":"https:\/\/mppee.gob.ve\/index.php?rest_route=%2Fwp%2Fv2%2Fmedia&parent=86867"}],"wp:term":[{"taxonomy":"category","embeddable":true,"href":"https:\/\/mppee.gob.ve\/index.php?rest_route=%2Fwp%2Fv2%2Fcategories&post=86867"},{"taxonomy":"post_tag","embeddable":true,"href":"https:\/\/mppee.gob.ve\/index.php?rest_route=%2Fwp%2Fv2%2Ftags&post=86867"}],"curies":[{"name":"wp","href":"https:\/\/api.w.org\/{rel}","templated":true}]}}