{"id":86913,"date":"2022-05-04T20:58:20","date_gmt":"2022-05-04T20:58:20","guid":{"rendered":"http:\/\/10.200.87.50\/mppee\/?p=86913"},"modified":"2022-05-04T20:58:21","modified_gmt":"2022-05-04T20:58:21","slug":"trabajan-para-la-activacion-del-100-del-servicio-de-agua-en-carabobo","status":"publish","type":"post","link":"https:\/\/mppee.gob.ve\/?p=86913","title":{"rendered":"Trabajan para la activaci\u00f3n del 100% del servicio de agua en Carabobo"},"content":{"rendered":"<p style=\"text-align: justify;\"><img loading=\"lazy\" decoding=\"async\" class=\"size-medium wp-image-86928 alignleft\" src=\"http:\/\/10.200.87.50\/mppee\/wp-content\/uploads\/2022\/05\/Trabajan-para-la-activaci\u00f3n-del-100-del-servicio-de-agua-en-Carabobo-15-300x197.jpeg\" alt=\"\" width=\"300\" height=\"197\" srcset=\"https:\/\/mppee.gob.ve\/wp-content\/uploads\/2022\/05\/Trabajan-para-la-activaci\u00f3n-del-100-del-servicio-de-agua-en-Carabobo-15-300x197.jpeg 300w, https:\/\/mppee.gob.ve\/wp-content\/uploads\/2022\/05\/Trabajan-para-la-activaci\u00f3n-del-100-del-servicio-de-agua-en-Carabobo-15-1024x671.jpeg 1024w, https:\/\/mppee.gob.ve\/wp-content\/uploads\/2022\/05\/Trabajan-para-la-activaci\u00f3n-del-100-del-servicio-de-agua-en-Carabobo-15-768x503.jpeg 768w, https:\/\/mppee.gob.ve\/wp-content\/uploads\/2022\/05\/Trabajan-para-la-activaci\u00f3n-del-100-del-servicio-de-agua-en-Carabobo-15.jpeg 1080w\" sizes=\"auto, (max-width: 300px) 100vw, 300px\" \/>El vicepresidente Sectorial de Obras P\u00fablicas y Servicios, G\/J N\u00e9stor Reverol, inform\u00f3 que pr\u00f3ximamente se completar\u00e1 la rehabilitaci\u00f3n de la segunda l\u00ednea del Sistema de Embalse Pao \u2013 Cachinche, para tener seis l\u00edneas activas que permitir\u00e1 mejorar el servicio de agua casi en un 100% en el estado Carabobo.<br \/>\n<strong>\u00a0<\/strong><br \/>\n<strong>\u201cTambi\u00e9n vamos a recuperar la cuarta l\u00ednea de la Estaci\u00f3n de Bombeo Guacara; el presidente de la Rep\u00fablica, Nicol\u00e1s Maduro, ha aprobado importantes recursos para la recuperaci\u00f3n, a trav\u00e9s de Hidrocentro, de estos sistemas de bombeo\u201d,<\/strong> dijo Reverol Torres, acompa\u00f1ado por el gobernador de la entidad, Rafael Lacava.<\/p>\n<p>Asegur\u00f3, que tambi\u00e9n se entregar\u00e1n 40 motores y bombas para la rehabilitaci\u00f3n de 40 pozos profundos en los 14 municipios de la entidad central.<\/p>\n<p><strong><img loading=\"lazy\" decoding=\"async\" class=\"size-medium wp-image-86926 alignright\" src=\"http:\/\/10.200.87.50\/mppee\/wp-content\/uploads\/2022\/05\/Trabajan-para-la-activaci\u00f3n-del-100-del-servicio-de-agua-en-Carabobo-13-300x244.jpeg\" alt=\"\" width=\"300\" height=\"244\" srcset=\"https:\/\/mppee.gob.ve\/wp-content\/uploads\/2022\/05\/Trabajan-para-la-activaci\u00f3n-del-100-del-servicio-de-agua-en-Carabobo-13-300x244.jpeg 300w, https:\/\/mppee.gob.ve\/wp-content\/uploads\/2022\/05\/Trabajan-para-la-activaci\u00f3n-del-100-del-servicio-de-agua-en-Carabobo-13-768x626.jpeg 768w, https:\/\/mppee.gob.ve\/wp-content\/uploads\/2022\/05\/Trabajan-para-la-activaci\u00f3n-del-100-del-servicio-de-agua-en-Carabobo-13.jpeg 1024w\" sizes=\"auto, (max-width: 300px) 100vw, 300px\" \/>\u201cActivaremos dos tiendas de transportistas para seguir colaborando con los m\u00e1s de 10 mil hombres y mujeres pertenecientes a este gremio en Carabobo. Adem\u00e1s, avanzamos en el proyecto del Ferrocarril Ezequiel Zamora, que est\u00e1 en la fase de Puerto Cabello \u2013 La Encrucijada, junto al personal del Metro de Caracas y del Instituto de Ferrocarriles del Estado (IFE)\u201d<\/strong>, afirm\u00f3 el Vicepresidente de Servicios.<\/p>\n<p>Destac\u00f3 que se coordina el reordenamiento del transporte p\u00fablico y la rehabilitaci\u00f3n y pavimentaci\u00f3n del viaducto La Cabrera; as\u00ed como la demarcaci\u00f3n, asfaltado y alumbrado p\u00fablico en esta v\u00eda expresa.<\/p>\n<p><img loading=\"lazy\" decoding=\"async\" class=\"size-medium wp-image-86925 alignleft\" src=\"http:\/\/10.200.87.50\/mppee\/wp-content\/uploads\/2022\/05\/Trabajan-para-la-activaci\u00f3n-del-100-del-servicio-de-agua-en-Carabobo-12-300x200.jpeg\" alt=\"\" width=\"300\" height=\"200\" srcset=\"https:\/\/mppee.gob.ve\/wp-content\/uploads\/2022\/05\/Trabajan-para-la-activaci\u00f3n-del-100-del-servicio-de-agua-en-Carabobo-12-300x200.jpeg 300w, https:\/\/mppee.gob.ve\/wp-content\/uploads\/2022\/05\/Trabajan-para-la-activaci\u00f3n-del-100-del-servicio-de-agua-en-Carabobo-12-768x512.jpeg 768w, https:\/\/mppee.gob.ve\/wp-content\/uploads\/2022\/05\/Trabajan-para-la-activaci\u00f3n-del-100-del-servicio-de-agua-en-Carabobo-12.jpeg 1024w\" sizes=\"auto, (max-width: 300px) 100vw, 300px\" \/>El General en Jefe precis\u00f3 que se entregar\u00e1n m\u00e1s de mil cilindros de bombonas de gas para las comunidades organizadas, y que se trabaja para bajar los ciclos de despacho que ser\u00e1n reforzados con la instalaci\u00f3n de las miniplantas de llenado, iniciativa de la gobernaci\u00f3n, e igualmente, la revisi\u00f3n de la flota primaria, secundaria y los centros de trabajo.<\/p>\n<p>Indic\u00f3 que se instalar\u00e1n 6 mil 708 servicios de hogares, empresas p\u00fablicas y privadas; adem\u00e1s de la integraci\u00f3n de 406 instituciones educativas al programa <strong>\u201cEscuelas Conectas\u201d.<\/strong><\/p>\n<p><strong>Prensa Vpsops<\/strong><\/p>\n<figure id=\"attachment_86922\" aria-describedby=\"caption-attachment-86922\" style=\"width: 1024px\" class=\"wp-caption alignnone\"><img loading=\"lazy\" decoding=\"async\" class=\"wp-image-86922 size-full\" src=\"http:\/\/10.200.87.50\/mppee\/wp-content\/uploads\/2022\/05\/Trabajan-para-la-activaci\u00f3n-del-100-del-servicio-de-agua-en-Carabobo-9.jpeg\" alt=\"\" width=\"1024\" height=\"663\" srcset=\"https:\/\/mppee.gob.ve\/wp-content\/uploads\/2022\/05\/Trabajan-para-la-activaci\u00f3n-del-100-del-servicio-de-agua-en-Carabobo-9.jpeg 1024w, https:\/\/mppee.gob.ve\/wp-content\/uploads\/2022\/05\/Trabajan-para-la-activaci\u00f3n-del-100-del-servicio-de-agua-en-Carabobo-9-300x194.jpeg 300w, https:\/\/mppee.gob.ve\/wp-content\/uploads\/2022\/05\/Trabajan-para-la-activaci\u00f3n-del-100-del-servicio-de-agua-en-Carabobo-9-768x497.jpeg 768w\" sizes=\"auto, (max-width: 1024px) 100vw, 1024px\" \/><figcaption id=\"caption-attachment-86922\" class=\"wp-caption-text\">Vicepresidente Sectorial de Obras P\u00fablicas y Servicios, G\/J N\u00e9stor Reverol<\/figcaption><\/figure>\n<p><img loading=\"lazy\" decoding=\"async\" class=\"alignnone wp-image-86924 size-full\" src=\"http:\/\/10.200.87.50\/mppee\/wp-content\/uploads\/2022\/05\/Trabajan-para-la-activaci\u00f3n-del-100-del-servicio-de-agua-en-Carabobo-11.jpeg\" alt=\"\" width=\"1024\" height=\"821\" srcset=\"https:\/\/mppee.gob.ve\/wp-content\/uploads\/2022\/05\/Trabajan-para-la-activaci\u00f3n-del-100-del-servicio-de-agua-en-Carabobo-11.jpeg 1024w, https:\/\/mppee.gob.ve\/wp-content\/uploads\/2022\/05\/Trabajan-para-la-activaci\u00f3n-del-100-del-servicio-de-agua-en-Carabobo-11-300x241.jpeg 300w, https:\/\/mppee.gob.ve\/wp-content\/uploads\/2022\/05\/Trabajan-para-la-activaci\u00f3n-del-100-del-servicio-de-agua-en-Carabobo-11-768x616.jpeg 768w\" sizes=\"auto, (max-width: 1024px) 100vw, 1024px\" \/> <img loading=\"lazy\" decoding=\"async\" class=\"alignnone wp-image-86923 size-full\" src=\"http:\/\/10.200.87.50\/mppee\/wp-content\/uploads\/2022\/05\/Trabajan-para-la-activaci\u00f3n-del-100-del-servicio-de-agua-en-Carabobo-10.jpeg\" alt=\"\" width=\"1024\" height=\"720\" srcset=\"https:\/\/mppee.gob.ve\/wp-content\/uploads\/2022\/05\/Trabajan-para-la-activaci\u00f3n-del-100-del-servicio-de-agua-en-Carabobo-10.jpeg 1024w, https:\/\/mppee.gob.ve\/wp-content\/uploads\/2022\/05\/Trabajan-para-la-activaci\u00f3n-del-100-del-servicio-de-agua-en-Carabobo-10-300x211.jpeg 300w, https:\/\/mppee.gob.ve\/wp-content\/uploads\/2022\/05\/Trabajan-para-la-activaci\u00f3n-del-100-del-servicio-de-agua-en-Carabobo-10-768x540.jpeg 768w, https:\/\/mppee.gob.ve\/wp-content\/uploads\/2022\/05\/Trabajan-para-la-activaci\u00f3n-del-100-del-servicio-de-agua-en-Carabobo-10-130x90.jpeg 130w\" sizes=\"auto, (max-width: 1024px) 100vw, 1024px\" \/> <img loading=\"lazy\" decoding=\"async\" class=\"alignnone wp-image-86921 size-full\" src=\"http:\/\/10.200.87.50\/mppee\/wp-content\/uploads\/2022\/05\/Trabajan-para-la-activaci\u00f3n-del-100-del-servicio-de-agua-en-Carabobo-8.jpeg\" alt=\"\" width=\"1024\" height=\"696\" srcset=\"https:\/\/mppee.gob.ve\/wp-content\/uploads\/2022\/05\/Trabajan-para-la-activaci\u00f3n-del-100-del-servicio-de-agua-en-Carabobo-8.jpeg 1024w, https:\/\/mppee.gob.ve\/wp-content\/uploads\/2022\/05\/Trabajan-para-la-activaci\u00f3n-del-100-del-servicio-de-agua-en-Carabobo-8-300x204.jpeg 300w, https:\/\/mppee.gob.ve\/wp-content\/uploads\/2022\/05\/Trabajan-para-la-activaci\u00f3n-del-100-del-servicio-de-agua-en-Carabobo-8-768x522.jpeg 768w\" sizes=\"auto, (max-width: 1024px) 100vw, 1024px\" \/> <img loading=\"lazy\" decoding=\"async\" class=\"alignnone wp-image-86920 size-full\" src=\"http:\/\/10.200.87.50\/mppee\/wp-content\/uploads\/2022\/05\/Trabajan-para-la-activaci\u00f3n-del-100-del-servicio-de-agua-en-Carabobo-7.jpeg\" alt=\"\" width=\"1024\" height=\"683\" srcset=\"https:\/\/mppee.gob.ve\/wp-content\/uploads\/2022\/05\/Trabajan-para-la-activaci\u00f3n-del-100-del-servicio-de-agua-en-Carabobo-7.jpeg 1024w, https:\/\/mppee.gob.ve\/wp-content\/uploads\/2022\/05\/Trabajan-para-la-activaci\u00f3n-del-100-del-servicio-de-agua-en-Carabobo-7-300x200.jpeg 300w, https:\/\/mppee.gob.ve\/wp-content\/uploads\/2022\/05\/Trabajan-para-la-activaci\u00f3n-del-100-del-servicio-de-agua-en-Carabobo-7-768x512.jpeg 768w\" sizes=\"auto, (max-width: 1024px) 100vw, 1024px\" \/> <img loading=\"lazy\" decoding=\"async\" class=\"alignnone wp-image-86919 size-full\" src=\"http:\/\/10.200.87.50\/mppee\/wp-content\/uploads\/2022\/05\/Trabajan-para-la-activaci\u00f3n-del-100-del-servicio-de-agua-en-Carabobo-6.jpeg\" alt=\"\" width=\"1024\" height=\"683\" srcset=\"https:\/\/mppee.gob.ve\/wp-content\/uploads\/2022\/05\/Trabajan-para-la-activaci\u00f3n-del-100-del-servicio-de-agua-en-Carabobo-6.jpeg 1024w, https:\/\/mppee.gob.ve\/wp-content\/uploads\/2022\/05\/Trabajan-para-la-activaci\u00f3n-del-100-del-servicio-de-agua-en-Carabobo-6-300x200.jpeg 300w, https:\/\/mppee.gob.ve\/wp-content\/uploads\/2022\/05\/Trabajan-para-la-activaci\u00f3n-del-100-del-servicio-de-agua-en-Carabobo-6-768x512.jpeg 768w\" sizes=\"auto, (max-width: 1024px) 100vw, 1024px\" \/> <img loading=\"lazy\" decoding=\"async\" class=\"alignnone wp-image-86918 size-full\" src=\"http:\/\/10.200.87.50\/mppee\/wp-content\/uploads\/2022\/05\/Trabajan-para-la-activaci\u00f3n-del-100-del-servicio-de-agua-en-Carabobo-5.jpeg\" alt=\"\" width=\"1080\" height=\"798\" srcset=\"https:\/\/mppee.gob.ve\/wp-content\/uploads\/2022\/05\/Trabajan-para-la-activaci\u00f3n-del-100-del-servicio-de-agua-en-Carabobo-5.jpeg 1080w, https:\/\/mppee.gob.ve\/wp-content\/uploads\/2022\/05\/Trabajan-para-la-activaci\u00f3n-del-100-del-servicio-de-agua-en-Carabobo-5-300x222.jpeg 300w, https:\/\/mppee.gob.ve\/wp-content\/uploads\/2022\/05\/Trabajan-para-la-activaci\u00f3n-del-100-del-servicio-de-agua-en-Carabobo-5-1024x757.jpeg 1024w, https:\/\/mppee.gob.ve\/wp-content\/uploads\/2022\/05\/Trabajan-para-la-activaci\u00f3n-del-100-del-servicio-de-agua-en-Carabobo-5-768x567.jpeg 768w\" sizes=\"auto, (max-width: 1080px) 100vw, 1080px\" \/> <img loading=\"lazy\" decoding=\"async\" class=\"alignnone wp-image-86917 size-full\" src=\"http:\/\/10.200.87.50\/mppee\/wp-content\/uploads\/2022\/05\/Trabajan-para-la-activaci\u00f3n-del-100-del-servicio-de-agua-en-Carabobo-4.jpeg\" alt=\"\" width=\"1024\" height=\"683\" srcset=\"https:\/\/mppee.gob.ve\/wp-content\/uploads\/2022\/05\/Trabajan-para-la-activaci\u00f3n-del-100-del-servicio-de-agua-en-Carabobo-4.jpeg 1024w, https:\/\/mppee.gob.ve\/wp-content\/uploads\/2022\/05\/Trabajan-para-la-activaci\u00f3n-del-100-del-servicio-de-agua-en-Carabobo-4-300x200.jpeg 300w, https:\/\/mppee.gob.ve\/wp-content\/uploads\/2022\/05\/Trabajan-para-la-activaci\u00f3n-del-100-del-servicio-de-agua-en-Carabobo-4-768x512.jpeg 768w\" sizes=\"auto, (max-width: 1024px) 100vw, 1024px\" \/> <img loading=\"lazy\" decoding=\"async\" class=\"alignnone wp-image-86916 size-full\" src=\"http:\/\/10.200.87.50\/mppee\/wp-content\/uploads\/2022\/05\/Trabajan-para-la-activaci\u00f3n-del-100-del-servicio-de-agua-en-Carabobo-3.jpeg\" alt=\"\" width=\"1024\" height=\"683\" srcset=\"https:\/\/mppee.gob.ve\/wp-content\/uploads\/2022\/05\/Trabajan-para-la-activaci\u00f3n-del-100-del-servicio-de-agua-en-Carabobo-3.jpeg 1024w, https:\/\/mppee.gob.ve\/wp-content\/uploads\/2022\/05\/Trabajan-para-la-activaci\u00f3n-del-100-del-servicio-de-agua-en-Carabobo-3-300x200.jpeg 300w, https:\/\/mppee.gob.ve\/wp-content\/uploads\/2022\/05\/Trabajan-para-la-activaci\u00f3n-del-100-del-servicio-de-agua-en-Carabobo-3-768x512.jpeg 768w\" sizes=\"auto, (max-width: 1024px) 100vw, 1024px\" \/> <img loading=\"lazy\" decoding=\"async\" class=\"alignnone wp-image-86915 size-full\" src=\"http:\/\/10.200.87.50\/mppee\/wp-content\/uploads\/2022\/05\/Trabajan-para-la-activaci\u00f3n-del-100-del-servicio-de-agua-en-Carabobo-2.jpeg\" alt=\"\" width=\"1024\" height=\"575\" srcset=\"https:\/\/mppee.gob.ve\/wp-content\/uploads\/2022\/05\/Trabajan-para-la-activaci\u00f3n-del-100-del-servicio-de-agua-en-Carabobo-2.jpeg 1024w, https:\/\/mppee.gob.ve\/wp-content\/uploads\/2022\/05\/Trabajan-para-la-activaci\u00f3n-del-100-del-servicio-de-agua-en-Carabobo-2-300x168.jpeg 300w, https:\/\/mppee.gob.ve\/wp-content\/uploads\/2022\/05\/Trabajan-para-la-activaci\u00f3n-del-100-del-servicio-de-agua-en-Carabobo-2-768x431.jpeg 768w\" sizes=\"auto, (max-width: 1024px) 100vw, 1024px\" \/><\/p>\n","protected":false},"excerpt":{"rendered":"<p>El vicepresidente Sectorial de Obras P\u00fablicas y Servicios, G\/J N\u00e9stor Reverol, inform\u00f3 que pr\u00f3ximamente se completar\u00e1 la rehabilitaci\u00f3n de la<\/p>\n","protected":false},"author":12,"featured_media":86927,"comment_status":"open","ping_status":"open","sticky":false,"template":"","format":"standard","meta":{"footnotes":""},"categories":[30],"tags":[],"class_list":["post-86913","post","type-post","status-publish","format-standard","has-post-thumbnail","hentry","category-regionales"],"_links":{"self":[{"href":"https:\/\/mppee.gob.ve\/index.php?rest_route=\/wp\/v2\/posts\/86913","targetHints":{"allow":["GET"]}}],"collection":[{"href":"https:\/\/mppee.gob.ve\/index.php?rest_route=\/wp\/v2\/posts"}],"about":[{"href":"https:\/\/mppee.gob.ve\/index.php?rest_route=\/wp\/v2\/types\/post"}],"author":[{"embeddable":true,"href":"https:\/\/mppee.gob.ve\/index.php?rest_route=\/wp\/v2\/users\/12"}],"replies":[{"embeddable":true,"href":"https:\/\/mppee.gob.ve\/index.php?rest_route=%2Fwp%2Fv2%2Fcomments&post=86913"}],"version-history":[{"count":1,"href":"https:\/\/mppee.gob.ve\/index.php?rest_route=\/wp\/v2\/posts\/86913\/revisions"}],"predecessor-version":[{"id":86929,"href":"https:\/\/mppee.gob.ve\/index.php?rest_route=\/wp\/v2\/posts\/86913\/revisions\/86929"}],"wp:featuredmedia":[{"embeddable":true,"href":"https:\/\/mppee.gob.ve\/index.php?rest_route=\/wp\/v2\/media\/86927"}],"wp:attachment":[{"href":"https:\/\/mppee.gob.ve\/index.php?rest_route=%2Fwp%2Fv2%2Fmedia&parent=86913"}],"wp:term":[{"taxonomy":"category","embeddable":true,"href":"https:\/\/mppee.gob.ve\/index.php?rest_route=%2Fwp%2Fv2%2Fcategories&post=86913"},{"taxonomy":"post_tag","embeddable":true,"href":"https:\/\/mppee.gob.ve\/index.php?rest_route=%2Fwp%2Fv2%2Ftags&post=86913"}],"curies":[{"name":"wp","href":"https:\/\/api.w.org\/{rel}","templated":true}]}}