{"id":86930,"date":"2022-05-04T13:04:00","date_gmt":"2022-05-04T13:04:00","guid":{"rendered":"http:\/\/10.200.87.50\/mppee\/?p=86930"},"modified":"2022-05-05T13:16:18","modified_gmt":"2022-05-05T13:16:18","slug":"microplanta-de-gas-beneficiara-a-familias-en-carabobo","status":"publish","type":"post","link":"https:\/\/mppee.gob.ve\/?p=86930","title":{"rendered":"Microplanta de gas beneficiar\u00e1 a familias en Carabobo"},"content":{"rendered":"<p style=\"text-align: justify;\"><img loading=\"lazy\" decoding=\"async\" class=\"size-medium wp-image-86932 alignleft\" src=\"http:\/\/10.200.87.50\/mppee\/wp-content\/uploads\/2022\/05\/Microplanta-de-gas-beneficiar\u00e1-a-familias-en-Carabobo-2-300x200.jpg\" alt=\"\" width=\"300\" height=\"200\" srcset=\"https:\/\/mppee.gob.ve\/wp-content\/uploads\/2022\/05\/Microplanta-de-gas-beneficiar\u00e1-a-familias-en-Carabobo-2-300x200.jpg 300w, https:\/\/mppee.gob.ve\/wp-content\/uploads\/2022\/05\/Microplanta-de-gas-beneficiar\u00e1-a-familias-en-Carabobo-2-768x512.jpg 768w, https:\/\/mppee.gob.ve\/wp-content\/uploads\/2022\/05\/Microplanta-de-gas-beneficiar\u00e1-a-familias-en-Carabobo-2.jpg 912w\" sizes=\"auto, (max-width: 300px) 100vw, 300px\" \/>Como parte del Congreso Nacional de Servicios, cap\u00edtulo Carabobo, el vicepresidente sectorial de Obras P\u00fablicas y Servicios, G\/J N\u00e9stor Reverol, inaugur\u00f3 una micro planta de gas, que abastecer\u00e1 diariamente a 700 familias en 17 sectores del municipio Puerto Cabello.<\/p>\n<p><strong>\u201cEsta mini planta es un logro de los habitantes del sector Libertad y una iniciativa que estamos tomando como modelo para aplicarlo en otras regiones del territorio nacional, y as\u00ed bajar los ciclos de distribuci\u00f3n de este servicio\u201d<\/strong>, manifest\u00f3 Reverol Torres.<\/p>\n<p><img loading=\"lazy\" decoding=\"async\" class=\"size-medium wp-image-86931 alignright\" src=\"http:\/\/10.200.87.50\/mppee\/wp-content\/uploads\/2022\/05\/Microplanta-de-gas-beneficiar\u00e1-a-familias-en-Carabobo-1-300x200.jpg\" alt=\"\" width=\"300\" height=\"200\" srcset=\"https:\/\/mppee.gob.ve\/wp-content\/uploads\/2022\/05\/Microplanta-de-gas-beneficiar\u00e1-a-familias-en-Carabobo-1-300x200.jpg 300w, https:\/\/mppee.gob.ve\/wp-content\/uploads\/2022\/05\/Microplanta-de-gas-beneficiar\u00e1-a-familias-en-Carabobo-1-1024x683.jpg 1024w, https:\/\/mppee.gob.ve\/wp-content\/uploads\/2022\/05\/Microplanta-de-gas-beneficiar\u00e1-a-familias-en-Carabobo-1-768x512.jpg 768w, https:\/\/mppee.gob.ve\/wp-content\/uploads\/2022\/05\/Microplanta-de-gas-beneficiar\u00e1-a-familias-en-Carabobo-1.jpg 1080w\" sizes=\"auto, (max-width: 300px) 100vw, 300px\" \/>De igual manera, inform\u00f3 la puesta en marcha de un complejo deportivo, cultural, recreativo, educativo y de salud, para la parroquia Juan Jos\u00e9 Flores, que constituye un trabajo articulado entre el Gobierno nacional, estadal, local y el Poder Popular.<\/p>\n<p>El tambi\u00e9n titular del Ministerio para la Energ\u00eda El\u00e9ctrica, estuvo en compa\u00f1\u00eda del gobernador del estado Carabobo, Rafael Lacava, el alcalde de la localidad, Juan Carlos Betancourt y la presidenta de Pdvsa Gas Comunal, Caryl Bertho.<\/p>\n<p><strong>Prensa Vpsops<\/strong><\/p>\n<p><img loading=\"lazy\" decoding=\"async\" class=\"alignnone wp-image-86933 size-full\" src=\"http:\/\/10.200.87.50\/mppee\/wp-content\/uploads\/2022\/05\/Microplanta-de-gas-beneficiar\u00e1-a-familias-en-Carabobo-3.jpg\" alt=\"\" width=\"1080\" height=\"729\" srcset=\"https:\/\/mppee.gob.ve\/wp-content\/uploads\/2022\/05\/Microplanta-de-gas-beneficiar\u00e1-a-familias-en-Carabobo-3.jpg 1080w, https:\/\/mppee.gob.ve\/wp-content\/uploads\/2022\/05\/Microplanta-de-gas-beneficiar\u00e1-a-familias-en-Carabobo-3-300x203.jpg 300w, https:\/\/mppee.gob.ve\/wp-content\/uploads\/2022\/05\/Microplanta-de-gas-beneficiar\u00e1-a-familias-en-Carabobo-3-1024x691.jpg 1024w, https:\/\/mppee.gob.ve\/wp-content\/uploads\/2022\/05\/Microplanta-de-gas-beneficiar\u00e1-a-familias-en-Carabobo-3-768x518.jpg 768w\" sizes=\"auto, (max-width: 1080px) 100vw, 1080px\" \/><\/p>\n","protected":false},"excerpt":{"rendered":"<p>Como parte del Congreso Nacional de Servicios, cap\u00edtulo Carabobo, el vicepresidente sectorial de Obras P\u00fablicas y Servicios, G\/J N\u00e9stor Reverol,<\/p>\n","protected":false},"author":12,"featured_media":86934,"comment_status":"open","ping_status":"open","sticky":false,"template":"","format":"standard","meta":{"footnotes":""},"categories":[30],"tags":[],"class_list":["post-86930","post","type-post","status-publish","format-standard","has-post-thumbnail","hentry","category-regionales"],"_links":{"self":[{"href":"https:\/\/mppee.gob.ve\/index.php?rest_route=\/wp\/v2\/posts\/86930","targetHints":{"allow":["GET"]}}],"collection":[{"href":"https:\/\/mppee.gob.ve\/index.php?rest_route=\/wp\/v2\/posts"}],"about":[{"href":"https:\/\/mppee.gob.ve\/index.php?rest_route=\/wp\/v2\/types\/post"}],"author":[{"embeddable":true,"href":"https:\/\/mppee.gob.ve\/index.php?rest_route=\/wp\/v2\/users\/12"}],"replies":[{"embeddable":true,"href":"https:\/\/mppee.gob.ve\/index.php?rest_route=%2Fwp%2Fv2%2Fcomments&post=86930"}],"version-history":[{"count":1,"href":"https:\/\/mppee.gob.ve\/index.php?rest_route=\/wp\/v2\/posts\/86930\/revisions"}],"predecessor-version":[{"id":86935,"href":"https:\/\/mppee.gob.ve\/index.php?rest_route=\/wp\/v2\/posts\/86930\/revisions\/86935"}],"wp:featuredmedia":[{"embeddable":true,"href":"https:\/\/mppee.gob.ve\/index.php?rest_route=\/wp\/v2\/media\/86934"}],"wp:attachment":[{"href":"https:\/\/mppee.gob.ve\/index.php?rest_route=%2Fwp%2Fv2%2Fmedia&parent=86930"}],"wp:term":[{"taxonomy":"category","embeddable":true,"href":"https:\/\/mppee.gob.ve\/index.php?rest_route=%2Fwp%2Fv2%2Fcategories&post=86930"},{"taxonomy":"post_tag","embeddable":true,"href":"https:\/\/mppee.gob.ve\/index.php?rest_route=%2Fwp%2Fv2%2Ftags&post=86930"}],"curies":[{"name":"wp","href":"https:\/\/api.w.org\/{rel}","templated":true}]}}