{"id":86936,"date":"2022-05-04T13:19:00","date_gmt":"2022-05-04T13:19:00","guid":{"rendered":"http:\/\/10.200.87.50\/mppee\/?p=86936"},"modified":"2022-05-05T13:26:38","modified_gmt":"2022-05-05T13:26:38","slug":"rehabilitan-cuatro-unidades-de-la-planta-de-generacion-termocarabobo-ii","status":"publish","type":"post","link":"https:\/\/mppee.gob.ve\/?p=86936","title":{"rendered":"Rehabilitan cuatro unidades de la Planta de Generaci\u00f3n Termocarabobo II"},"content":{"rendered":"<p style=\"text-align: justify;\"><img loading=\"lazy\" decoding=\"async\" class=\"size-medium wp-image-86942 alignleft\" src=\"http:\/\/10.200.87.50\/mppee\/wp-content\/uploads\/2022\/05\/Rehabilitan-cuatro-unidades-de-la-Planta-de-Generaci\u00f3n-Termocarabobo-II-6-300x200.jpg\" alt=\"\" width=\"300\" height=\"200\" srcset=\"https:\/\/mppee.gob.ve\/wp-content\/uploads\/2022\/05\/Rehabilitan-cuatro-unidades-de-la-Planta-de-Generaci\u00f3n-Termocarabobo-II-6-300x200.jpg 300w, https:\/\/mppee.gob.ve\/wp-content\/uploads\/2022\/05\/Rehabilitan-cuatro-unidades-de-la-Planta-de-Generaci\u00f3n-Termocarabobo-II-6-768x512.jpg 768w, https:\/\/mppee.gob.ve\/wp-content\/uploads\/2022\/05\/Rehabilitan-cuatro-unidades-de-la-Planta-de-Generaci\u00f3n-Termocarabobo-II-6.jpg 912w\" sizes=\"auto, (max-width: 300px) 100vw, 300px\" \/>El vicepresidente Sectorial de Obras P\u00fablicas y Servicios, G\/J N\u00e9stor Reverol, junto al gobernador del estado Carabobo, Rafael Lacava, verificaron los avances del proceso de rehabilitaci\u00f3n de las unidades de la Planta de Generaci\u00f3n Termocarabobo II.<\/p>\n<p><strong>\u201cEstamos rehabilitando las cuatro unidades que est\u00e1n instaladas de 150 megavatios cada una, para un total de 600 megavatios; en este momento la Unidad N\u00b03 presenta un 62% de avance\u201d<\/strong>, afirm\u00f3 Reverol Torres.<\/p>\n<p><img loading=\"lazy\" decoding=\"async\" class=\"size-medium wp-image-86941 alignright\" src=\"http:\/\/10.200.87.50\/mppee\/wp-content\/uploads\/2022\/05\/Rehabilitan-cuatro-unidades-de-la-Planta-de-Generaci\u00f3n-Termocarabobo-II-5-300x200.jpg\" alt=\"\" width=\"300\" height=\"200\" srcset=\"https:\/\/mppee.gob.ve\/wp-content\/uploads\/2022\/05\/Rehabilitan-cuatro-unidades-de-la-Planta-de-Generaci\u00f3n-Termocarabobo-II-5-300x200.jpg 300w, https:\/\/mppee.gob.ve\/wp-content\/uploads\/2022\/05\/Rehabilitan-cuatro-unidades-de-la-Planta-de-Generaci\u00f3n-Termocarabobo-II-5-768x512.jpg 768w, https:\/\/mppee.gob.ve\/wp-content\/uploads\/2022\/05\/Rehabilitan-cuatro-unidades-de-la-Planta-de-Generaci\u00f3n-Termocarabobo-II-5.jpg 912w\" sizes=\"auto, (max-width: 300px) 100vw, 300px\" \/>Indic\u00f3 que \u00a0se desarrolla un plan especial para la recuperaci\u00f3n de la Unidad N\u00b0 6 de Planta Centro que fortalecer\u00e1 el Sistema El\u00e9ctrico Nacional con 600 megavatios m\u00e1s. <strong>\u201cTambi\u00e9n efectuamos un plan de mantenimiento de las subestaciones de transmisi\u00f3n y distribuci\u00f3n en la entidad\u201d<\/strong>, coment\u00f3.<\/p>\n<p>Adem\u00e1s, entreg\u00f3 100 transformadores y 100 mil bombillos tipo LED al Gobernador de la entidad, para ser distribuidos al Poder Popular organizado.<\/p>\n<p><strong><img loading=\"lazy\" decoding=\"async\" class=\"size-medium wp-image-86939 alignleft\" src=\"http:\/\/10.200.87.50\/mppee\/wp-content\/uploads\/2022\/05\/Rehabilitan-cuatro-unidades-de-la-Planta-de-Generaci\u00f3n-Termocarabobo-II-3-300x239.jpg\" alt=\"\" width=\"300\" height=\"239\" srcset=\"https:\/\/mppee.gob.ve\/wp-content\/uploads\/2022\/05\/Rehabilitan-cuatro-unidades-de-la-Planta-de-Generaci\u00f3n-Termocarabobo-II-3-300x239.jpg 300w, https:\/\/mppee.gob.ve\/wp-content\/uploads\/2022\/05\/Rehabilitan-cuatro-unidades-de-la-Planta-de-Generaci\u00f3n-Termocarabobo-II-3-1024x817.jpg 1024w, https:\/\/mppee.gob.ve\/wp-content\/uploads\/2022\/05\/Rehabilitan-cuatro-unidades-de-la-Planta-de-Generaci\u00f3n-Termocarabobo-II-3-768x613.jpg 768w, https:\/\/mppee.gob.ve\/wp-content\/uploads\/2022\/05\/Rehabilitan-cuatro-unidades-de-la-Planta-de-Generaci\u00f3n-Termocarabobo-II-3.jpg 1080w\" sizes=\"auto, (max-width: 300px) 100vw, 300px\" \/>\u201cAsimismo, estamos dotando a la fuerza trabajadora con m\u00e1s de 7 mil 400 piezas de uniformes y repuestos al igual que 11 mil herramientas para el Plan Pica, Poda y Tala\u201d<\/strong>, finaliz\u00f3.<\/p>\n<p><strong>Prensa Vpsops<\/strong><\/p>\n<p><img loading=\"lazy\" decoding=\"async\" class=\"alignnone wp-image-86938 size-full\" src=\"http:\/\/10.200.87.50\/mppee\/wp-content\/uploads\/2022\/05\/Rehabilitan-cuatro-unidades-de-la-Planta-de-Generaci\u00f3n-Termocarabobo-II-2.jpg\" alt=\"\" width=\"912\" height=\"608\" srcset=\"https:\/\/mppee.gob.ve\/wp-content\/uploads\/2022\/05\/Rehabilitan-cuatro-unidades-de-la-Planta-de-Generaci\u00f3n-Termocarabobo-II-2.jpg 912w, https:\/\/mppee.gob.ve\/wp-content\/uploads\/2022\/05\/Rehabilitan-cuatro-unidades-de-la-Planta-de-Generaci\u00f3n-Termocarabobo-II-2-300x200.jpg 300w, https:\/\/mppee.gob.ve\/wp-content\/uploads\/2022\/05\/Rehabilitan-cuatro-unidades-de-la-Planta-de-Generaci\u00f3n-Termocarabobo-II-2-768x512.jpg 768w\" sizes=\"auto, (max-width: 912px) 100vw, 912px\" \/> <img loading=\"lazy\" decoding=\"async\" class=\"alignnone wp-image-86937 size-full\" src=\"http:\/\/10.200.87.50\/mppee\/wp-content\/uploads\/2022\/05\/Rehabilitan-cuatro-unidades-de-la-Planta-de-Generaci\u00f3n-Termocarabobo-II-1.jpg\" alt=\"\" width=\"912\" height=\"608\" srcset=\"https:\/\/mppee.gob.ve\/wp-content\/uploads\/2022\/05\/Rehabilitan-cuatro-unidades-de-la-Planta-de-Generaci\u00f3n-Termocarabobo-II-1.jpg 912w, https:\/\/mppee.gob.ve\/wp-content\/uploads\/2022\/05\/Rehabilitan-cuatro-unidades-de-la-Planta-de-Generaci\u00f3n-Termocarabobo-II-1-300x200.jpg 300w, https:\/\/mppee.gob.ve\/wp-content\/uploads\/2022\/05\/Rehabilitan-cuatro-unidades-de-la-Planta-de-Generaci\u00f3n-Termocarabobo-II-1-768x512.jpg 768w\" sizes=\"auto, (max-width: 912px) 100vw, 912px\" \/><\/p>\n","protected":false},"excerpt":{"rendered":"<p>El vicepresidente Sectorial de Obras P\u00fablicas y Servicios, G\/J N\u00e9stor Reverol, junto al gobernador del estado Carabobo, Rafael Lacava, verificaron<\/p>\n","protected":false},"author":12,"featured_media":86940,"comment_status":"open","ping_status":"open","sticky":false,"template":"","format":"standard","meta":{"footnotes":""},"categories":[30],"tags":[],"class_list":["post-86936","post","type-post","status-publish","format-standard","has-post-thumbnail","hentry","category-regionales"],"_links":{"self":[{"href":"https:\/\/mppee.gob.ve\/index.php?rest_route=\/wp\/v2\/posts\/86936","targetHints":{"allow":["GET"]}}],"collection":[{"href":"https:\/\/mppee.gob.ve\/index.php?rest_route=\/wp\/v2\/posts"}],"about":[{"href":"https:\/\/mppee.gob.ve\/index.php?rest_route=\/wp\/v2\/types\/post"}],"author":[{"embeddable":true,"href":"https:\/\/mppee.gob.ve\/index.php?rest_route=\/wp\/v2\/users\/12"}],"replies":[{"embeddable":true,"href":"https:\/\/mppee.gob.ve\/index.php?rest_route=%2Fwp%2Fv2%2Fcomments&post=86936"}],"version-history":[{"count":1,"href":"https:\/\/mppee.gob.ve\/index.php?rest_route=\/wp\/v2\/posts\/86936\/revisions"}],"predecessor-version":[{"id":86943,"href":"https:\/\/mppee.gob.ve\/index.php?rest_route=\/wp\/v2\/posts\/86936\/revisions\/86943"}],"wp:featuredmedia":[{"embeddable":true,"href":"https:\/\/mppee.gob.ve\/index.php?rest_route=\/wp\/v2\/media\/86940"}],"wp:attachment":[{"href":"https:\/\/mppee.gob.ve\/index.php?rest_route=%2Fwp%2Fv2%2Fmedia&parent=86936"}],"wp:term":[{"taxonomy":"category","embeddable":true,"href":"https:\/\/mppee.gob.ve\/index.php?rest_route=%2Fwp%2Fv2%2Fcategories&post=86936"},{"taxonomy":"post_tag","embeddable":true,"href":"https:\/\/mppee.gob.ve\/index.php?rest_route=%2Fwp%2Fv2%2Ftags&post=86936"}],"curies":[{"name":"wp","href":"https:\/\/api.w.org\/{rel}","templated":true}]}}